{"id":96435,"date":"2024-04-23T12:59:09","date_gmt":"2024-04-23T10:59:09","guid":{"rendered":"https:\/\/renneritalia.com\/salone-del-mobile-2024-il-mattone-soppianta-il-marmo\/"},"modified":"2024-04-23T13:21:49","modified_gmt":"2024-04-23T11:21:49","slug":"salone-del-mobile-2024-il-mattone-soppianta-il-marmo","status":"publish","type":"post","link":"https:\/\/renneritalia.com\/fr\/salone-del-mobile-2024-il-mattone-soppianta-il-marmo\/","title":{"rendered":"Salone del Mobile 2024 : la brique supplante le marbre"},"content":{"rendered":"\t\t<div data-elementor-type=\"wp-post\" data-elementor-id=\"96435\" class=\"elementor elementor-96435 elementor-96344\" data-elementor-post-type=\"post\">\n\t\t\t\t<div class=\"has_eae_slider elementor-element elementor-element-6d1e124 e-flex e-con-boxed e-con e-parent\" data-eae-slider=\"64738\" data-id=\"6d1e124\" data-element_type=\"container\" data-e-type=\"container\" data-settings=\"{&quot;jet_parallax_layout_list&quot;:[]}\">\n\t\t\t\t\t<div class=\"e-con-inner\">\n\t\t<div class=\"has_eae_slider elementor-element elementor-element-cd198e3 e-flex e-con-boxed e-con e-child\" data-eae-slider=\"99578\" data-id=\"cd198e3\" data-element_type=\"container\" data-e-type=\"container\" data-settings=\"{&quot;jet_parallax_layout_list&quot;:[]}\">\n\t\t\t\t\t<div class=\"e-con-inner\">\n\t\t<div class=\"has_eae_slider elementor-element elementor-element-4a22a5d e-con-full e-flex e-con e-child\" data-eae-slider=\"73650\" data-id=\"4a22a5d\" data-element_type=\"container\" data-e-type=\"container\" data-settings=\"{&quot;background_background&quot;:&quot;classic&quot;,&quot;jet_parallax_layout_list&quot;:[]}\">\n\t\t\t\t<div class=\"elementor-element elementor-element-3bfe4e0 elementor-widget elementor-widget-spacer\" data-id=\"3bfe4e0\" data-element_type=\"widget\" data-e-type=\"widget\" data-widget_type=\"spacer.default\">\n\t\t\t\t<div class=\"elementor-widget-container\">\n\t\t\t\t\t\t\t<div class=\"elementor-spacer\">\n\t\t\t<div class=\"elementor-spacer-inner\"><\/div>\n\t\t<\/div>\n\t\t\t\t\t\t<\/div>\n\t\t\t\t<\/div>\n\t\t\t\t<\/div>\n\t\t<div class=\"has_eae_slider elementor-element elementor-element-5e6ccac e-flex e-con-boxed e-con e-child\" data-eae-slider=\"4869\" data-id=\"5e6ccac\" data-element_type=\"container\" data-e-type=\"container\" data-settings=\"{&quot;jet_parallax_layout_list&quot;:[]}\">\n\t\t\t\t\t<div class=\"e-con-inner\">\n\t\t\t\t<div class=\"elementor-element elementor-element-e9c1e9f elementor-widget elementor-widget-text-editor\" data-id=\"e9c1e9f\" data-element_type=\"widget\" data-e-type=\"widget\" data-widget_type=\"text-editor.default\">\n\t\t\t\t<div class=\"elementor-widget-container\">\n\t\t\t\t\t\t\t\t\t<p>Une multitude de visiteurs a ramen\u00e9 le <a href=\"https:\/\/www.salonemilano.it\/it\" target=\"_blank\" rel=\"noopener\">Salone del Mobile de Milan<\/a> \u00e0 ses gloires d&rsquo;avant la pand\u00e9mie. La 62e \u00e9dition, pr\u00e9vue la semaine derni\u00e8re, a enregistr\u00e9 une augmentation de 17 % par rapport \u00e0 la fr\u00e9quentation de 2023. Au total, 361 417 billets ont \u00e9t\u00e9 vendus \u00e0 Rho Fiera, pas trop loin du record de 2018 (434 000 billets). En ce qui concerne les op\u00e9rateurs, 65 % venaient de l&rsquo;\u00e9tranger, avec un retour significatif de la Chine suivi par l&rsquo;Allemagne, l&rsquo;Espagne, le Br\u00e9sil, la France et les \u00c9tats-Unis.   <\/p>\n\t\t\t\t\t\t\t\t<\/div>\n\t\t\t\t<\/div>\n\t\t\t\t\t<\/div>\n\t\t\t\t<\/div>\n\t\t\t\t\t<\/div>\n\t\t\t\t<\/div>\n\t\t\t\t<div class=\"elementor-element elementor-element-8244e88 elementor-widget elementor-widget-image\" data-id=\"8244e88\" data-element_type=\"widget\" data-e-type=\"widget\" data-widget_type=\"image.default\">\n\t\t\t\t<div class=\"elementor-widget-container\">\n\t\t\t\t\t\t\t\t\t\t\t\t\t\t\t<img fetchpriority=\"high\" decoding=\"async\" width=\"1024\" height=\"1024\" src=\"https:\/\/renneritalia.com\/wp-content\/uploads\/2024\/04\/moodboard.jpg\" class=\"attachment-full size-full wp-image-96425\" alt=\"\" srcset=\"https:\/\/renneritalia.com\/wp-content\/uploads\/2024\/04\/moodboard.jpg 1024w, https:\/\/renneritalia.com\/wp-content\/uploads\/2024\/04\/moodboard-300x300.jpg 300w, https:\/\/renneritalia.com\/wp-content\/uploads\/2024\/04\/moodboard-150x150.jpg 150w, https:\/\/renneritalia.com\/wp-content\/uploads\/2024\/04\/moodboard-768x768.jpg 768w\" sizes=\"(max-width: 1024px) 100vw, 1024px\" \/>\t\t\t\t\t\t\t\t\t\t\t\t\t\t\t<\/div>\n\t\t\t\t<\/div>\n\t\t\t\t<div class=\"elementor-element elementor-element-ddb24c8 elementor-widget elementor-widget-heading\" data-id=\"ddb24c8\" data-element_type=\"widget\" data-e-type=\"widget\" data-widget_type=\"heading.default\">\n\t\t\t\t<div class=\"elementor-widget-container\">\n\t\t\t\t\t<h4 class=\"elementor-heading-title elementor-size-default\">La palette<\/h4>\t\t\t\t<\/div>\n\t\t\t\t<\/div>\n\t\t\t\t<div class=\"elementor-element elementor-element-19513eb elementor-widget elementor-widget-text-editor\" data-id=\"19513eb\" data-element_type=\"widget\" data-e-type=\"widget\" data-widget_type=\"text-editor.default\">\n\t\t\t\t<div class=\"elementor-widget-container\">\n\t\t\t\t\t\t\t\t\t<p>Les protagonistes de l&rsquo;\u00e9dition 2024 \u00e9taient les tons chauds de la terre, avec la brique et le rouge oxyde en t\u00eate, suivis par la rouille et l&rsquo;ocre. Ces nuances ont \u00e9t\u00e9 trouv\u00e9es sur de nombreuses surfaces, aussi bien dans les ameublements int\u00e9rieurs qu&rsquo;ext\u00e9rieurs, surtout dans les versions brillantes. Les designers se sont d\u00e9cha\u00een\u00e9s avec des combinaisons utilisant des essences naturelles compl\u00e8tement mates, en particulier le ch\u00eane, le fr\u00eane et le noyer Canaletto.     <\/p>\n\t\t\t\t\t\t\t\t<\/div>\n\t\t\t\t<\/div>\n\t\t\t\t<div class=\"elementor-element elementor-element-bd3dc2c elementor-widget elementor-widget-gallery\" data-id=\"bd3dc2c\" data-element_type=\"widget\" data-e-type=\"widget\" data-settings=\"{&quot;columns&quot;:3,&quot;lazyload&quot;:&quot;yes&quot;,&quot;gallery_layout&quot;:&quot;grid&quot;,&quot;columns_tablet&quot;:2,&quot;columns_mobile&quot;:1,&quot;gap&quot;:{&quot;unit&quot;:&quot;px&quot;,&quot;size&quot;:10,&quot;sizes&quot;:[]},&quot;gap_tablet&quot;:{&quot;unit&quot;:&quot;px&quot;,&quot;size&quot;:10,&quot;sizes&quot;:[]},&quot;gap_mobile&quot;:{&quot;unit&quot;:&quot;px&quot;,&quot;size&quot;:10,&quot;sizes&quot;:[]},&quot;link_to&quot;:&quot;file&quot;,&quot;aspect_ratio&quot;:&quot;3:2&quot;,&quot;overlay_background&quot;:&quot;yes&quot;,&quot;content_hover_animation&quot;:&quot;fade-in&quot;}\" data-widget_type=\"gallery.default\">\n\t\t\t\t<div class=\"elementor-widget-container\">\n\t\t\t\t\t\t\t<div class=\"elementor-gallery__container\">\n\t\t\t\t\t\t\t<a class=\"e-gallery-item elementor-gallery-item elementor-animated-content\" href=\"https:\/\/renneritalia.com\/wp-content\/uploads\/2024\/04\/FOTO-2.webp\" data-elementor-open-lightbox=\"yes\" data-elementor-lightbox-slideshow=\"bd3dc2c\" data-elementor-lightbox-title=\"FOTO 2\" data-e-action-hash=\"#elementor-action%3Aaction%3Dlightbox%26settings%3DeyJpZCI6OTYzNjgsInVybCI6Imh0dHBzOlwvXC9yZW5uZXJpdGFsaWEuY29tXC93cC1jb250ZW50XC91cGxvYWRzXC8yMDI0XC8wNFwvRk9UTy0yLndlYnAiLCJzbGlkZXNob3ciOiJiZDNkYzJjIn0%3D\">\n\t\t\t\t\t<div class=\"e-gallery-image elementor-gallery-item__image\" data-thumbnail=\"https:\/\/renneritalia.com\/wp-content\/uploads\/2024\/04\/FOTO-2.webp\" data-width=\"1024\" data-height=\"1024\" aria-label=\"\" role=\"img\" ><\/div>\n\t\t\t\t\t\t\t\t\t\t\t<div class=\"elementor-gallery-item__overlay\"><\/div>\n\t\t\t\t\t\t\t\t\t\t\t\t\t\t<\/a>\n\t\t\t\t\t\t\t<a class=\"e-gallery-item elementor-gallery-item elementor-animated-content\" href=\"https:\/\/renneritalia.com\/wp-content\/uploads\/2024\/04\/FOTO-3.jpg\" data-elementor-open-lightbox=\"yes\" data-elementor-lightbox-slideshow=\"bd3dc2c\" data-elementor-lightbox-title=\"FOTO 3\" data-e-action-hash=\"#elementor-action%3Aaction%3Dlightbox%26settings%3DeyJpZCI6OTYzNzMsInVybCI6Imh0dHBzOlwvXC9yZW5uZXJpdGFsaWEuY29tXC93cC1jb250ZW50XC91cGxvYWRzXC8yMDI0XC8wNFwvRk9UTy0zLmpwZyIsInNsaWRlc2hvdyI6ImJkM2RjMmMifQ%3D%3D\">\n\t\t\t\t\t<div class=\"e-gallery-image elementor-gallery-item__image\" data-thumbnail=\"https:\/\/renneritalia.com\/wp-content\/uploads\/2024\/04\/FOTO-3.jpg\" data-width=\"1024\" data-height=\"1024\" aria-label=\"\" role=\"img\" ><\/div>\n\t\t\t\t\t\t\t\t\t\t\t<div class=\"elementor-gallery-item__overlay\"><\/div>\n\t\t\t\t\t\t\t\t\t\t\t\t\t\t<\/a>\n\t\t\t\t\t\t\t<a class=\"e-gallery-item elementor-gallery-item elementor-animated-content\" href=\"https:\/\/renneritalia.com\/wp-content\/uploads\/2024\/04\/FOTO-4.webp\" data-elementor-open-lightbox=\"yes\" data-elementor-lightbox-slideshow=\"bd3dc2c\" data-elementor-lightbox-title=\"FOTO 4\" data-e-action-hash=\"#elementor-action%3Aaction%3Dlightbox%26settings%3DeyJpZCI6OTYzNzgsInVybCI6Imh0dHBzOlwvXC9yZW5uZXJpdGFsaWEuY29tXC93cC1jb250ZW50XC91cGxvYWRzXC8yMDI0XC8wNFwvRk9UTy00LndlYnAiLCJzbGlkZXNob3ciOiJiZDNkYzJjIn0%3D\">\n\t\t\t\t\t<div class=\"e-gallery-image elementor-gallery-item__image\" data-thumbnail=\"https:\/\/renneritalia.com\/wp-content\/uploads\/2024\/04\/FOTO-4.webp\" data-width=\"1024\" data-height=\"1024\" aria-label=\"\" role=\"img\" ><\/div>\n\t\t\t\t\t\t\t\t\t\t\t<div class=\"elementor-gallery-item__overlay\"><\/div>\n\t\t\t\t\t\t\t\t\t\t\t\t\t\t<\/a>\n\t\t\t\t\t<\/div>\n\t\t\t\t\t<\/div>\n\t\t\t\t<\/div>\n\t\t\t\t<div class=\"elementor-element elementor-element-515577f elementor-widget elementor-widget-heading\" data-id=\"515577f\" data-element_type=\"widget\" data-e-type=\"widget\" data-widget_type=\"heading.default\">\n\t\t\t\t<div class=\"elementor-widget-container\">\n\t\t\t\t\t<h4 class=\"elementor-heading-title elementor-size-default\">Acteurs non protagonistes<\/h4>\t\t\t\t<\/div>\n\t\t\t\t<\/div>\n\t\t\t\t<div class=\"elementor-element elementor-element-7d947de elementor-widget elementor-widget-text-editor\" data-id=\"7d947de\" data-element_type=\"widget\" data-e-type=\"widget\" data-widget_type=\"text-editor.default\">\n\t\t\t\t<div class=\"elementor-widget-container\">\n\t\t\t\t\t\t\t\t\t<p>Les tons pastel, appel\u00e9s tons \u00ab\u00a0poussi\u00e9reux\u00a0\u00bb, \u00e9taient \u00e9galement r\u00e9currents. \u00c0 savoir, la sauge, la poudre et le bleu poudre, strictement en versions mates. Ces couleurs \u00e9taient particuli\u00e8rement appr\u00e9ci\u00e9es pour leur compl\u00e9mentarit\u00e9. Nous les appelons \u00ab\u00a0poussi\u00e9reux\u00a0\u00bb pour la composante grise qui transmet des sensations de confort et de d\u00e9tente. Avec l&rsquo;utilisation habile du gris, le vert devient sauge, le rose devient poudre et le bleu se r\u00e9sout en bleu poudre.      <\/p>\n\t\t\t\t\t\t\t\t<\/div>\n\t\t\t\t<\/div>\n\t\t\t\t<div class=\"elementor-element elementor-element-c51cc00 elementor-widget elementor-widget-gallery\" data-id=\"c51cc00\" data-element_type=\"widget\" data-e-type=\"widget\" data-settings=\"{&quot;columns&quot;:1,&quot;lazyload&quot;:&quot;yes&quot;,&quot;gallery_layout&quot;:&quot;grid&quot;,&quot;columns_tablet&quot;:2,&quot;columns_mobile&quot;:1,&quot;gap&quot;:{&quot;unit&quot;:&quot;px&quot;,&quot;size&quot;:10,&quot;sizes&quot;:[]},&quot;gap_tablet&quot;:{&quot;unit&quot;:&quot;px&quot;,&quot;size&quot;:10,&quot;sizes&quot;:[]},&quot;gap_mobile&quot;:{&quot;unit&quot;:&quot;px&quot;,&quot;size&quot;:10,&quot;sizes&quot;:[]},&quot;link_to&quot;:&quot;file&quot;,&quot;aspect_ratio&quot;:&quot;3:2&quot;,&quot;overlay_background&quot;:&quot;yes&quot;,&quot;content_hover_animation&quot;:&quot;fade-in&quot;}\" data-widget_type=\"gallery.default\">\n\t\t\t\t<div class=\"elementor-widget-container\">\n\t\t\t\t\t\t\t<div class=\"elementor-gallery__container\">\n\t\t\t\t\t\t\t<a class=\"e-gallery-item elementor-gallery-item elementor-animated-content\" href=\"https:\/\/renneritalia.com\/wp-content\/uploads\/2024\/04\/FOTO-5.webp\" data-elementor-open-lightbox=\"yes\" data-elementor-lightbox-slideshow=\"c51cc00\" data-elementor-lightbox-title=\"FOTO 5\" data-e-action-hash=\"#elementor-action%3Aaction%3Dlightbox%26settings%3DeyJpZCI6OTYzODMsInVybCI6Imh0dHBzOlwvXC9yZW5uZXJpdGFsaWEuY29tXC93cC1jb250ZW50XC91cGxvYWRzXC8yMDI0XC8wNFwvRk9UTy01LndlYnAiLCJzbGlkZXNob3ciOiJjNTFjYzAwIn0%3D\">\n\t\t\t\t\t<div class=\"e-gallery-image elementor-gallery-item__image\" data-thumbnail=\"https:\/\/renneritalia.com\/wp-content\/uploads\/2024\/04\/FOTO-5.webp\" data-width=\"1024\" data-height=\"1024\" aria-label=\"\" role=\"img\" ><\/div>\n\t\t\t\t\t\t\t\t\t\t\t<div class=\"elementor-gallery-item__overlay\"><\/div>\n\t\t\t\t\t\t\t\t\t\t\t\t\t\t<\/a>\n\t\t\t\t\t<\/div>\n\t\t\t\t\t<\/div>\n\t\t\t\t<\/div>\n\t\t\t\t<div class=\"elementor-element elementor-element-982fb65 elementor-widget elementor-widget-heading\" data-id=\"982fb65\" data-element_type=\"widget\" data-e-type=\"widget\" data-widget_type=\"heading.default\">\n\t\t\t\t<div class=\"elementor-widget-container\">\n\t\t\t\t\t<h4 class=\"elementor-heading-title elementor-size-default\">La recherche du luxe<\/h4>\t\t\t\t<\/div>\n\t\t\t\t<\/div>\n\t\t\t\t<div class=\"elementor-element elementor-element-6ab9b42 elementor-widget elementor-widget-text-editor\" data-id=\"6ab9b42\" data-element_type=\"widget\" data-e-type=\"widget\" data-widget_type=\"text-editor.default\">\n\t\t\t\t<div class=\"elementor-widget-container\">\n\t\t\t\t\t\t\t\t\t<p>Le Salone del Mobile se positionne de plus en plus comme un conteneur de luxe, repr\u00e9sentant pour le mobilier ce que la Fashion Week est pour le secteur de la mode. Dans ce contexte, la finition joue un r\u00f4le crucial : le m\u00e9tal griff\u00e9 est parmi les effets les plus pris\u00e9s. Parmi les mat\u00e9riaux, le verre fum\u00e9 givr\u00e9 accompagne le m\u00e9tal et les laques. Le marbre, qui avait domin\u00e9 l&rsquo;\u00e9dition pr\u00e9c\u00e9dente, semble avoir \u00e9t\u00e9 rang\u00e9 au grenier.    <\/p>\n\t\t\t\t\t\t\t\t<\/div>\n\t\t\t\t<\/div>\n\t\t\t\t<div class=\"elementor-element elementor-element-467777a elementor-widget elementor-widget-gallery\" data-id=\"467777a\" data-element_type=\"widget\" data-e-type=\"widget\" data-settings=\"{&quot;columns&quot;:1,&quot;lazyload&quot;:&quot;yes&quot;,&quot;gallery_layout&quot;:&quot;grid&quot;,&quot;columns_tablet&quot;:2,&quot;columns_mobile&quot;:1,&quot;gap&quot;:{&quot;unit&quot;:&quot;px&quot;,&quot;size&quot;:10,&quot;sizes&quot;:[]},&quot;gap_tablet&quot;:{&quot;unit&quot;:&quot;px&quot;,&quot;size&quot;:10,&quot;sizes&quot;:[]},&quot;gap_mobile&quot;:{&quot;unit&quot;:&quot;px&quot;,&quot;size&quot;:10,&quot;sizes&quot;:[]},&quot;link_to&quot;:&quot;file&quot;,&quot;aspect_ratio&quot;:&quot;3:2&quot;,&quot;overlay_background&quot;:&quot;yes&quot;,&quot;content_hover_animation&quot;:&quot;fade-in&quot;}\" data-widget_type=\"gallery.default\">\n\t\t\t\t<div class=\"elementor-widget-container\">\n\t\t\t\t\t\t\t<div class=\"elementor-gallery__container\">\n\t\t\t\t\t\t\t<a class=\"e-gallery-item elementor-gallery-item elementor-animated-content\" href=\"https:\/\/renneritalia.com\/wp-content\/uploads\/2024\/04\/foto-6.webp\" data-elementor-open-lightbox=\"yes\" data-elementor-lightbox-slideshow=\"467777a\" data-elementor-lightbox-title=\"foto 6\" data-e-action-hash=\"#elementor-action%3Aaction%3Dlightbox%26settings%3DeyJpZCI6OTY0MDQsInVybCI6Imh0dHBzOlwvXC9yZW5uZXJpdGFsaWEuY29tXC93cC1jb250ZW50XC91cGxvYWRzXC8yMDI0XC8wNFwvZm90by02LndlYnAiLCJzbGlkZXNob3ciOiI0Njc3NzdhIn0%3D\">\n\t\t\t\t\t<div class=\"e-gallery-image elementor-gallery-item__image\" data-thumbnail=\"https:\/\/renneritalia.com\/wp-content\/uploads\/2024\/04\/foto-6.webp\" data-width=\"1024\" data-height=\"1024\" aria-label=\"\" role=\"img\" ><\/div>\n\t\t\t\t\t\t\t\t\t\t\t<div class=\"elementor-gallery-item__overlay\"><\/div>\n\t\t\t\t\t\t\t\t\t\t\t\t\t\t<\/a>\n\t\t\t\t\t<\/div>\n\t\t\t\t\t<\/div>\n\t\t\t\t<\/div>\n\t\t\t\t<div class=\"elementor-element elementor-element-5fc16ff elementor-widget elementor-widget-heading\" data-id=\"5fc16ff\" data-element_type=\"widget\" data-e-type=\"widget\" data-widget_type=\"heading.default\">\n\t\t\t\t<div class=\"elementor-widget-container\">\n\t\t\t\t\t<h4 class=\"elementor-heading-title elementor-size-default\">L'ann\u00e9e des cuisines<\/h4>\t\t\t\t<\/div>\n\t\t\t\t<\/div>\n\t\t\t\t<div class=\"elementor-element elementor-element-9c390b7 elementor-widget elementor-widget-text-editor\" data-id=\"9c390b7\" data-element_type=\"widget\" data-e-type=\"widget\" data-widget_type=\"text-editor.default\">\n\t\t\t\t<div class=\"elementor-widget-container\">\n\t\t\t\t\t\t\t\t\t<p>2024 a \u00e9galement marqu\u00e9 le retour d&rsquo;Eurocucina. Nous notons une tendance qui promet d&rsquo;\u00eatre le leitmotif dans la composition des espaces. La p\u00e9ninsule devient tout englobante : acqu\u00e9rant des dimensions importantes pour prendre d\u00e9finitivement le r\u00f4le de diviseur avec le salon. De nombreuses marques ont \u00e9galement propos\u00e9 des cuisines ext\u00e9rieures. Pas seulement de simples barbecues, mais de v\u00e9ritables concepts d&rsquo;int\u00e9rieur traduits en ext\u00e9rieur.    <\/p>\n\t\t\t\t\t\t\t\t<\/div>\n\t\t\t\t<\/div>\n\t\t\t\t<div class=\"elementor-element elementor-element-68e9d04 elementor-widget elementor-widget-gallery\" data-id=\"68e9d04\" data-element_type=\"widget\" data-e-type=\"widget\" data-settings=\"{&quot;columns&quot;:2,&quot;lazyload&quot;:&quot;yes&quot;,&quot;gallery_layout&quot;:&quot;grid&quot;,&quot;columns_tablet&quot;:2,&quot;columns_mobile&quot;:1,&quot;gap&quot;:{&quot;unit&quot;:&quot;px&quot;,&quot;size&quot;:10,&quot;sizes&quot;:[]},&quot;gap_tablet&quot;:{&quot;unit&quot;:&quot;px&quot;,&quot;size&quot;:10,&quot;sizes&quot;:[]},&quot;gap_mobile&quot;:{&quot;unit&quot;:&quot;px&quot;,&quot;size&quot;:10,&quot;sizes&quot;:[]},&quot;link_to&quot;:&quot;file&quot;,&quot;aspect_ratio&quot;:&quot;3:2&quot;,&quot;overlay_background&quot;:&quot;yes&quot;,&quot;content_hover_animation&quot;:&quot;fade-in&quot;}\" data-widget_type=\"gallery.default\">\n\t\t\t\t<div class=\"elementor-widget-container\">\n\t\t\t\t\t\t\t<div class=\"elementor-gallery__container\">\n\t\t\t\t\t\t\t<a class=\"e-gallery-item elementor-gallery-item elementor-animated-content\" href=\"https:\/\/renneritalia.com\/wp-content\/uploads\/2024\/04\/FOTO-8.webp\" data-elementor-open-lightbox=\"yes\" data-elementor-lightbox-slideshow=\"68e9d04\" data-elementor-lightbox-title=\"FOTO 8\" data-e-action-hash=\"#elementor-action%3Aaction%3Dlightbox%26settings%3DeyJpZCI6OTYzODgsInVybCI6Imh0dHBzOlwvXC9yZW5uZXJpdGFsaWEuY29tXC93cC1jb250ZW50XC91cGxvYWRzXC8yMDI0XC8wNFwvRk9UTy04LndlYnAiLCJzbGlkZXNob3ciOiI2OGU5ZDA0In0%3D\">\n\t\t\t\t\t<div class=\"e-gallery-image elementor-gallery-item__image\" data-thumbnail=\"https:\/\/renneritalia.com\/wp-content\/uploads\/2024\/04\/FOTO-8.webp\" data-width=\"1024\" data-height=\"1024\" aria-label=\"\" role=\"img\" ><\/div>\n\t\t\t\t\t\t\t\t\t\t\t<div class=\"elementor-gallery-item__overlay\"><\/div>\n\t\t\t\t\t\t\t\t\t\t\t\t\t\t<\/a>\n\t\t\t\t\t\t\t<a class=\"e-gallery-item elementor-gallery-item elementor-animated-content\" href=\"https:\/\/renneritalia.com\/wp-content\/uploads\/2024\/04\/FOTO-7.webp\" data-elementor-open-lightbox=\"yes\" data-elementor-lightbox-slideshow=\"68e9d04\" data-elementor-lightbox-title=\"FOTO 7\" data-e-action-hash=\"#elementor-action%3Aaction%3Dlightbox%26settings%3DeyJpZCI6OTYzOTMsInVybCI6Imh0dHBzOlwvXC9yZW5uZXJpdGFsaWEuY29tXC93cC1jb250ZW50XC91cGxvYWRzXC8yMDI0XC8wNFwvRk9UTy03LndlYnAiLCJzbGlkZXNob3ciOiI2OGU5ZDA0In0%3D\">\n\t\t\t\t\t<div class=\"e-gallery-image elementor-gallery-item__image\" data-thumbnail=\"https:\/\/renneritalia.com\/wp-content\/uploads\/2024\/04\/FOTO-7.webp\" data-width=\"1024\" data-height=\"1024\" aria-label=\"\" role=\"img\" ><\/div>\n\t\t\t\t\t\t\t\t\t\t\t<div class=\"elementor-gallery-item__overlay\"><\/div>\n\t\t\t\t\t\t\t\t\t\t\t\t\t\t<\/a>\n\t\t\t\t\t<\/div>\n\t\t\t\t\t<\/div>\n\t\t\t\t<\/div>\n\t\t\t\t<div class=\"elementor-element elementor-element-7cd4a87 elementor-widget elementor-widget-heading\" data-id=\"7cd4a87\" data-element_type=\"widget\" data-e-type=\"widget\" data-widget_type=\"heading.default\">\n\t\t\t\t<div class=\"elementor-widget-container\">\n\t\t\t\t\t<h4 class=\"elementor-heading-title elementor-size-default\">Formes et D\u00e9tails<\/h4>\t\t\t\t<\/div>\n\t\t\t\t<\/div>\n\t\t\t\t<div class=\"elementor-element elementor-element-be82c97 elementor-widget elementor-widget-text-editor\" data-id=\"be82c97\" data-element_type=\"widget\" data-e-type=\"widget\" data-widget_type=\"text-editor.default\">\n\t\t\t\t<div class=\"elementor-widget-container\">\n\t\t\t\t\t\t\t\t\t<p>Avec plus de conviction qu&rsquo;il y a douze mois, les designers se sont orient\u00e9s vers des formes arrondies, douces et accueillantes. Les angles disparaissent des canap\u00e9s, des chaises, des tables et des meubles en g\u00e9n\u00e9ral. Nous avons \u00e9galement vu l&rsquo;entrelacement de diff\u00e9rents mat\u00e9riaux dans la composition de si\u00e8ges uniques.  <br \/>Une nouveaut\u00e9 pour avril 2024, ce sont les finitions cannel\u00e9es (boiseries \u00e0 lattes \u00e9troites) tant pour les cuisines que pour les buffets. Les combinaisons de tables basses de salon de formes, tailles et finitions diff\u00e9rentes \u00e9taient \u00e9galement int\u00e9ressantes. Enfin, nous notons que certaines marques importantes utilisent des pieds en cristal aussi bien pour les lits que pour les tables, recherchant la l\u00e9g\u00e8ret\u00e9 et l&rsquo;invisibilit\u00e9.   <\/p>\n\t\t\t\t\t\t\t\t<\/div>\n\t\t\t\t<\/div>\n\t\t\t\t<div class=\"elementor-element elementor-element-cc49bcd elementor-widget elementor-widget-text-editor\" data-id=\"cc49bcd\" data-element_type=\"widget\" data-e-type=\"widget\" data-widget_type=\"text-editor.default\">\n\t\t\t\t<div class=\"elementor-widget-container\">\n\t\t\t\t\t\t\t\t\t<p><em>Images g\u00e9n\u00e9r\u00e9es par l&rsquo;IA<\/em><\/p>\n\t\t\t\t\t\t\t\t<\/div>\n\t\t\t\t<\/div>\n\t\t\t\t\t<\/div>\n\t\t\t\t<\/div>\n\t\t\t\t<\/div>\n\t\t","protected":false},"excerpt":{"rendered":"<p>Les tons chauds de la terre sont les vedettes de l&rsquo;\u00e9dition 2024, avec la brique et le rouge oxyde jouant les premiers r\u00f4les, suivis de pr\u00e8s par la rouille et l&rsquo;ocre.  <\/p>\n","protected":false},"author":7,"featured_media":96348,"comment_status":"closed","ping_status":"closed","sticky":false,"template":"","format":"standard","meta":{"footnotes":""},"categories":[5],"tags":[],"class_list":["post-96435","post","type-post","status-publish","format-standard","has-post-thumbnail","hentry","category-renner-blog-fr"],"yoast_head":"<!-- This site is optimized with the Yoast SEO plugin v27.5 - https:\/\/yoast.com\/product\/yoast-seo-wordpress\/ -->\n<title>Salone del Mobile 2024 : la brique supplante le marbre - Renner Italia<\/title>\n<meta name=\"robots\" content=\"index, follow, max-snippet:-1, max-image-preview:large, max-video-preview:-1\" \/>\n<link rel=\"canonical\" href=\"https:\/\/renneritalia.com\/fr\/salone-del-mobile-2024-il-mattone-soppianta-il-marmo\/\" \/>\n<meta property=\"og:locale\" content=\"fr_FR\" \/>\n<meta property=\"og:type\" content=\"article\" \/>\n<meta property=\"og:title\" content=\"Salone del Mobile 2024 : la brique supplante le marbre - Renner Italia\" \/>\n<meta property=\"og:description\" content=\"Les tons chauds de la terre sont les vedettes de l&#039;\u00e9dition 2024, avec la brique et le rouge oxyde jouant les premiers r\u00f4les, suivis de pr\u00e8s par la rouille et l&#039;ocre.\" \/>\n<meta property=\"og:url\" content=\"https:\/\/renneritalia.com\/fr\/salone-del-mobile-2024-il-mattone-soppianta-il-marmo\/\" \/>\n<meta property=\"og:site_name\" content=\"Renner Italia\" \/>\n<meta property=\"article:published_time\" content=\"2024-04-23T10:59:09+00:00\" \/>\n<meta property=\"article:modified_time\" content=\"2024-04-23T11:21:49+00:00\" \/>\n<meta property=\"og:image\" content=\"https:\/\/renneritalia.com\/wp-content\/uploads\/2024\/04\/FOTO-ANTEPRIMA.jpeg\" \/>\n\t<meta property=\"og:image:width\" content=\"1024\" \/>\n\t<meta property=\"og:image:height\" content=\"1024\" \/>\n\t<meta property=\"og:image:type\" content=\"image\/jpeg\" \/>\n<meta name=\"author\" content=\"Developer\" \/>\n<meta name=\"twitter:card\" content=\"summary_large_image\" \/>\n<meta name=\"twitter:label1\" content=\"\u00c9crit par\" \/>\n\t<meta name=\"twitter:data1\" content=\"Developer\" \/>\n\t<meta name=\"twitter:label2\" content=\"Dur\u00e9e de lecture estim\u00e9e\" \/>\n\t<meta name=\"twitter:data2\" content=\"3 minutes\" \/>\n<script type=\"application\/ld+json\" class=\"yoast-schema-graph\">{\"@context\":\"https:\\\/\\\/schema.org\",\"@graph\":[{\"@type\":\"Article\",\"@id\":\"https:\\\/\\\/renneritalia.com\\\/fr\\\/salone-del-mobile-2024-il-mattone-soppianta-il-marmo\\\/#article\",\"isPartOf\":{\"@id\":\"https:\\\/\\\/renneritalia.com\\\/fr\\\/salone-del-mobile-2024-il-mattone-soppianta-il-marmo\\\/\"},\"author\":{\"name\":\"Developer\",\"@id\":\"https:\\\/\\\/renneritalia.com\\\/#\\\/schema\\\/person\\\/2b55983c242bb8bca0fc96b0953ee07a\"},\"headline\":\"Salone del Mobile 2024 : la brique supplante le marbre\",\"datePublished\":\"2024-04-23T10:59:09+00:00\",\"dateModified\":\"2024-04-23T11:21:49+00:00\",\"mainEntityOfPage\":{\"@id\":\"https:\\\/\\\/renneritalia.com\\\/fr\\\/salone-del-mobile-2024-il-mattone-soppianta-il-marmo\\\/\"},\"wordCount\":566,\"publisher\":{\"@id\":\"https:\\\/\\\/renneritalia.com\\\/#organization\"},\"image\":{\"@id\":\"https:\\\/\\\/renneritalia.com\\\/fr\\\/salone-del-mobile-2024-il-mattone-soppianta-il-marmo\\\/#primaryimage\"},\"thumbnailUrl\":\"https:\\\/\\\/renneritalia.com\\\/wp-content\\\/uploads\\\/2024\\\/04\\\/FOTO-ANTEPRIMA.jpeg\",\"articleSection\":[\"Renner Blog\"],\"inLanguage\":\"fr-FR\"},{\"@type\":\"WebPage\",\"@id\":\"https:\\\/\\\/renneritalia.com\\\/fr\\\/salone-del-mobile-2024-il-mattone-soppianta-il-marmo\\\/\",\"url\":\"https:\\\/\\\/renneritalia.com\\\/fr\\\/salone-del-mobile-2024-il-mattone-soppianta-il-marmo\\\/\",\"name\":\"Salone del Mobile 2024 : la brique supplante le marbre - Renner Italia\",\"isPartOf\":{\"@id\":\"https:\\\/\\\/renneritalia.com\\\/#website\"},\"primaryImageOfPage\":{\"@id\":\"https:\\\/\\\/renneritalia.com\\\/fr\\\/salone-del-mobile-2024-il-mattone-soppianta-il-marmo\\\/#primaryimage\"},\"image\":{\"@id\":\"https:\\\/\\\/renneritalia.com\\\/fr\\\/salone-del-mobile-2024-il-mattone-soppianta-il-marmo\\\/#primaryimage\"},\"thumbnailUrl\":\"https:\\\/\\\/renneritalia.com\\\/wp-content\\\/uploads\\\/2024\\\/04\\\/FOTO-ANTEPRIMA.jpeg\",\"datePublished\":\"2024-04-23T10:59:09+00:00\",\"dateModified\":\"2024-04-23T11:21:49+00:00\",\"breadcrumb\":{\"@id\":\"https:\\\/\\\/renneritalia.com\\\/fr\\\/salone-del-mobile-2024-il-mattone-soppianta-il-marmo\\\/#breadcrumb\"},\"inLanguage\":\"fr-FR\",\"potentialAction\":[{\"@type\":\"ReadAction\",\"target\":[\"https:\\\/\\\/renneritalia.com\\\/fr\\\/salone-del-mobile-2024-il-mattone-soppianta-il-marmo\\\/\"]}]},{\"@type\":\"ImageObject\",\"inLanguage\":\"fr-FR\",\"@id\":\"https:\\\/\\\/renneritalia.com\\\/fr\\\/salone-del-mobile-2024-il-mattone-soppianta-il-marmo\\\/#primaryimage\",\"url\":\"https:\\\/\\\/renneritalia.com\\\/wp-content\\\/uploads\\\/2024\\\/04\\\/FOTO-ANTEPRIMA.jpeg\",\"contentUrl\":\"https:\\\/\\\/renneritalia.com\\\/wp-content\\\/uploads\\\/2024\\\/04\\\/FOTO-ANTEPRIMA.jpeg\",\"width\":1024,\"height\":1024},{\"@type\":\"BreadcrumbList\",\"@id\":\"https:\\\/\\\/renneritalia.com\\\/fr\\\/salone-del-mobile-2024-il-mattone-soppianta-il-marmo\\\/#breadcrumb\",\"itemListElement\":[{\"@type\":\"ListItem\",\"position\":1,\"name\":\"Home\",\"item\":\"https:\\\/\\\/renneritalia.com\\\/fr\\\/\"},{\"@type\":\"ListItem\",\"position\":2,\"name\":\"Salone del Mobile 2024 : la brique supplante le marbre\"}]},{\"@type\":\"WebSite\",\"@id\":\"https:\\\/\\\/renneritalia.com\\\/#website\",\"url\":\"https:\\\/\\\/renneritalia.com\\\/\",\"name\":\"Renner Italia\",\"description\":\"Coatings\",\"publisher\":{\"@id\":\"https:\\\/\\\/renneritalia.com\\\/#organization\"},\"potentialAction\":[{\"@type\":\"SearchAction\",\"target\":{\"@type\":\"EntryPoint\",\"urlTemplate\":\"https:\\\/\\\/renneritalia.com\\\/?s={search_term_string}\"},\"query-input\":{\"@type\":\"PropertyValueSpecification\",\"valueRequired\":true,\"valueName\":\"search_term_string\"}}],\"inLanguage\":\"fr-FR\"},{\"@type\":\"Organization\",\"@id\":\"https:\\\/\\\/renneritalia.com\\\/#organization\",\"name\":\"Renner Italia\",\"url\":\"https:\\\/\\\/renneritalia.com\\\/\",\"logo\":{\"@type\":\"ImageObject\",\"inLanguage\":\"fr-FR\",\"@id\":\"https:\\\/\\\/renneritalia.com\\\/#\\\/schema\\\/logo\\\/image\\\/\",\"url\":\"https:\\\/\\\/renneritalia.com\\\/wp-content\\\/uploads\\\/2025\\\/03\\\/logo_renner_italia.svg\",\"contentUrl\":\"https:\\\/\\\/renneritalia.com\\\/wp-content\\\/uploads\\\/2025\\\/03\\\/logo_renner_italia.svg\",\"caption\":\"Renner Italia\"},\"image\":{\"@id\":\"https:\\\/\\\/renneritalia.com\\\/#\\\/schema\\\/logo\\\/image\\\/\"}},{\"@type\":\"Person\",\"@id\":\"https:\\\/\\\/renneritalia.com\\\/#\\\/schema\\\/person\\\/2b55983c242bb8bca0fc96b0953ee07a\",\"name\":\"Developer\",\"image\":{\"@type\":\"ImageObject\",\"inLanguage\":\"fr-FR\",\"@id\":\"https:\\\/\\\/secure.gravatar.com\\\/avatar\\\/75827445886b10456c49d0746eecca232159a239bd272d6e522b9ff49457f88d?s=96&d=mm&r=g\",\"url\":\"https:\\\/\\\/secure.gravatar.com\\\/avatar\\\/75827445886b10456c49d0746eecca232159a239bd272d6e522b9ff49457f88d?s=96&d=mm&r=g\",\"contentUrl\":\"https:\\\/\\\/secure.gravatar.com\\\/avatar\\\/75827445886b10456c49d0746eecca232159a239bd272d6e522b9ff49457f88d?s=96&d=mm&r=g\",\"caption\":\"Developer\"},\"url\":\"https:\\\/\\\/renneritalia.com\\\/fr\\\/author\\\/marco-ruisi\\\/\"}]}<\/script>\n<!-- \/ Yoast SEO plugin. -->","yoast_head_json":{"title":"Salone del Mobile 2024 : la brique supplante le marbre - Renner Italia","robots":{"index":"index","follow":"follow","max-snippet":"max-snippet:-1","max-image-preview":"max-image-preview:large","max-video-preview":"max-video-preview:-1"},"canonical":"https:\/\/renneritalia.com\/fr\/salone-del-mobile-2024-il-mattone-soppianta-il-marmo\/","og_locale":"fr_FR","og_type":"article","og_title":"Salone del Mobile 2024 : la brique supplante le marbre - Renner Italia","og_description":"Les tons chauds de la terre sont les vedettes de l'\u00e9dition 2024, avec la brique et le rouge oxyde jouant les premiers r\u00f4les, suivis de pr\u00e8s par la rouille et l'ocre.","og_url":"https:\/\/renneritalia.com\/fr\/salone-del-mobile-2024-il-mattone-soppianta-il-marmo\/","og_site_name":"Renner Italia","article_published_time":"2024-04-23T10:59:09+00:00","article_modified_time":"2024-04-23T11:21:49+00:00","og_image":[{"width":1024,"height":1024,"url":"https:\/\/renneritalia.com\/wp-content\/uploads\/2024\/04\/FOTO-ANTEPRIMA.jpeg","type":"image\/jpeg"}],"author":"Developer","twitter_card":"summary_large_image","twitter_misc":{"\u00c9crit par":"Developer","Dur\u00e9e de lecture estim\u00e9e":"3 minutes"},"schema":{"@context":"https:\/\/schema.org","@graph":[{"@type":"Article","@id":"https:\/\/renneritalia.com\/fr\/salone-del-mobile-2024-il-mattone-soppianta-il-marmo\/#article","isPartOf":{"@id":"https:\/\/renneritalia.com\/fr\/salone-del-mobile-2024-il-mattone-soppianta-il-marmo\/"},"author":{"name":"Developer","@id":"https:\/\/renneritalia.com\/#\/schema\/person\/2b55983c242bb8bca0fc96b0953ee07a"},"headline":"Salone del Mobile 2024 : la brique supplante le marbre","datePublished":"2024-04-23T10:59:09+00:00","dateModified":"2024-04-23T11:21:49+00:00","mainEntityOfPage":{"@id":"https:\/\/renneritalia.com\/fr\/salone-del-mobile-2024-il-mattone-soppianta-il-marmo\/"},"wordCount":566,"publisher":{"@id":"https:\/\/renneritalia.com\/#organization"},"image":{"@id":"https:\/\/renneritalia.com\/fr\/salone-del-mobile-2024-il-mattone-soppianta-il-marmo\/#primaryimage"},"thumbnailUrl":"https:\/\/renneritalia.com\/wp-content\/uploads\/2024\/04\/FOTO-ANTEPRIMA.jpeg","articleSection":["Renner Blog"],"inLanguage":"fr-FR"},{"@type":"WebPage","@id":"https:\/\/renneritalia.com\/fr\/salone-del-mobile-2024-il-mattone-soppianta-il-marmo\/","url":"https:\/\/renneritalia.com\/fr\/salone-del-mobile-2024-il-mattone-soppianta-il-marmo\/","name":"Salone del Mobile 2024 : la brique supplante le marbre - Renner Italia","isPartOf":{"@id":"https:\/\/renneritalia.com\/#website"},"primaryImageOfPage":{"@id":"https:\/\/renneritalia.com\/fr\/salone-del-mobile-2024-il-mattone-soppianta-il-marmo\/#primaryimage"},"image":{"@id":"https:\/\/renneritalia.com\/fr\/salone-del-mobile-2024-il-mattone-soppianta-il-marmo\/#primaryimage"},"thumbnailUrl":"https:\/\/renneritalia.com\/wp-content\/uploads\/2024\/04\/FOTO-ANTEPRIMA.jpeg","datePublished":"2024-04-23T10:59:09+00:00","dateModified":"2024-04-23T11:21:49+00:00","breadcrumb":{"@id":"https:\/\/renneritalia.com\/fr\/salone-del-mobile-2024-il-mattone-soppianta-il-marmo\/#breadcrumb"},"inLanguage":"fr-FR","potentialAction":[{"@type":"ReadAction","target":["https:\/\/renneritalia.com\/fr\/salone-del-mobile-2024-il-mattone-soppianta-il-marmo\/"]}]},{"@type":"ImageObject","inLanguage":"fr-FR","@id":"https:\/\/renneritalia.com\/fr\/salone-del-mobile-2024-il-mattone-soppianta-il-marmo\/#primaryimage","url":"https:\/\/renneritalia.com\/wp-content\/uploads\/2024\/04\/FOTO-ANTEPRIMA.jpeg","contentUrl":"https:\/\/renneritalia.com\/wp-content\/uploads\/2024\/04\/FOTO-ANTEPRIMA.jpeg","width":1024,"height":1024},{"@type":"BreadcrumbList","@id":"https:\/\/renneritalia.com\/fr\/salone-del-mobile-2024-il-mattone-soppianta-il-marmo\/#breadcrumb","itemListElement":[{"@type":"ListItem","position":1,"name":"Home","item":"https:\/\/renneritalia.com\/fr\/"},{"@type":"ListItem","position":2,"name":"Salone del Mobile 2024 : la brique supplante le marbre"}]},{"@type":"WebSite","@id":"https:\/\/renneritalia.com\/#website","url":"https:\/\/renneritalia.com\/","name":"Renner Italia","description":"Coatings","publisher":{"@id":"https:\/\/renneritalia.com\/#organization"},"potentialAction":[{"@type":"SearchAction","target":{"@type":"EntryPoint","urlTemplate":"https:\/\/renneritalia.com\/?s={search_term_string}"},"query-input":{"@type":"PropertyValueSpecification","valueRequired":true,"valueName":"search_term_string"}}],"inLanguage":"fr-FR"},{"@type":"Organization","@id":"https:\/\/renneritalia.com\/#organization","name":"Renner Italia","url":"https:\/\/renneritalia.com\/","logo":{"@type":"ImageObject","inLanguage":"fr-FR","@id":"https:\/\/renneritalia.com\/#\/schema\/logo\/image\/","url":"https:\/\/renneritalia.com\/wp-content\/uploads\/2025\/03\/logo_renner_italia.svg","contentUrl":"https:\/\/renneritalia.com\/wp-content\/uploads\/2025\/03\/logo_renner_italia.svg","caption":"Renner Italia"},"image":{"@id":"https:\/\/renneritalia.com\/#\/schema\/logo\/image\/"}},{"@type":"Person","@id":"https:\/\/renneritalia.com\/#\/schema\/person\/2b55983c242bb8bca0fc96b0953ee07a","name":"Developer","image":{"@type":"ImageObject","inLanguage":"fr-FR","@id":"https:\/\/secure.gravatar.com\/avatar\/75827445886b10456c49d0746eecca232159a239bd272d6e522b9ff49457f88d?s=96&d=mm&r=g","url":"https:\/\/secure.gravatar.com\/avatar\/75827445886b10456c49d0746eecca232159a239bd272d6e522b9ff49457f88d?s=96&d=mm&r=g","contentUrl":"https:\/\/secure.gravatar.com\/avatar\/75827445886b10456c49d0746eecca232159a239bd272d6e522b9ff49457f88d?s=96&d=mm&r=g","caption":"Developer"},"url":"https:\/\/renneritalia.com\/fr\/author\/marco-ruisi\/"}]}},"_links":{"self":[{"href":"https:\/\/renneritalia.com\/fr\/wp-json\/wp\/v2\/posts\/96435","targetHints":{"allow":["GET"]}}],"collection":[{"href":"https:\/\/renneritalia.com\/fr\/wp-json\/wp\/v2\/posts"}],"about":[{"href":"https:\/\/renneritalia.com\/fr\/wp-json\/wp\/v2\/types\/post"}],"author":[{"embeddable":true,"href":"https:\/\/renneritalia.com\/fr\/wp-json\/wp\/v2\/users\/7"}],"replies":[{"embeddable":true,"href":"https:\/\/renneritalia.com\/fr\/wp-json\/wp\/v2\/comments?post=96435"}],"version-history":[{"count":3,"href":"https:\/\/renneritalia.com\/fr\/wp-json\/wp\/v2\/posts\/96435\/revisions"}],"predecessor-version":[{"id":96450,"href":"https:\/\/renneritalia.com\/fr\/wp-json\/wp\/v2\/posts\/96435\/revisions\/96450"}],"wp:featuredmedia":[{"embeddable":true,"href":"https:\/\/renneritalia.com\/fr\/wp-json\/wp\/v2\/media\/96348"}],"wp:attachment":[{"href":"https:\/\/renneritalia.com\/fr\/wp-json\/wp\/v2\/media?parent=96435"}],"wp:term":[{"taxonomy":"category","embeddable":true,"href":"https:\/\/renneritalia.com\/fr\/wp-json\/wp\/v2\/categories?post=96435"},{"taxonomy":"post_tag","embeddable":true,"href":"https:\/\/renneritalia.com\/fr\/wp-json\/wp\/v2\/tags?post=96435"}],"curies":[{"name":"wp","href":"https:\/\/api.w.org\/{rel}","templated":true}]}}