{"id":82901,"date":"2023-07-17T09:45:31","date_gmt":"2023-07-17T07:45:31","guid":{"rendered":"https:\/\/renneritalia.com\/un-campo-solare-di-8-000-mq-sui-tetti-di-renner-italia\/"},"modified":"2023-07-17T10:03:21","modified_gmt":"2023-07-17T08:03:21","slug":"un-campo-solare-di-8-000-mq-sui-tetti-di-renner-italia","status":"publish","type":"post","link":"https:\/\/renneritalia.com\/fr\/un-campo-solare-di-8-000-mq-sui-tetti-di-renner-italia\/","title":{"rendered":"Un champ solaire de 8 000 m sur les toits de Renner Italia"},"content":{"rendered":"\t\t<div data-elementor-type=\"wp-post\" data-elementor-id=\"82901\" class=\"elementor elementor-82901 elementor-82871\" data-elementor-post-type=\"post\">\n\t\t\t\t\t\t<section class=\"has_eae_slider elementor-section elementor-top-section elementor-element elementor-element-cb7db54 elementor-section-boxed elementor-section-height-default elementor-section-height-default\" data-eae-slider=\"26284\" data-id=\"cb7db54\" data-element_type=\"section\" data-e-type=\"section\" data-settings=\"{&quot;jet_parallax_layout_list&quot;:[]}\">\n\t\t\t\t\t\t<div class=\"elementor-container elementor-column-gap-default\">\n\t\t\t\t\t<div class=\"has_eae_slider elementor-column elementor-col-100 elementor-top-column elementor-element elementor-element-155f372\" data-eae-slider=\"49121\" data-id=\"155f372\" data-element_type=\"column\" data-e-type=\"column\">\n\t\t\t<div class=\"elementor-widget-wrap elementor-element-populated\">\n\t\t\t\t\t\t<div class=\"elementor-element elementor-element-1a7a066 elementor-widget elementor-widget-text-editor\" data-id=\"1a7a066\" data-element_type=\"widget\" data-e-type=\"widget\" data-widget_type=\"text-editor.default\">\n\t\t\t\t<div class=\"elementor-widget-container\">\n\t\t\t\t\t\t\t\t\t<p>Les \u00e9tablissements de production de Renner Italia \u00e0 Minerbio, dans la province de Bologne, sont depuis longtemps aliment\u00e9es par de l\u2019\u00e9lectricit\u00e9 provenant de sources renouvelables. Il s\u2019agit donc d\u2019\u00e9nergie hydro\u00e9lectrique, \u00e9olienne, solaire et de biomasse. Un choix, le n\u00f4tre, qui s\u2019inscrit dans le cadre d\u2019une politique industrielle qui veut jouer son r\u00f4le dans la lutte contre le changement climatique. Avec l\u2019extension du champ photovolta\u00efque sur ses toits, Renner Italia fait un nouveau pas en avant.   <\/p>\n<p>Un champ photovolta\u00efque de 8 000 m\u00e8tres carr\u00e9s s\u2019\u00e9tend d\u00e9sormais sur notre site de production. En termes d\u2019\u00e9lectricit\u00e9, cette infrastructure nous permettra de produire plus de 2 100 000 kWh par an. Un apport qui couvrira 40-45% des besoins de l\u2019entreprise. Les 60-55% restants continueront bien entendu \u00e0 \u00eatre couverts par de l\u2019\u00e9lectricit\u00e9 100% propre.   <\/p><\/p>\n\t\t\t\t\t\t\t\t<\/div>\n\t\t\t\t<\/div>\n\t\t\t\t<div class=\"elementor-element elementor-element-7e9443e elementor-widget elementor-widget-image\" data-id=\"7e9443e\" data-element_type=\"widget\" data-e-type=\"widget\" data-widget_type=\"image.default\">\n\t\t\t\t<div class=\"elementor-widget-container\">\n\t\t\t\t\t\t\t\t\t\t\t\t<figure class=\"wp-caption\">\n\t\t\t\t\t\t\t\t\t\t<img fetchpriority=\"high\" decoding=\"async\" width=\"800\" height=\"533\" src=\"https:\/\/renneritalia.com\/wp-content\/uploads\/2023\/07\/dji_0849_.jpg\" class=\"attachment-large size-large wp-image-82878\" alt=\"\" srcset=\"https:\/\/renneritalia.com\/wp-content\/uploads\/2023\/07\/dji_0849_.jpg 800w, https:\/\/renneritalia.com\/wp-content\/uploads\/2023\/07\/dji_0849_-300x200.jpg 300w, https:\/\/renneritalia.com\/wp-content\/uploads\/2023\/07\/dji_0849_-768x512.jpg 768w\" sizes=\"(max-width: 800px) 100vw, 800px\" \/>\t\t\t\t\t\t\t\t\t\t\t<figcaption class=\"widget-image-caption wp-caption-text\">Le site de Renner Italia vu du magasin de stockage<\/figcaption>\n\t\t\t\t\t\t\t\t\t\t<\/figure>\n\t\t\t\t\t\t\t\t\t<\/div>\n\t\t\t\t<\/div>\n\t\t\t\t<div class=\"elementor-element elementor-element-11205ff elementor-widget elementor-widget-image\" data-id=\"11205ff\" data-element_type=\"widget\" data-e-type=\"widget\" data-widget_type=\"image.default\">\n\t\t\t\t<div class=\"elementor-widget-container\">\n\t\t\t\t\t\t\t\t\t\t\t\t<figure class=\"wp-caption\">\n\t\t\t\t\t\t\t\t\t\t<img decoding=\"async\" width=\"800\" height=\"533\" src=\"https:\/\/renneritalia.com\/wp-content\/uploads\/2023\/07\/dji_0879.jpg\" class=\"attachment-large size-large wp-image-82882\" alt=\"\" srcset=\"https:\/\/renneritalia.com\/wp-content\/uploads\/2023\/07\/dji_0879.jpg 800w, https:\/\/renneritalia.com\/wp-content\/uploads\/2023\/07\/dji_0879-300x200.jpg 300w, https:\/\/renneritalia.com\/wp-content\/uploads\/2023\/07\/dji_0879-768x512.jpg 768w\" sizes=\"(max-width: 800px) 100vw, 800px\" \/>\t\t\t\t\t\t\t\t\t\t\t<figcaption class=\"widget-image-caption wp-caption-text\">A Minerbio 8000 mq di pannelli fotovoltaici<\/figcaption>\n\t\t\t\t\t\t\t\t\t\t<\/figure>\n\t\t\t\t\t\t\t\t\t<\/div>\n\t\t\t\t<\/div>\n\t\t\t\t<div class=\"elementor-element elementor-element-5dd4256 elementor-widget elementor-widget-text-editor\" data-id=\"5dd4256\" data-element_type=\"widget\" data-e-type=\"widget\" data-widget_type=\"text-editor.default\">\n\t\t\t\t<div class=\"elementor-widget-container\">\n\t\t\t\t\t\t\t\t\t<p>\u00c0 Minerbio, 8000 m\u00b2 de panneaux photovolta\u00efques<\/p>\n<p>Gr\u00e2ce \u00e0 notre champ photovolta\u00efque, nous pouvons \u00e9conomiser 2 000 tonnes de dioxyde de carbone par an. Pour rendre cette contribution tangible, consid\u00e9rez qu\u2019elle \u00e9quivaut \u00e0 120 vols Milan \u2013 Palerme, 510 voyages en voiture autour de la terre en passant par l\u2019\u00e9quateur. Ou, si vous pr\u00e9f\u00e9rez, c\u2019est comme planter 115 000 arbres. <\/p>\n\t\t\t\t\t\t\t\t<\/div>\n\t\t\t\t<\/div>\n\t\t\t\t<section class=\"has_eae_slider elementor-section elementor-inner-section elementor-element elementor-element-3b39667 elementor-section-boxed elementor-section-height-default elementor-section-height-default\" data-eae-slider=\"69034\" data-id=\"3b39667\" data-element_type=\"section\" data-e-type=\"section\" data-settings=\"{&quot;jet_parallax_layout_list&quot;:[]}\">\n\t\t\t\t\t\t<div class=\"elementor-container elementor-column-gap-default\">\n\t\t\t\t\t<div class=\"has_eae_slider elementor-column elementor-col-33 elementor-inner-column elementor-element elementor-element-395471a\" data-eae-slider=\"8884\" data-id=\"395471a\" data-element_type=\"column\" data-e-type=\"column\">\n\t\t\t<div class=\"elementor-widget-wrap elementor-element-populated\">\n\t\t\t\t\t\t<div class=\"elementor-element elementor-element-cf8e18c elementor-widget elementor-widget-image\" data-id=\"cf8e18c\" data-element_type=\"widget\" data-e-type=\"widget\" data-widget_type=\"image.default\">\n\t\t\t\t<div class=\"elementor-widget-container\">\n\t\t\t\t\t\t\t\t\t\t\t\t\t\t\t<img decoding=\"async\" width=\"501\" height=\"501\" src=\"https:\/\/renneritalia.com\/wp-content\/uploads\/2023\/07\/airplane.png\" class=\"attachment-full size-full wp-image-82887\" alt=\"\" srcset=\"https:\/\/renneritalia.com\/wp-content\/uploads\/2023\/07\/airplane.png 501w, https:\/\/renneritalia.com\/wp-content\/uploads\/2023\/07\/airplane-300x300.png 300w, https:\/\/renneritalia.com\/wp-content\/uploads\/2023\/07\/airplane-150x150.png 150w\" sizes=\"(max-width: 501px) 100vw, 501px\" \/>\t\t\t\t\t\t\t\t\t\t\t\t\t\t\t<\/div>\n\t\t\t\t<\/div>\n\t\t\t\t<div class=\"elementor-element elementor-element-f407814 elementor-widget elementor-widget-counter\" data-id=\"f407814\" data-element_type=\"widget\" data-e-type=\"widget\" data-widget_type=\"counter.default\">\n\t\t\t\t<div class=\"elementor-widget-container\">\n\t\t\t\t\t\t\t<div class=\"elementor-counter\">\n\t\t\t<div class=\"elementor-counter-title\">Milan-Palerme<\/div>\t\t\t<div class=\"elementor-counter-number-wrapper\">\n\t\t\t\t<span class=\"elementor-counter-number-prefix\"><\/span>\n\t\t\t\t<span class=\"elementor-counter-number\" data-duration=\"2000\" data-to-value=\"120\" data-from-value=\"0\" data-delimiter=\",\">0<\/span>\n\t\t\t\t<span class=\"elementor-counter-number-suffix\">Vols<\/span>\n\t\t\t<\/div>\n\t\t<\/div>\n\t\t\t\t\t\t<\/div>\n\t\t\t\t<\/div>\n\t\t\t\t\t<\/div>\n\t\t<\/div>\n\t\t\t\t<div class=\"has_eae_slider elementor-column elementor-col-33 elementor-inner-column elementor-element elementor-element-c4a9fa0\" data-eae-slider=\"40629\" data-id=\"c4a9fa0\" data-element_type=\"column\" data-e-type=\"column\">\n\t\t\t<div class=\"elementor-widget-wrap elementor-element-populated\">\n\t\t\t\t\t\t<div class=\"elementor-element elementor-element-1c3898f elementor-widget elementor-widget-image\" data-id=\"1c3898f\" data-element_type=\"widget\" data-e-type=\"widget\" data-widget_type=\"image.default\">\n\t\t\t\t<div class=\"elementor-widget-container\">\n\t\t\t\t\t\t\t\t\t\t\t\t\t\t\t<img loading=\"lazy\" decoding=\"async\" width=\"501\" height=\"501\" src=\"https:\/\/renneritalia.com\/wp-content\/uploads\/2023\/07\/car.png\" class=\"attachment-full size-full wp-image-82891\" alt=\"\" srcset=\"https:\/\/renneritalia.com\/wp-content\/uploads\/2023\/07\/car.png 501w, https:\/\/renneritalia.com\/wp-content\/uploads\/2023\/07\/car-300x300.png 300w, https:\/\/renneritalia.com\/wp-content\/uploads\/2023\/07\/car-150x150.png 150w\" sizes=\"(max-width: 501px) 100vw, 501px\" \/>\t\t\t\t\t\t\t\t\t\t\t\t\t\t\t<\/div>\n\t\t\t\t<\/div>\n\t\t\t\t<div class=\"elementor-element elementor-element-9431ae9 elementor-widget elementor-widget-counter\" data-id=\"9431ae9\" data-element_type=\"widget\" data-e-type=\"widget\" data-widget_type=\"counter.default\">\n\t\t\t\t<div class=\"elementor-widget-container\">\n\t\t\t\t\t\t\t<div class=\"elementor-counter\">\n\t\t\t<div class=\"elementor-counter-title\">en voiture autour de la terre<\/div>\t\t\t<div class=\"elementor-counter-number-wrapper\">\n\t\t\t\t<span class=\"elementor-counter-number-prefix\"><\/span>\n\t\t\t\t<span class=\"elementor-counter-number\" data-duration=\"2000\" data-to-value=\"510\" data-from-value=\"0\" data-delimiter=\",\">0<\/span>\n\t\t\t\t<span class=\"elementor-counter-number-suffix\">Voyages<\/span>\n\t\t\t<\/div>\n\t\t<\/div>\n\t\t\t\t\t\t<\/div>\n\t\t\t\t<\/div>\n\t\t\t\t\t<\/div>\n\t\t<\/div>\n\t\t\t\t<div class=\"has_eae_slider elementor-column elementor-col-33 elementor-inner-column elementor-element elementor-element-c277aaf\" data-eae-slider=\"95367\" data-id=\"c277aaf\" data-element_type=\"column\" data-e-type=\"column\">\n\t\t\t<div class=\"elementor-widget-wrap elementor-element-populated\">\n\t\t\t\t\t\t<div class=\"elementor-element elementor-element-017f3b5 elementor-widget elementor-widget-image\" data-id=\"017f3b5\" data-element_type=\"widget\" data-e-type=\"widget\" data-widget_type=\"image.default\">\n\t\t\t\t<div class=\"elementor-widget-container\">\n\t\t\t\t\t\t\t\t\t\t\t\t\t\t\t<img loading=\"lazy\" decoding=\"async\" width=\"501\" height=\"501\" src=\"https:\/\/renneritalia.com\/wp-content\/uploads\/2023\/07\/tree.png\" class=\"attachment-full size-full wp-image-82895\" alt=\"\" srcset=\"https:\/\/renneritalia.com\/wp-content\/uploads\/2023\/07\/tree.png 501w, https:\/\/renneritalia.com\/wp-content\/uploads\/2023\/07\/tree-300x300.png 300w, https:\/\/renneritalia.com\/wp-content\/uploads\/2023\/07\/tree-150x150.png 150w\" sizes=\"(max-width: 501px) 100vw, 501px\" \/>\t\t\t\t\t\t\t\t\t\t\t\t\t\t\t<\/div>\n\t\t\t\t<\/div>\n\t\t\t\t<div class=\"elementor-element elementor-element-ef15405 elementor-widget elementor-widget-counter\" data-id=\"ef15405\" data-element_type=\"widget\" data-e-type=\"widget\" data-widget_type=\"counter.default\">\n\t\t\t\t<div class=\"elementor-widget-container\">\n\t\t\t\t\t\t\t<div class=\"elementor-counter\">\n\t\t\t<div class=\"elementor-counter-title\">plant\u00e9s<\/div>\t\t\t<div class=\"elementor-counter-number-wrapper\">\n\t\t\t\t<span class=\"elementor-counter-number-prefix\"><\/span>\n\t\t\t\t<span class=\"elementor-counter-number\" data-duration=\"2000\" data-to-value=\"115000\" data-from-value=\"0\" data-delimiter=\",\">0<\/span>\n\t\t\t\t<span class=\"elementor-counter-number-suffix\">Arbres<\/span>\n\t\t\t<\/div>\n\t\t<\/div>\n\t\t\t\t\t\t<\/div>\n\t\t\t\t<\/div>\n\t\t\t\t\t<\/div>\n\t\t<\/div>\n\t\t\t\t\t<\/div>\n\t\t<\/section>\n\t\t\t\t\t<\/div>\n\t\t<\/div>\n\t\t\t\t\t<\/div>\n\t\t<\/section>\n\t\t\t\t<\/div>\n\t\t","protected":false},"excerpt":{"rendered":"<p>Les \u00e9tablissements de production de Renner Italia \u00e0 Minerbio, dans la province de Bologne, sont depuis longtemps aliment\u00e9es par de l&rsquo;\u00e9lectricit\u00e9 provenant de sources renouvelables.<\/p>\n","protected":false},"author":7,"featured_media":82874,"comment_status":"closed","ping_status":"closed","sticky":false,"template":"","format":"standard","meta":{"footnotes":""},"categories":[5],"tags":[],"class_list":["post-82901","post","type-post","status-publish","format-standard","has-post-thumbnail","hentry","category-renner-blog-fr"],"yoast_head":"<!-- This site is optimized with the Yoast SEO plugin v27.5 - https:\/\/yoast.com\/product\/yoast-seo-wordpress\/ -->\n<title>Un champ solaire de 8 000 m sur les toits de Renner Italia - Renner Italia<\/title>\n<meta name=\"robots\" content=\"index, follow, max-snippet:-1, max-image-preview:large, max-video-preview:-1\" \/>\n<link rel=\"canonical\" href=\"https:\/\/renneritalia.com\/fr\/un-campo-solare-di-8-000-mq-sui-tetti-di-renner-italia\/\" \/>\n<meta property=\"og:locale\" content=\"fr_FR\" \/>\n<meta property=\"og:type\" content=\"article\" \/>\n<meta property=\"og:title\" content=\"Un champ solaire de 8 000 m sur les toits de Renner Italia - Renner Italia\" \/>\n<meta property=\"og:description\" content=\"Les \u00e9tablissements de production de Renner Italia \u00e0 Minerbio, dans la province de Bologne, sont depuis longtemps aliment\u00e9es par de l&#039;\u00e9lectricit\u00e9 provenant de sources renouvelables.\" \/>\n<meta property=\"og:url\" content=\"https:\/\/renneritalia.com\/fr\/un-campo-solare-di-8-000-mq-sui-tetti-di-renner-italia\/\" \/>\n<meta property=\"og:site_name\" content=\"Renner Italia\" \/>\n<meta property=\"article:published_time\" content=\"2023-07-17T07:45:31+00:00\" \/>\n<meta property=\"article:modified_time\" content=\"2023-07-17T08:03:21+00:00\" \/>\n<meta property=\"og:image\" content=\"https:\/\/renneritalia.com\/wp-content\/uploads\/2023\/07\/campo-solare.jpg\" \/>\n\t<meta property=\"og:image:width\" content=\"1200\" \/>\n\t<meta property=\"og:image:height\" content=\"812\" \/>\n\t<meta property=\"og:image:type\" content=\"image\/jpeg\" \/>\n<meta name=\"author\" content=\"Developer\" \/>\n<meta name=\"twitter:card\" content=\"summary_large_image\" \/>\n<meta name=\"twitter:label1\" content=\"\u00c9crit par\" \/>\n\t<meta name=\"twitter:data1\" content=\"Developer\" \/>\n\t<meta name=\"twitter:label2\" content=\"Dur\u00e9e de lecture estim\u00e9e\" \/>\n\t<meta name=\"twitter:data2\" content=\"1 minute\" \/>\n<script type=\"application\/ld+json\" class=\"yoast-schema-graph\">{\"@context\":\"https:\\\/\\\/schema.org\",\"@graph\":[{\"@type\":\"Article\",\"@id\":\"https:\\\/\\\/renneritalia.com\\\/fr\\\/un-campo-solare-di-8-000-mq-sui-tetti-di-renner-italia\\\/#article\",\"isPartOf\":{\"@id\":\"https:\\\/\\\/renneritalia.com\\\/fr\\\/un-campo-solare-di-8-000-mq-sui-tetti-di-renner-italia\\\/\"},\"author\":{\"name\":\"Developer\",\"@id\":\"https:\\\/\\\/renneritalia.com\\\/#\\\/schema\\\/person\\\/2b55983c242bb8bca0fc96b0953ee07a\"},\"headline\":\"Un champ solaire de 8 000 m sur les toits de Renner Italia\",\"datePublished\":\"2023-07-17T07:45:31+00:00\",\"dateModified\":\"2023-07-17T08:03:21+00:00\",\"mainEntityOfPage\":{\"@id\":\"https:\\\/\\\/renneritalia.com\\\/fr\\\/un-campo-solare-di-8-000-mq-sui-tetti-di-renner-italia\\\/\"},\"wordCount\":238,\"publisher\":{\"@id\":\"https:\\\/\\\/renneritalia.com\\\/#organization\"},\"image\":{\"@id\":\"https:\\\/\\\/renneritalia.com\\\/fr\\\/un-campo-solare-di-8-000-mq-sui-tetti-di-renner-italia\\\/#primaryimage\"},\"thumbnailUrl\":\"https:\\\/\\\/renneritalia.com\\\/wp-content\\\/uploads\\\/2023\\\/07\\\/campo-solare.jpg\",\"articleSection\":[\"Renner Blog\"],\"inLanguage\":\"fr-FR\"},{\"@type\":\"WebPage\",\"@id\":\"https:\\\/\\\/renneritalia.com\\\/fr\\\/un-campo-solare-di-8-000-mq-sui-tetti-di-renner-italia\\\/\",\"url\":\"https:\\\/\\\/renneritalia.com\\\/fr\\\/un-campo-solare-di-8-000-mq-sui-tetti-di-renner-italia\\\/\",\"name\":\"Un champ solaire de 8 000 m sur les toits de Renner Italia - Renner Italia\",\"isPartOf\":{\"@id\":\"https:\\\/\\\/renneritalia.com\\\/#website\"},\"primaryImageOfPage\":{\"@id\":\"https:\\\/\\\/renneritalia.com\\\/fr\\\/un-campo-solare-di-8-000-mq-sui-tetti-di-renner-italia\\\/#primaryimage\"},\"image\":{\"@id\":\"https:\\\/\\\/renneritalia.com\\\/fr\\\/un-campo-solare-di-8-000-mq-sui-tetti-di-renner-italia\\\/#primaryimage\"},\"thumbnailUrl\":\"https:\\\/\\\/renneritalia.com\\\/wp-content\\\/uploads\\\/2023\\\/07\\\/campo-solare.jpg\",\"datePublished\":\"2023-07-17T07:45:31+00:00\",\"dateModified\":\"2023-07-17T08:03:21+00:00\",\"breadcrumb\":{\"@id\":\"https:\\\/\\\/renneritalia.com\\\/fr\\\/un-campo-solare-di-8-000-mq-sui-tetti-di-renner-italia\\\/#breadcrumb\"},\"inLanguage\":\"fr-FR\",\"potentialAction\":[{\"@type\":\"ReadAction\",\"target\":[\"https:\\\/\\\/renneritalia.com\\\/fr\\\/un-campo-solare-di-8-000-mq-sui-tetti-di-renner-italia\\\/\"]}]},{\"@type\":\"ImageObject\",\"inLanguage\":\"fr-FR\",\"@id\":\"https:\\\/\\\/renneritalia.com\\\/fr\\\/un-campo-solare-di-8-000-mq-sui-tetti-di-renner-italia\\\/#primaryimage\",\"url\":\"https:\\\/\\\/renneritalia.com\\\/wp-content\\\/uploads\\\/2023\\\/07\\\/campo-solare.jpg\",\"contentUrl\":\"https:\\\/\\\/renneritalia.com\\\/wp-content\\\/uploads\\\/2023\\\/07\\\/campo-solare.jpg\",\"width\":1200,\"height\":812},{\"@type\":\"BreadcrumbList\",\"@id\":\"https:\\\/\\\/renneritalia.com\\\/fr\\\/un-campo-solare-di-8-000-mq-sui-tetti-di-renner-italia\\\/#breadcrumb\",\"itemListElement\":[{\"@type\":\"ListItem\",\"position\":1,\"name\":\"Home\",\"item\":\"https:\\\/\\\/renneritalia.com\\\/fr\\\/\"},{\"@type\":\"ListItem\",\"position\":2,\"name\":\"Un champ solaire de 8 000 m sur les toits de Renner Italia\"}]},{\"@type\":\"WebSite\",\"@id\":\"https:\\\/\\\/renneritalia.com\\\/#website\",\"url\":\"https:\\\/\\\/renneritalia.com\\\/\",\"name\":\"Renner Italia\",\"description\":\"Coatings\",\"publisher\":{\"@id\":\"https:\\\/\\\/renneritalia.com\\\/#organization\"},\"potentialAction\":[{\"@type\":\"SearchAction\",\"target\":{\"@type\":\"EntryPoint\",\"urlTemplate\":\"https:\\\/\\\/renneritalia.com\\\/?s={search_term_string}\"},\"query-input\":{\"@type\":\"PropertyValueSpecification\",\"valueRequired\":true,\"valueName\":\"search_term_string\"}}],\"inLanguage\":\"fr-FR\"},{\"@type\":\"Organization\",\"@id\":\"https:\\\/\\\/renneritalia.com\\\/#organization\",\"name\":\"Renner Italia\",\"url\":\"https:\\\/\\\/renneritalia.com\\\/\",\"logo\":{\"@type\":\"ImageObject\",\"inLanguage\":\"fr-FR\",\"@id\":\"https:\\\/\\\/renneritalia.com\\\/#\\\/schema\\\/logo\\\/image\\\/\",\"url\":\"https:\\\/\\\/renneritalia.com\\\/wp-content\\\/uploads\\\/2025\\\/03\\\/logo_renner_italia.svg\",\"contentUrl\":\"https:\\\/\\\/renneritalia.com\\\/wp-content\\\/uploads\\\/2025\\\/03\\\/logo_renner_italia.svg\",\"caption\":\"Renner Italia\"},\"image\":{\"@id\":\"https:\\\/\\\/renneritalia.com\\\/#\\\/schema\\\/logo\\\/image\\\/\"}},{\"@type\":\"Person\",\"@id\":\"https:\\\/\\\/renneritalia.com\\\/#\\\/schema\\\/person\\\/2b55983c242bb8bca0fc96b0953ee07a\",\"name\":\"Developer\",\"image\":{\"@type\":\"ImageObject\",\"inLanguage\":\"fr-FR\",\"@id\":\"https:\\\/\\\/secure.gravatar.com\\\/avatar\\\/75827445886b10456c49d0746eecca232159a239bd272d6e522b9ff49457f88d?s=96&d=mm&r=g\",\"url\":\"https:\\\/\\\/secure.gravatar.com\\\/avatar\\\/75827445886b10456c49d0746eecca232159a239bd272d6e522b9ff49457f88d?s=96&d=mm&r=g\",\"contentUrl\":\"https:\\\/\\\/secure.gravatar.com\\\/avatar\\\/75827445886b10456c49d0746eecca232159a239bd272d6e522b9ff49457f88d?s=96&d=mm&r=g\",\"caption\":\"Developer\"},\"url\":\"https:\\\/\\\/renneritalia.com\\\/fr\\\/author\\\/marco-ruisi\\\/\"}]}<\/script>\n<!-- \/ Yoast SEO plugin. -->","yoast_head_json":{"title":"Un champ solaire de 8 000 m sur les toits de Renner Italia - Renner Italia","robots":{"index":"index","follow":"follow","max-snippet":"max-snippet:-1","max-image-preview":"max-image-preview:large","max-video-preview":"max-video-preview:-1"},"canonical":"https:\/\/renneritalia.com\/fr\/un-campo-solare-di-8-000-mq-sui-tetti-di-renner-italia\/","og_locale":"fr_FR","og_type":"article","og_title":"Un champ solaire de 8 000 m sur les toits de Renner Italia - Renner Italia","og_description":"Les \u00e9tablissements de production de Renner Italia \u00e0 Minerbio, dans la province de Bologne, sont depuis longtemps aliment\u00e9es par de l'\u00e9lectricit\u00e9 provenant de sources renouvelables.","og_url":"https:\/\/renneritalia.com\/fr\/un-campo-solare-di-8-000-mq-sui-tetti-di-renner-italia\/","og_site_name":"Renner Italia","article_published_time":"2023-07-17T07:45:31+00:00","article_modified_time":"2023-07-17T08:03:21+00:00","og_image":[{"width":1200,"height":812,"url":"https:\/\/renneritalia.com\/wp-content\/uploads\/2023\/07\/campo-solare.jpg","type":"image\/jpeg"}],"author":"Developer","twitter_card":"summary_large_image","twitter_misc":{"\u00c9crit par":"Developer","Dur\u00e9e de lecture estim\u00e9e":"1 minute"},"schema":{"@context":"https:\/\/schema.org","@graph":[{"@type":"Article","@id":"https:\/\/renneritalia.com\/fr\/un-campo-solare-di-8-000-mq-sui-tetti-di-renner-italia\/#article","isPartOf":{"@id":"https:\/\/renneritalia.com\/fr\/un-campo-solare-di-8-000-mq-sui-tetti-di-renner-italia\/"},"author":{"name":"Developer","@id":"https:\/\/renneritalia.com\/#\/schema\/person\/2b55983c242bb8bca0fc96b0953ee07a"},"headline":"Un champ solaire de 8 000 m sur les toits de Renner Italia","datePublished":"2023-07-17T07:45:31+00:00","dateModified":"2023-07-17T08:03:21+00:00","mainEntityOfPage":{"@id":"https:\/\/renneritalia.com\/fr\/un-campo-solare-di-8-000-mq-sui-tetti-di-renner-italia\/"},"wordCount":238,"publisher":{"@id":"https:\/\/renneritalia.com\/#organization"},"image":{"@id":"https:\/\/renneritalia.com\/fr\/un-campo-solare-di-8-000-mq-sui-tetti-di-renner-italia\/#primaryimage"},"thumbnailUrl":"https:\/\/renneritalia.com\/wp-content\/uploads\/2023\/07\/campo-solare.jpg","articleSection":["Renner Blog"],"inLanguage":"fr-FR"},{"@type":"WebPage","@id":"https:\/\/renneritalia.com\/fr\/un-campo-solare-di-8-000-mq-sui-tetti-di-renner-italia\/","url":"https:\/\/renneritalia.com\/fr\/un-campo-solare-di-8-000-mq-sui-tetti-di-renner-italia\/","name":"Un champ solaire de 8 000 m sur les toits de Renner Italia - Renner Italia","isPartOf":{"@id":"https:\/\/renneritalia.com\/#website"},"primaryImageOfPage":{"@id":"https:\/\/renneritalia.com\/fr\/un-campo-solare-di-8-000-mq-sui-tetti-di-renner-italia\/#primaryimage"},"image":{"@id":"https:\/\/renneritalia.com\/fr\/un-campo-solare-di-8-000-mq-sui-tetti-di-renner-italia\/#primaryimage"},"thumbnailUrl":"https:\/\/renneritalia.com\/wp-content\/uploads\/2023\/07\/campo-solare.jpg","datePublished":"2023-07-17T07:45:31+00:00","dateModified":"2023-07-17T08:03:21+00:00","breadcrumb":{"@id":"https:\/\/renneritalia.com\/fr\/un-campo-solare-di-8-000-mq-sui-tetti-di-renner-italia\/#breadcrumb"},"inLanguage":"fr-FR","potentialAction":[{"@type":"ReadAction","target":["https:\/\/renneritalia.com\/fr\/un-campo-solare-di-8-000-mq-sui-tetti-di-renner-italia\/"]}]},{"@type":"ImageObject","inLanguage":"fr-FR","@id":"https:\/\/renneritalia.com\/fr\/un-campo-solare-di-8-000-mq-sui-tetti-di-renner-italia\/#primaryimage","url":"https:\/\/renneritalia.com\/wp-content\/uploads\/2023\/07\/campo-solare.jpg","contentUrl":"https:\/\/renneritalia.com\/wp-content\/uploads\/2023\/07\/campo-solare.jpg","width":1200,"height":812},{"@type":"BreadcrumbList","@id":"https:\/\/renneritalia.com\/fr\/un-campo-solare-di-8-000-mq-sui-tetti-di-renner-italia\/#breadcrumb","itemListElement":[{"@type":"ListItem","position":1,"name":"Home","item":"https:\/\/renneritalia.com\/fr\/"},{"@type":"ListItem","position":2,"name":"Un champ solaire de 8 000 m sur les toits de Renner Italia"}]},{"@type":"WebSite","@id":"https:\/\/renneritalia.com\/#website","url":"https:\/\/renneritalia.com\/","name":"Renner Italia","description":"Coatings","publisher":{"@id":"https:\/\/renneritalia.com\/#organization"},"potentialAction":[{"@type":"SearchAction","target":{"@type":"EntryPoint","urlTemplate":"https:\/\/renneritalia.com\/?s={search_term_string}"},"query-input":{"@type":"PropertyValueSpecification","valueRequired":true,"valueName":"search_term_string"}}],"inLanguage":"fr-FR"},{"@type":"Organization","@id":"https:\/\/renneritalia.com\/#organization","name":"Renner Italia","url":"https:\/\/renneritalia.com\/","logo":{"@type":"ImageObject","inLanguage":"fr-FR","@id":"https:\/\/renneritalia.com\/#\/schema\/logo\/image\/","url":"https:\/\/renneritalia.com\/wp-content\/uploads\/2025\/03\/logo_renner_italia.svg","contentUrl":"https:\/\/renneritalia.com\/wp-content\/uploads\/2025\/03\/logo_renner_italia.svg","caption":"Renner Italia"},"image":{"@id":"https:\/\/renneritalia.com\/#\/schema\/logo\/image\/"}},{"@type":"Person","@id":"https:\/\/renneritalia.com\/#\/schema\/person\/2b55983c242bb8bca0fc96b0953ee07a","name":"Developer","image":{"@type":"ImageObject","inLanguage":"fr-FR","@id":"https:\/\/secure.gravatar.com\/avatar\/75827445886b10456c49d0746eecca232159a239bd272d6e522b9ff49457f88d?s=96&d=mm&r=g","url":"https:\/\/secure.gravatar.com\/avatar\/75827445886b10456c49d0746eecca232159a239bd272d6e522b9ff49457f88d?s=96&d=mm&r=g","contentUrl":"https:\/\/secure.gravatar.com\/avatar\/75827445886b10456c49d0746eecca232159a239bd272d6e522b9ff49457f88d?s=96&d=mm&r=g","caption":"Developer"},"url":"https:\/\/renneritalia.com\/fr\/author\/marco-ruisi\/"}]}},"_links":{"self":[{"href":"https:\/\/renneritalia.com\/fr\/wp-json\/wp\/v2\/posts\/82901","targetHints":{"allow":["GET"]}}],"collection":[{"href":"https:\/\/renneritalia.com\/fr\/wp-json\/wp\/v2\/posts"}],"about":[{"href":"https:\/\/renneritalia.com\/fr\/wp-json\/wp\/v2\/types\/post"}],"author":[{"embeddable":true,"href":"https:\/\/renneritalia.com\/fr\/wp-json\/wp\/v2\/users\/7"}],"replies":[{"embeddable":true,"href":"https:\/\/renneritalia.com\/fr\/wp-json\/wp\/v2\/comments?post=82901"}],"version-history":[{"count":3,"href":"https:\/\/renneritalia.com\/fr\/wp-json\/wp\/v2\/posts\/82901\/revisions"}],"predecessor-version":[{"id":82913,"href":"https:\/\/renneritalia.com\/fr\/wp-json\/wp\/v2\/posts\/82901\/revisions\/82913"}],"wp:featuredmedia":[{"embeddable":true,"href":"https:\/\/renneritalia.com\/fr\/wp-json\/wp\/v2\/media\/82874"}],"wp:attachment":[{"href":"https:\/\/renneritalia.com\/fr\/wp-json\/wp\/v2\/media?parent=82901"}],"wp:term":[{"taxonomy":"category","embeddable":true,"href":"https:\/\/renneritalia.com\/fr\/wp-json\/wp\/v2\/categories?post=82901"},{"taxonomy":"post_tag","embeddable":true,"href":"https:\/\/renneritalia.com\/fr\/wp-json\/wp\/v2\/tags?post=82901"}],"curies":[{"name":"wp","href":"https:\/\/api.w.org\/{rel}","templated":true}]}}