{"id":54588,"date":"2015-06-25T00:00:00","date_gmt":"2015-06-24T22:00:00","guid":{"rendered":"https:\/\/renneritalia.com\/vacances-livres-et-lexpo-2015-renner-italia-les-offrent-a-ses-employes\/"},"modified":"2022-08-30T13:00:36","modified_gmt":"2022-08-30T11:00:36","slug":"vacances-livres-et-lexpo-2015-renner-italia-les-offrent-ses-employs","status":"publish","type":"post","link":"https:\/\/renneritalia.com\/fr\/vacances-livres-et-lexpo-2015-renner-italia-les-offrent-ses-employs\/","title":{"rendered":"Vacances, Livres et l&rsquo;Expo 2015 ? Renner Italia les offrent \u00e0 ses employ\u00e9s"},"content":{"rendered":"<p><strong>[25.06.2015]&nbsp;<\/strong>Bonne nouvelles pour les employ&eacute;s de Renner Italia. Notre entreprise, sp&eacute;cialis&eacute;e dans la production des vernis pour bois bas&eacute; &agrave; Minerbio (Bologne), durant les trois derni&egrave;res ann&eacute;es &agrave; distribu&eacute; 8.450 euros en plus &agrave; chacun de ses employ&eacute;s.<\/p>\n<p>&nbsp;<\/p>\n<p>Un quinzi&egrave;me mois en plus&nbsp;: Jusqu&rsquo;ici rien de nouveau. La nouvelle est, en vue de l&rsquo;expiration de l&rsquo;ancien contrat int&eacute;gratif, Renner Italia pr&eacute;sente le nouveau projet qui aura pour but de relancer la politique en faveur &agrave; ses employ&eacute;s.<\/p>\n<p>Ce projet permettrait aux employ&eacute;s de gagner chaque 3.350&euro; en plus, suppl&eacute;mentaire au quatorzi&egrave;me mois. Voici les points cl&eacute;s de l&rsquo;accord conclu avec le RSU assist&eacute; par le syndicat Filctem-Cgil.<\/p>\n<h1><strong>La certitude d&rsquo;un &ldquo;salaire en plus&rdquo;<\/strong><\/h1>\n<p>Chaque employ&eacute; Renner Italia &agrave; partir de 2015 (est pour toujours) recevra un montant &eacute;gal &agrave; 1.150 euros, ind&eacute;pendamment de l&rsquo;&eacute;volution de l&rsquo;entreprise et de la r&eacute;alisation des autres objectifs. Jusqu&rsquo;au 31 d&eacute;cembre 2014, la prime &eacute;tait proportionnelle en fonction du profit.<\/p>\n<h1><strong>Le bien-&ecirc;tre, la culture et le temps libre<\/strong><\/h1>\n<p>Les imp&ocirc;ts et le cout de la vite qui continuent &agrave; appauvrir les employ&eacute;s. C&rsquo;est pour cela que Renner Italia ont lanc&eacute; la nouvelle &eacute;dition du welfare d&rsquo;entreprise. Les familles des employ&eacute;s se verront offrir un bonus de 500 euro net, avec lesquels ils pourront acqu&eacute;rir diff&eacute;rents biens et services. Pas seulement la cr&egrave;che, l&rsquo;&eacute;cole et la pharmacie. M&ecirc;me les packs vacances, livres, bons pour l&rsquo;essence, musique sur l&rsquo;Apple store, coupon Amazon. Mais aussi&nbsp;: tickets de cin&eacute;ma, pour l&rsquo;expo 2015, &eacute;v&egrave;nements sportifs divers, etc.<\/p>\n<p>Chaque salari&eacute; Renner aura &agrave; sa disposition un compte en ligne et pourra g&eacute;rer ses 500 euros depuis son smartphone ou son ordinateur.<\/p>\n<h1><strong>L&rsquo;&eacute;conomie d&rsquo;&eacute;nergie, la qualit&eacute; et la s&eacute;curit&eacute;<\/strong><\/h1>\n<p>600 euros brut en plus divis&eacute;s en fonction des objectifs, dont lesquelles l&rsquo;entreprise tient particuli&egrave;rement. Les salari&eacute;s Renner devront &nbsp;<\/p>\n<p>1.&nbsp;&nbsp;&nbsp;&nbsp; s&rsquo;engager dans le marathon anti-d&eacute;chets d&eacute;j&agrave; actifs sur le site de production de Minerbio, selon une philosophie environnemental, concernant tous les employ&eacute;s (r&eacute;duction de la facture &eacute;nerg&eacute;tique gr&acirc;ce aux bonnes pratiques quotidiennes, &eacute;limination des d&eacute;chets proportionnelles aux kilogrammes de vernis produits, soin et pr&eacute;caution d&rsquo;utilisations des mat&eacute;riaux de consommation,&hellip;.)&nbsp;;<\/p>\n<p>2.&nbsp;&nbsp;&nbsp;&nbsp; continuer &agrave; appliquer le programme 5S de Kaizen (Toyota Production System) pour une am&eacute;lioration continue (explications des 5S, seiri: s&eacute;paration; seiton: rangement; seiso: nettoyage; seiketsu: Standardisation; shitsuke: discipline);<\/p>\n<p>3.&nbsp;&nbsp;&nbsp;&nbsp; Toujours utilisez et avec le plus grand s&eacute;rieux les diff&eacute;rents dispositifs de protection individuel pour la s&eacute;curit&eacute;.<\/p>\n<h1><strong>Les performances de l&rsquo;entreprise<\/strong><\/h1>\n<p>Si Renner Italia est une entreprise en constante &eacute;volution, c&rsquo;est gr&acirc;ce au m&eacute;rite des hommes et des femmes qui la composent.<\/p>\n<p>Entre 2012 (CA 68milions d&rsquo;euros) et 2014 (CA 88.5 millions d&rsquo;euros), gr&acirc;ce &agrave; l&rsquo;excellent trend &eacute;conomique, l&rsquo;entreprise &agrave; embaucher 67 personnes &agrave; contrat ind&eacute;termin&eacute;e (+ 17 des employ&eacute;s embauch&eacute;s en 2015).<\/p>\n<p>Dans le m&ecirc;me arc temporel, &agrave; travers les accords contractuels de second niveau, &agrave; Minerbio sont distribu&eacute;s 8.450 &agrave; chaque employ&eacute;. Une r&eacute;cente &eacute;tude r&eacute;alis&eacute;e par Giovanni Ciafr&eacute;, enseignant d&rsquo;Analyse Financi&egrave;re et plans d&rsquo;entreprises de l&rsquo;Universit&eacute; polytechnique des Marches, a d&eacute;montr&eacute; que les couts salariaux annuels de Renner Italia est sup&eacute;rieur &agrave; environ 6000 euros de plus que les autres concurrents du segment de march&eacute;. Chaque membre de l&rsquo;&eacute;quipe de Minerbio produit une richesse d&rsquo;environ 102 000 euros de plus par rapport &agrave; la concurrence.<br \/>&nbsp;<br \/>&nbsp;<br \/>Le bien &ecirc;tre des salari&eacute;s correspond donc aux excellentes performances. Avec ces promesses, m&ecirc;me durant les trois ann&eacute;es 2015-2017, l&rsquo;accord int&eacute;gratif inclut une prime li&eacute;e au r&eacute;sultat, variant de 800 &agrave; 1000 euros.<br \/>&nbsp;<br \/>Portant &agrave; la maison un accord qui pr&eacute;voit un fixe de 1.150 euros, un portefeuille welfare de 500 euros, une prime de qualit&eacute; de 600 euros et un bonus suppl&eacute;mentaire compris entre 800 et 1.100 euros li&eacute;e &agrave; l&rsquo;&eacute;volution &eacute;conomiques, les hommes et les femmes qui travaillent chez Renner Italia r&eacute;coltent les fruits du travail quotidien et regardent avec optimisme le futur.<\/p>\n<p>&nbsp;<\/p>\n<p><a href=\"https:\/\/www.labuonavernice.it\/wp-content\/uploads\/2015\/06\/renner-spedizioni-1.jpg\">?<img fetchpriority=\"high\" decoding=\"async\" alt=\"renner spedizioni 1\" class=\"alignnone size-large wp-image-1545\" height=\"681\" src=\"https:\/\/www.labuonavernice.it\/wp-content\/uploads\/2015\/06\/renner-spedizioni-1-1024x681.jpg\" width=\"1024\" \/><\/a><\/p>\n","protected":false},"excerpt":{"rendered":"<p>[25.06.2015]&nbsp;Bonne nouvelles pour les employ&eacute;s de Renner Italia. Notre entreprise, sp&eacute;cialis&eacute;e dans la production des vernis pour bois bas&eacute; &agrave; Minerbio (Bologne), durant les trois derni&egrave;res ann&eacute;es &agrave; distribu&eacute; 8.450 euros en plus &agrave; chacun de ses employ&eacute;s. &nbsp; Un quinzi&egrave;me mois en plus&nbsp;: Jusqu&rsquo;ici rien de nouveau. La nouvelle est, en vue de l&rsquo;expiration [&hellip;]<\/p>\n","protected":false},"author":2,"featured_media":54767,"comment_status":"closed","ping_status":"open","sticky":false,"template":"","format":"standard","meta":{"footnotes":""},"categories":[5],"tags":[],"class_list":["post-54588","post","type-post","status-publish","format-standard","has-post-thumbnail","hentry","category-renner-blog-fr"],"yoast_head":"<!-- This site is optimized with the Yoast SEO plugin v27.5 - https:\/\/yoast.com\/product\/yoast-seo-wordpress\/ -->\n<title>Vacances, Livres et l&#039;Expo 2015 ? Renner Italia les offrent \u00e0 ses employ\u00e9s - Renner Italia<\/title>\n<meta name=\"robots\" content=\"index, follow, max-snippet:-1, max-image-preview:large, max-video-preview:-1\" \/>\n<link rel=\"canonical\" href=\"https:\/\/renneritalia.com\/fr\/vacances-livres-et-lexpo-2015-renner-italia-les-offrent-ses-employs\/\" \/>\n<meta property=\"og:locale\" content=\"fr_FR\" \/>\n<meta property=\"og:type\" content=\"article\" \/>\n<meta property=\"og:title\" content=\"Vacances, Livres et l&#039;Expo 2015 ? Renner Italia les offrent \u00e0 ses employ\u00e9s - Renner Italia\" \/>\n<meta property=\"og:description\" content=\"[25.06.2015]&nbsp;Bonne nouvelles pour les employ&eacute;s de Renner Italia. Notre entreprise, sp&eacute;cialis&eacute;e dans la production des vernis pour bois bas&eacute; &agrave; Minerbio (Bologne), durant les trois derni&egrave;res ann&eacute;es &agrave; distribu&eacute; 8.450 euros en plus &agrave; chacun de ses employ&eacute;s. &nbsp; Un quinzi&egrave;me mois en plus&nbsp;: Jusqu&rsquo;ici rien de nouveau. La nouvelle est, en vue de l&rsquo;expiration [&hellip;]\" \/>\n<meta property=\"og:url\" content=\"https:\/\/renneritalia.com\/fr\/vacances-livres-et-lexpo-2015-renner-italia-les-offrent-ses-employs\/\" \/>\n<meta property=\"og:site_name\" content=\"Renner Italia\" \/>\n<meta property=\"article:published_time\" content=\"2015-06-24T22:00:00+00:00\" \/>\n<meta property=\"article:modified_time\" content=\"2022-08-30T11:00:36+00:00\" \/>\n<meta property=\"og:image\" content=\"https:\/\/renneritalia.com\/wp-content\/uploads\/2022\/08\/renner-blog.png\" \/>\n\t<meta property=\"og:image:width\" content=\"960\" \/>\n\t<meta property=\"og:image:height\" content=\"650\" \/>\n\t<meta property=\"og:image:type\" content=\"image\/png\" \/>\n<meta name=\"author\" content=\"Luca Fotia\" \/>\n<meta name=\"twitter:card\" content=\"summary_large_image\" \/>\n<meta name=\"twitter:label1\" content=\"\u00c9crit par\" \/>\n\t<meta name=\"twitter:data1\" content=\"Luca Fotia\" \/>\n\t<meta name=\"twitter:label2\" content=\"Dur\u00e9e de lecture estim\u00e9e\" \/>\n\t<meta name=\"twitter:data2\" content=\"4 minutes\" \/>\n<script type=\"application\/ld+json\" class=\"yoast-schema-graph\">{\"@context\":\"https:\\\/\\\/schema.org\",\"@graph\":[{\"@type\":\"Article\",\"@id\":\"https:\\\/\\\/renneritalia.com\\\/fr\\\/vacances-livres-et-lexpo-2015-renner-italia-les-offrent-ses-employs\\\/#article\",\"isPartOf\":{\"@id\":\"https:\\\/\\\/renneritalia.com\\\/fr\\\/vacances-livres-et-lexpo-2015-renner-italia-les-offrent-ses-employs\\\/\"},\"author\":{\"name\":\"Luca Fotia\",\"@id\":\"https:\\\/\\\/renneritalia.com\\\/#\\\/schema\\\/person\\\/b56295f9e1cfccab4cbc3822deb13d0d\"},\"headline\":\"Vacances, Livres et l&rsquo;Expo 2015 ? Renner Italia les offrent \u00e0 ses employ\u00e9s\",\"datePublished\":\"2015-06-24T22:00:00+00:00\",\"dateModified\":\"2022-08-30T11:00:36+00:00\",\"mainEntityOfPage\":{\"@id\":\"https:\\\/\\\/renneritalia.com\\\/fr\\\/vacances-livres-et-lexpo-2015-renner-italia-les-offrent-ses-employs\\\/\"},\"wordCount\":875,\"publisher\":{\"@id\":\"https:\\\/\\\/renneritalia.com\\\/#organization\"},\"image\":{\"@id\":\"https:\\\/\\\/renneritalia.com\\\/fr\\\/vacances-livres-et-lexpo-2015-renner-italia-les-offrent-ses-employs\\\/#primaryimage\"},\"thumbnailUrl\":\"https:\\\/\\\/renneritalia.com\\\/wp-content\\\/uploads\\\/2022\\\/08\\\/renner-blog.png\",\"articleSection\":[\"Renner Blog\"],\"inLanguage\":\"fr-FR\"},{\"@type\":\"WebPage\",\"@id\":\"https:\\\/\\\/renneritalia.com\\\/fr\\\/vacances-livres-et-lexpo-2015-renner-italia-les-offrent-ses-employs\\\/\",\"url\":\"https:\\\/\\\/renneritalia.com\\\/fr\\\/vacances-livres-et-lexpo-2015-renner-italia-les-offrent-ses-employs\\\/\",\"name\":\"Vacances, Livres et l'Expo 2015 ? Renner Italia les offrent \u00e0 ses employ\u00e9s - Renner Italia\",\"isPartOf\":{\"@id\":\"https:\\\/\\\/renneritalia.com\\\/#website\"},\"primaryImageOfPage\":{\"@id\":\"https:\\\/\\\/renneritalia.com\\\/fr\\\/vacances-livres-et-lexpo-2015-renner-italia-les-offrent-ses-employs\\\/#primaryimage\"},\"image\":{\"@id\":\"https:\\\/\\\/renneritalia.com\\\/fr\\\/vacances-livres-et-lexpo-2015-renner-italia-les-offrent-ses-employs\\\/#primaryimage\"},\"thumbnailUrl\":\"https:\\\/\\\/renneritalia.com\\\/wp-content\\\/uploads\\\/2022\\\/08\\\/renner-blog.png\",\"datePublished\":\"2015-06-24T22:00:00+00:00\",\"dateModified\":\"2022-08-30T11:00:36+00:00\",\"breadcrumb\":{\"@id\":\"https:\\\/\\\/renneritalia.com\\\/fr\\\/vacances-livres-et-lexpo-2015-renner-italia-les-offrent-ses-employs\\\/#breadcrumb\"},\"inLanguage\":\"fr-FR\",\"potentialAction\":[{\"@type\":\"ReadAction\",\"target\":[\"https:\\\/\\\/renneritalia.com\\\/fr\\\/vacances-livres-et-lexpo-2015-renner-italia-les-offrent-ses-employs\\\/\"]}]},{\"@type\":\"ImageObject\",\"inLanguage\":\"fr-FR\",\"@id\":\"https:\\\/\\\/renneritalia.com\\\/fr\\\/vacances-livres-et-lexpo-2015-renner-italia-les-offrent-ses-employs\\\/#primaryimage\",\"url\":\"https:\\\/\\\/renneritalia.com\\\/wp-content\\\/uploads\\\/2022\\\/08\\\/renner-blog.png\",\"contentUrl\":\"https:\\\/\\\/renneritalia.com\\\/wp-content\\\/uploads\\\/2022\\\/08\\\/renner-blog.png\",\"width\":960,\"height\":650},{\"@type\":\"BreadcrumbList\",\"@id\":\"https:\\\/\\\/renneritalia.com\\\/fr\\\/vacances-livres-et-lexpo-2015-renner-italia-les-offrent-ses-employs\\\/#breadcrumb\",\"itemListElement\":[{\"@type\":\"ListItem\",\"position\":1,\"name\":\"Home\",\"item\":\"https:\\\/\\\/renneritalia.com\\\/fr\\\/\"},{\"@type\":\"ListItem\",\"position\":2,\"name\":\"Vacances, Livres et l&#8217;Expo 2015 ? Renner Italia les offrent \u00e0 ses employ\u00e9s\"}]},{\"@type\":\"WebSite\",\"@id\":\"https:\\\/\\\/renneritalia.com\\\/#website\",\"url\":\"https:\\\/\\\/renneritalia.com\\\/\",\"name\":\"Renner Italia\",\"description\":\"Coatings\",\"publisher\":{\"@id\":\"https:\\\/\\\/renneritalia.com\\\/#organization\"},\"potentialAction\":[{\"@type\":\"SearchAction\",\"target\":{\"@type\":\"EntryPoint\",\"urlTemplate\":\"https:\\\/\\\/renneritalia.com\\\/?s={search_term_string}\"},\"query-input\":{\"@type\":\"PropertyValueSpecification\",\"valueRequired\":true,\"valueName\":\"search_term_string\"}}],\"inLanguage\":\"fr-FR\"},{\"@type\":\"Organization\",\"@id\":\"https:\\\/\\\/renneritalia.com\\\/#organization\",\"name\":\"Renner Italia\",\"url\":\"https:\\\/\\\/renneritalia.com\\\/\",\"logo\":{\"@type\":\"ImageObject\",\"inLanguage\":\"fr-FR\",\"@id\":\"https:\\\/\\\/renneritalia.com\\\/#\\\/schema\\\/logo\\\/image\\\/\",\"url\":\"https:\\\/\\\/renneritalia.com\\\/wp-content\\\/uploads\\\/2025\\\/03\\\/logo_renner_italia.svg\",\"contentUrl\":\"https:\\\/\\\/renneritalia.com\\\/wp-content\\\/uploads\\\/2025\\\/03\\\/logo_renner_italia.svg\",\"caption\":\"Renner Italia\"},\"image\":{\"@id\":\"https:\\\/\\\/renneritalia.com\\\/#\\\/schema\\\/logo\\\/image\\\/\"}},{\"@type\":\"Person\",\"@id\":\"https:\\\/\\\/renneritalia.com\\\/#\\\/schema\\\/person\\\/b56295f9e1cfccab4cbc3822deb13d0d\",\"name\":\"Luca Fotia\",\"image\":{\"@type\":\"ImageObject\",\"inLanguage\":\"fr-FR\",\"@id\":\"https:\\\/\\\/secure.gravatar.com\\\/avatar\\\/7c6f35bc0f6d5eb956a627714018141764948542727516e342f7e1db1c35486e?s=96&d=mm&r=g\",\"url\":\"https:\\\/\\\/secure.gravatar.com\\\/avatar\\\/7c6f35bc0f6d5eb956a627714018141764948542727516e342f7e1db1c35486e?s=96&d=mm&r=g\",\"contentUrl\":\"https:\\\/\\\/secure.gravatar.com\\\/avatar\\\/7c6f35bc0f6d5eb956a627714018141764948542727516e342f7e1db1c35486e?s=96&d=mm&r=g\",\"caption\":\"Luca Fotia\"},\"url\":\"https:\\\/\\\/renneritalia.com\\\/fr\\\/author\\\/luca-fotia\\\/\"}]}<\/script>\n<!-- \/ Yoast SEO plugin. -->","yoast_head_json":{"title":"Vacances, Livres et l'Expo 2015 ? Renner Italia les offrent \u00e0 ses employ\u00e9s - Renner Italia","robots":{"index":"index","follow":"follow","max-snippet":"max-snippet:-1","max-image-preview":"max-image-preview:large","max-video-preview":"max-video-preview:-1"},"canonical":"https:\/\/renneritalia.com\/fr\/vacances-livres-et-lexpo-2015-renner-italia-les-offrent-ses-employs\/","og_locale":"fr_FR","og_type":"article","og_title":"Vacances, Livres et l'Expo 2015 ? Renner Italia les offrent \u00e0 ses employ\u00e9s - Renner Italia","og_description":"[25.06.2015]&nbsp;Bonne nouvelles pour les employ&eacute;s de Renner Italia. Notre entreprise, sp&eacute;cialis&eacute;e dans la production des vernis pour bois bas&eacute; &agrave; Minerbio (Bologne), durant les trois derni&egrave;res ann&eacute;es &agrave; distribu&eacute; 8.450 euros en plus &agrave; chacun de ses employ&eacute;s. &nbsp; Un quinzi&egrave;me mois en plus&nbsp;: Jusqu&rsquo;ici rien de nouveau. La nouvelle est, en vue de l&rsquo;expiration [&hellip;]","og_url":"https:\/\/renneritalia.com\/fr\/vacances-livres-et-lexpo-2015-renner-italia-les-offrent-ses-employs\/","og_site_name":"Renner Italia","article_published_time":"2015-06-24T22:00:00+00:00","article_modified_time":"2022-08-30T11:00:36+00:00","og_image":[{"width":960,"height":650,"url":"https:\/\/renneritalia.com\/wp-content\/uploads\/2022\/08\/renner-blog.png","type":"image\/png"}],"author":"Luca Fotia","twitter_card":"summary_large_image","twitter_misc":{"\u00c9crit par":"Luca Fotia","Dur\u00e9e de lecture estim\u00e9e":"4 minutes"},"schema":{"@context":"https:\/\/schema.org","@graph":[{"@type":"Article","@id":"https:\/\/renneritalia.com\/fr\/vacances-livres-et-lexpo-2015-renner-italia-les-offrent-ses-employs\/#article","isPartOf":{"@id":"https:\/\/renneritalia.com\/fr\/vacances-livres-et-lexpo-2015-renner-italia-les-offrent-ses-employs\/"},"author":{"name":"Luca Fotia","@id":"https:\/\/renneritalia.com\/#\/schema\/person\/b56295f9e1cfccab4cbc3822deb13d0d"},"headline":"Vacances, Livres et l&rsquo;Expo 2015 ? Renner Italia les offrent \u00e0 ses employ\u00e9s","datePublished":"2015-06-24T22:00:00+00:00","dateModified":"2022-08-30T11:00:36+00:00","mainEntityOfPage":{"@id":"https:\/\/renneritalia.com\/fr\/vacances-livres-et-lexpo-2015-renner-italia-les-offrent-ses-employs\/"},"wordCount":875,"publisher":{"@id":"https:\/\/renneritalia.com\/#organization"},"image":{"@id":"https:\/\/renneritalia.com\/fr\/vacances-livres-et-lexpo-2015-renner-italia-les-offrent-ses-employs\/#primaryimage"},"thumbnailUrl":"https:\/\/renneritalia.com\/wp-content\/uploads\/2022\/08\/renner-blog.png","articleSection":["Renner Blog"],"inLanguage":"fr-FR"},{"@type":"WebPage","@id":"https:\/\/renneritalia.com\/fr\/vacances-livres-et-lexpo-2015-renner-italia-les-offrent-ses-employs\/","url":"https:\/\/renneritalia.com\/fr\/vacances-livres-et-lexpo-2015-renner-italia-les-offrent-ses-employs\/","name":"Vacances, Livres et l'Expo 2015 ? Renner Italia les offrent \u00e0 ses employ\u00e9s - Renner Italia","isPartOf":{"@id":"https:\/\/renneritalia.com\/#website"},"primaryImageOfPage":{"@id":"https:\/\/renneritalia.com\/fr\/vacances-livres-et-lexpo-2015-renner-italia-les-offrent-ses-employs\/#primaryimage"},"image":{"@id":"https:\/\/renneritalia.com\/fr\/vacances-livres-et-lexpo-2015-renner-italia-les-offrent-ses-employs\/#primaryimage"},"thumbnailUrl":"https:\/\/renneritalia.com\/wp-content\/uploads\/2022\/08\/renner-blog.png","datePublished":"2015-06-24T22:00:00+00:00","dateModified":"2022-08-30T11:00:36+00:00","breadcrumb":{"@id":"https:\/\/renneritalia.com\/fr\/vacances-livres-et-lexpo-2015-renner-italia-les-offrent-ses-employs\/#breadcrumb"},"inLanguage":"fr-FR","potentialAction":[{"@type":"ReadAction","target":["https:\/\/renneritalia.com\/fr\/vacances-livres-et-lexpo-2015-renner-italia-les-offrent-ses-employs\/"]}]},{"@type":"ImageObject","inLanguage":"fr-FR","@id":"https:\/\/renneritalia.com\/fr\/vacances-livres-et-lexpo-2015-renner-italia-les-offrent-ses-employs\/#primaryimage","url":"https:\/\/renneritalia.com\/wp-content\/uploads\/2022\/08\/renner-blog.png","contentUrl":"https:\/\/renneritalia.com\/wp-content\/uploads\/2022\/08\/renner-blog.png","width":960,"height":650},{"@type":"BreadcrumbList","@id":"https:\/\/renneritalia.com\/fr\/vacances-livres-et-lexpo-2015-renner-italia-les-offrent-ses-employs\/#breadcrumb","itemListElement":[{"@type":"ListItem","position":1,"name":"Home","item":"https:\/\/renneritalia.com\/fr\/"},{"@type":"ListItem","position":2,"name":"Vacances, Livres et l&#8217;Expo 2015 ? Renner Italia les offrent \u00e0 ses employ\u00e9s"}]},{"@type":"WebSite","@id":"https:\/\/renneritalia.com\/#website","url":"https:\/\/renneritalia.com\/","name":"Renner Italia","description":"Coatings","publisher":{"@id":"https:\/\/renneritalia.com\/#organization"},"potentialAction":[{"@type":"SearchAction","target":{"@type":"EntryPoint","urlTemplate":"https:\/\/renneritalia.com\/?s={search_term_string}"},"query-input":{"@type":"PropertyValueSpecification","valueRequired":true,"valueName":"search_term_string"}}],"inLanguage":"fr-FR"},{"@type":"Organization","@id":"https:\/\/renneritalia.com\/#organization","name":"Renner Italia","url":"https:\/\/renneritalia.com\/","logo":{"@type":"ImageObject","inLanguage":"fr-FR","@id":"https:\/\/renneritalia.com\/#\/schema\/logo\/image\/","url":"https:\/\/renneritalia.com\/wp-content\/uploads\/2025\/03\/logo_renner_italia.svg","contentUrl":"https:\/\/renneritalia.com\/wp-content\/uploads\/2025\/03\/logo_renner_italia.svg","caption":"Renner Italia"},"image":{"@id":"https:\/\/renneritalia.com\/#\/schema\/logo\/image\/"}},{"@type":"Person","@id":"https:\/\/renneritalia.com\/#\/schema\/person\/b56295f9e1cfccab4cbc3822deb13d0d","name":"Luca Fotia","image":{"@type":"ImageObject","inLanguage":"fr-FR","@id":"https:\/\/secure.gravatar.com\/avatar\/7c6f35bc0f6d5eb956a627714018141764948542727516e342f7e1db1c35486e?s=96&d=mm&r=g","url":"https:\/\/secure.gravatar.com\/avatar\/7c6f35bc0f6d5eb956a627714018141764948542727516e342f7e1db1c35486e?s=96&d=mm&r=g","contentUrl":"https:\/\/secure.gravatar.com\/avatar\/7c6f35bc0f6d5eb956a627714018141764948542727516e342f7e1db1c35486e?s=96&d=mm&r=g","caption":"Luca Fotia"},"url":"https:\/\/renneritalia.com\/fr\/author\/luca-fotia\/"}]}},"_links":{"self":[{"href":"https:\/\/renneritalia.com\/fr\/wp-json\/wp\/v2\/posts\/54588","targetHints":{"allow":["GET"]}}],"collection":[{"href":"https:\/\/renneritalia.com\/fr\/wp-json\/wp\/v2\/posts"}],"about":[{"href":"https:\/\/renneritalia.com\/fr\/wp-json\/wp\/v2\/types\/post"}],"author":[{"embeddable":true,"href":"https:\/\/renneritalia.com\/fr\/wp-json\/wp\/v2\/users\/2"}],"replies":[{"embeddable":true,"href":"https:\/\/renneritalia.com\/fr\/wp-json\/wp\/v2\/comments?post=54588"}],"version-history":[{"count":1,"href":"https:\/\/renneritalia.com\/fr\/wp-json\/wp\/v2\/posts\/54588\/revisions"}],"predecessor-version":[{"id":54912,"href":"https:\/\/renneritalia.com\/fr\/wp-json\/wp\/v2\/posts\/54588\/revisions\/54912"}],"wp:featuredmedia":[{"embeddable":true,"href":"https:\/\/renneritalia.com\/fr\/wp-json\/wp\/v2\/media\/54767"}],"wp:attachment":[{"href":"https:\/\/renneritalia.com\/fr\/wp-json\/wp\/v2\/media?parent=54588"}],"wp:term":[{"taxonomy":"category","embeddable":true,"href":"https:\/\/renneritalia.com\/fr\/wp-json\/wp\/v2\/categories?post=54588"},{"taxonomy":"post_tag","embeddable":true,"href":"https:\/\/renneritalia.com\/fr\/wp-json\/wp\/v2\/tags?post=54588"}],"curies":[{"name":"wp","href":"https:\/\/api.w.org\/{rel}","templated":true}]}}