{"id":54532,"date":"2012-09-24T00:00:00","date_gmt":"2012-09-23T22:00:00","guid":{"rendered":"https:\/\/renneritalia.com\/la-protection-totale-du-bois-les-vernis-renner-italia-en-valteline\/"},"modified":"2022-08-30T13:03:23","modified_gmt":"2022-08-30T11:03:23","slug":"la-protection-totale-du-bois-les-vernis-renner-italia-en-valteline","status":"publish","type":"post","link":"https:\/\/renneritalia.com\/fr\/la-protection-totale-du-bois-les-vernis-renner-italia-en-valteline\/","title":{"rendered":"La protection totale du bois: les vernis Renner Italia en Valteline"},"content":{"rendered":"<p><span style=\"line-height: 1.6em\">[24.09.2012] Les vernis Renner Italia comme valeur ajout&eacute;e qui r&eacute;pond au d&eacute;fi du march&eacute; des portes et des fen&ecirc;tres italiennes en crise. C&rsquo;&eacute;tait le sujet de la convention &quot;la protection totale du bois&quot; organis&eacute;e vendredi dernier &agrave; Barbenno di Valteline par <a href=\"http:\/\/www.valtplastic.com\/\">Valt Plastic<\/a> et Renner Italia. L&rsquo;examen attentif est parti de l&rsquo;analyse des chiffres du secteur du b&acirc;timent li&eacute; directement &agrave; la fili&egrave;re des portes et des fen&ecirc;tres.<\/span><\/p>\n<p><img decoding=\"async\" alt=\"\" src=\"https:\/\/renneritalia.com\/wp-content\/uploads\/2022\/08\/medium_vatl5.png\" style=\"width: 400px;height: 436px;margin: 2px;float: left\" \/>La directrice du magazine Serramenti &amp; Falegnameria (*Fen&ecirc;tres, volets et menuiseries, ndt), Sonia Maritan, a d&eacute;noy&eacute; les donn&eacute;es-cl&eacute; du secteur: &laquo;Dans la confrontation 2011 et le pic du secteur du b&acirc;timent en 2006, le total des constructions a ressenti une flexion du -27%&nbsp;&raquo;- a soulign&eacute; la journaliste. &laquo;&nbsp;Il y a quelque jour, l&rsquo;Istat nous a inform&eacute;s qu&rsquo;au mois de juillet 2012 la production des constructions a baiss&eacute; de 2,2% par rapport au juin 2012 et de 14,2% par rapport au juillet 2011. Si nous analysons les sept premiers mois de l&rsquo;ann&eacute;e en cours, la concentration est &eacute;gale &agrave; &ndash; 13,2% par rapport &agrave; la m&ecirc;me p&eacute;riode du 2011&nbsp;&raquo;.<\/p>\n<p>La tenue des investissements dans le renouvellement du parc des b&acirc;timents actuel s&rsquo;oppose &agrave; une baisse des investissements dans ce qui est nouveau. Le futur passe &agrave; travers la reconversion professionnelle de ce qui existe; aussi bien que le futur des monteurs des portes et des fen&ecirc;tres&raquo;. Maritan a donc pos&eacute; sa verre photosensible sur les portes et les fen&ecirc;tres: &laquo;Dans notre Pays, l&rsquo;observatoire Legno Finestra Italia a compt&eacute; moins de 38.000 producteurs de portes et des fen&ecirc;tres, pour un total de 8.800.000 portes et fen&ecirc;tres. Le bois continue de rev&ecirc;tir un r&ocirc;le important avec 19.000 producteurs (50%) et 4.200.000 produits manufactur&eacute;s (48%). Le m&eacute;tal suit au tour avec 18.000 producteurs (48%) et 3.400.000 portes et fen&ecirc;tres. (39%). La donn&eacute;e du PVC r&eacute;v&egrave;le seulement 850 producteurs (2%) pour 1.200.000 pi&egrave;ces (13%). Il faut se rendre compte que &ndash; a ajout&eacute; Maritan -, face &agrave; 38.000 producteurs en total, le march&eacute; est d&eacute;sormais partag&eacute; en deux&raquo;. Apr&egrave;s la radiographie, les id&eacute;es: &laquo;La fili&egrave;re du bois doit traire une le&ccedil;on du monde du polychlorure de vinyle: pas des nombreuses r&eacute;alit&eacute;s productives, un grand nombre de revendeurs et beaucoup de communication. Un formule tout &agrave; fait de succ&egrave;s &raquo;.<\/p>\n<p><img decoding=\"async\" alt=\"\" src=\"https:\/\/renneritalia.com\/wp-content\/uploads\/2022\/08\/medium_valt2.png\" style=\"width: 600px;height: 400px;margin: 2px;float: right\" \/>Communiquer la valeur ajout&eacute;e de la fen&ecirc;tre en bois de fa&ccedil;on pr&eacute;cise et efficace est le d&eacute;fi qui attend l&rsquo;industrie et l&rsquo;artisan du bois: &laquo;Le bois est un mat&eacute;riel tr&egrave;s ancien, mais aussi capable d&rsquo;exprimer une certaine modernit&eacute; &agrave; l&rsquo;int&eacute;rieur de la nouvelle technologie des portes et des fen&ecirc;tres en bois qui est un d&eacute;fi qui attend l&rsquo;industrie et l&rsquo;artisan du bois: &laquo;Le bois est un mat&eacute;riel tr&egrave;s ancien, mais aussi capable d&rsquo;exprimer une certaine modernit&eacute; &agrave; la nouvelle technologie des portes et des fen&ecirc;tres. Le bois offre des potentialit&eacute;s de design et des facteurs esth&eacute;tiques tout &agrave; fait sup&eacute;rieurs. Ensuite, les cycles productifs &agrave; impact environnemental bas &ndash; a insist&eacute; la directrice de Serramenti &amp; Falegnameria* Fen&ecirc;tres, volets et menuiserie, ndt -, &eacute;pousent l&rsquo;&eacute;conomie verte, un domaine tr&egrave;s actuel qui va produire 2,5 millions de places de travail en Europe d&rsquo;ici au 2015&raquo;.<\/p>\n<p>Les cycles de vernissage &agrave; l&rsquo;eau rentrent dans la suite des arguments &agrave; traiter lorsqu&rsquo;il faut communiquer la valeur ajout&eacute;e du bois. Et &agrave; ce moment-l&agrave; le t&eacute;moin est pass&eacute; au directeur commercial Renner Italia, Luigi Maestrami, et au chercheur Carlo Zagano. &laquo;Nos cycles de vernissage &agrave; l&rsquo;eau sont soumis &agrave; des essais de d&eacute;gradation naturelle uniques &ndash; a expliqu&eacute; Maestrami &ndash; Lorsque nous garantissons 10 ou 15 ann&eacute;es de vie aux fen&ecirc;tres vernies avec les cycles Top Quality ou Top Quality2 nous sommes conscients de la force de ceux qui ont d&eacute;pass&eacute; des essais certifi&eacute;s par un organisme comme Atlas, &agrave; l&rsquo;int&eacute;rieur de programmes comme Ever Summer et World Wide&raquo;.<\/p>\n<p>&laquo;Nous sommes accoutum&eacute;s &agrave; motiver nos garanties avec des sujets non imit&eacute;s, des sujets avec lesquels nos clients peuvent se proposer sur le march&eacute; et soutenir la sup&eacute;riorit&eacute; du produit manufactur&eacute; en bois&raquo;, a conclus Maestrami qui a aussi pr&eacute;sent&eacute; le groupe Renner Herrmann dans le monde.<\/p>\n<p>Le chimiste Carlo Zagano a pass&eacute; en revue les essais exclusifs de d&eacute;gradation naturelle de Renner Italia, en r&eacute;v&eacute;lant ce d&eacute;tail sp&eacute;cifique et parfois silencieux, du travail qui se d&eacute;roule dans les laboratoires Renner Italia. Il s&rsquo;agit de la s&eacute;lection des meilleures mati&egrave;res premi&egrave;res: &laquo;Notre devoir est de tamiser le monde des mati&egrave;res premi&egrave;res, car le m&eacute;lange n&rsquo;est pas exhaustif: un choix pr&eacute;cis est n&eacute;cessaire pour produire les meilleures vernis, et nous choisissons seulement les meilleurs&raquo;.<\/p>\n<p>&laquo;Nous pensons que la propension de Renner Italia au d&eacute;passement de ses limites est claire. Pour garantir 10 ann&eacute;es aux fen&ecirc;tres, &#8211; ha racont&eacute; Zagano, nous avons d&eacute;cid&eacute; de v&eacute;rifier la capacit&eacute; de r&eacute;sistance des cycles &agrave; quatre mains pour une ann&eacute;e ou cours des &eacute;t&eacute;s subtropicales de Townsville et Miami, et apr&egrave;s, nous avons pr&eacute;tendu davantage, pour garantir 15 ann&eacute;es. C&rsquo;est &agrave; ce moment-l&agrave; la naissance de World Wide: nous avons augment&eacute; le cycle d&rsquo;une couche, nous avons prolong&eacute; le temps d&rsquo;exposition &agrave; trois ann&eacute;es et le parc d&rsquo;exposition jusqu&rsquo;&agrave; l&#039;Arizona, &agrave; Singapour et en Sib&eacute;rie &#8230; Nous avons d&eacute;cid&eacute; de changer de cobaye, et nous sommes pass&eacute;s de la corni&egrave;re d&rsquo;acier de la fen&ecirc;tre au volet, car ce dernier est tout &agrave; fait plus expos&eacute; au stress atmosph&eacute;rique. Maintenant, nous nous sommes engag&eacute;s dans le projet Odyssey avec lequel nous allons tester 18 cycles de vernissage sur une plateforme oc&eacute;anographique du Cnr (*Conseil national des recherches italien) et dans le port de G&ecirc;nes.<\/p>\n<p>Pourquoi ce qui caract&eacute;rise les recherches chez Renner Italia en un fort ent&ecirc;tement? Parce qu&rsquo;au moment o&ugrave; nous d&eacute;livrons un certificat de garantie, son support s&eacute;rieux doit &ecirc;tre per&ccedil;u tout de suite&raquo;.<\/p>\n<p>Valt Plastic, repr&eacute;sent&eacute;e par Mauro Puricelli et Mauro Calissi, a offert un &eacute;v&eacute;nement de qualit&eacute; absolue aux professionnels du bois de la Valteline.&nbsp;<\/p>\n<p>Dans la photo en haut &agrave; droite: Luigi Maestrami et Carlo Zagano montrent les volets de retour du projet World Wide aux monteurs de portes et des fen&ecirc;tres et aux vernisseurs de la Valteline.<\/p>\n<p>Dans la photo: Carlo Zagano au cours de la convention, suivi par Sonia Maritan et Luigi Maestrami.<\/p>\n","protected":false},"excerpt":{"rendered":"<p>[24.09.2012] Les vernis Renner Italia comme valeur ajout&eacute;e qui r&eacute;pond au d&eacute;fi du march&eacute; des portes et des fen&ecirc;tres italiennes en crise. C&rsquo;&eacute;tait le sujet de la convention &quot;la protection totale du bois&quot; organis&eacute;e vendredi dernier &agrave; Barbenno di Valteline par Valt Plastic et Renner Italia. L&rsquo;examen attentif est parti de l&rsquo;analyse des chiffres du [&hellip;]<\/p>\n","protected":false},"author":2,"featured_media":54767,"comment_status":"closed","ping_status":"open","sticky":false,"template":"","format":"standard","meta":{"footnotes":""},"categories":[5],"tags":[],"class_list":["post-54532","post","type-post","status-publish","format-standard","has-post-thumbnail","hentry","category-renner-blog-fr"],"yoast_head":"<!-- This site is optimized with the Yoast SEO plugin v27.5 - https:\/\/yoast.com\/product\/yoast-seo-wordpress\/ -->\n<title>La protection totale du bois: les vernis Renner Italia en Valteline - Renner Italia<\/title>\n<meta name=\"robots\" content=\"index, follow, max-snippet:-1, max-image-preview:large, max-video-preview:-1\" \/>\n<link rel=\"canonical\" href=\"https:\/\/renneritalia.com\/fr\/la-protection-totale-du-bois-les-vernis-renner-italia-en-valteline\/\" \/>\n<meta property=\"og:locale\" content=\"fr_FR\" \/>\n<meta property=\"og:type\" content=\"article\" \/>\n<meta property=\"og:title\" content=\"La protection totale du bois: les vernis Renner Italia en Valteline - Renner Italia\" \/>\n<meta property=\"og:description\" content=\"[24.09.2012] Les vernis Renner Italia comme valeur ajout&eacute;e qui r&eacute;pond au d&eacute;fi du march&eacute; des portes et des fen&ecirc;tres italiennes en crise. C&rsquo;&eacute;tait le sujet de la convention &quot;la protection totale du bois&quot; organis&eacute;e vendredi dernier &agrave; Barbenno di Valteline par Valt Plastic et Renner Italia. L&rsquo;examen attentif est parti de l&rsquo;analyse des chiffres du [&hellip;]\" \/>\n<meta property=\"og:url\" content=\"https:\/\/renneritalia.com\/fr\/la-protection-totale-du-bois-les-vernis-renner-italia-en-valteline\/\" \/>\n<meta property=\"og:site_name\" content=\"Renner Italia\" \/>\n<meta property=\"article:published_time\" content=\"2012-09-23T22:00:00+00:00\" \/>\n<meta property=\"article:modified_time\" content=\"2022-08-30T11:03:23+00:00\" \/>\n<meta property=\"og:image\" content=\"https:\/\/renneritalia.com\/wp-content\/uploads\/2022\/08\/renner-blog.png\" \/>\n\t<meta property=\"og:image:width\" content=\"960\" \/>\n\t<meta property=\"og:image:height\" content=\"650\" \/>\n\t<meta property=\"og:image:type\" content=\"image\/png\" \/>\n<meta name=\"author\" content=\"Luca Fotia\" \/>\n<meta name=\"twitter:card\" content=\"summary_large_image\" \/>\n<meta name=\"twitter:label1\" content=\"\u00c9crit par\" \/>\n\t<meta name=\"twitter:data1\" content=\"Luca Fotia\" \/>\n\t<meta name=\"twitter:label2\" content=\"Dur\u00e9e de lecture estim\u00e9e\" \/>\n\t<meta name=\"twitter:data2\" content=\"7 minutes\" \/>\n<script type=\"application\/ld+json\" class=\"yoast-schema-graph\">{\"@context\":\"https:\\\/\\\/schema.org\",\"@graph\":[{\"@type\":\"Article\",\"@id\":\"https:\\\/\\\/renneritalia.com\\\/fr\\\/la-protection-totale-du-bois-les-vernis-renner-italia-en-valteline\\\/#article\",\"isPartOf\":{\"@id\":\"https:\\\/\\\/renneritalia.com\\\/fr\\\/la-protection-totale-du-bois-les-vernis-renner-italia-en-valteline\\\/\"},\"author\":{\"name\":\"Luca Fotia\",\"@id\":\"https:\\\/\\\/renneritalia.com\\\/#\\\/schema\\\/person\\\/b56295f9e1cfccab4cbc3822deb13d0d\"},\"headline\":\"La protection totale du bois: les vernis Renner Italia en Valteline\",\"datePublished\":\"2012-09-23T22:00:00+00:00\",\"dateModified\":\"2022-08-30T11:03:23+00:00\",\"mainEntityOfPage\":{\"@id\":\"https:\\\/\\\/renneritalia.com\\\/fr\\\/la-protection-totale-du-bois-les-vernis-renner-italia-en-valteline\\\/\"},\"wordCount\":1350,\"publisher\":{\"@id\":\"https:\\\/\\\/renneritalia.com\\\/#organization\"},\"image\":{\"@id\":\"https:\\\/\\\/renneritalia.com\\\/fr\\\/la-protection-totale-du-bois-les-vernis-renner-italia-en-valteline\\\/#primaryimage\"},\"thumbnailUrl\":\"https:\\\/\\\/renneritalia.com\\\/wp-content\\\/uploads\\\/2022\\\/08\\\/renner-blog.png\",\"articleSection\":[\"Renner Blog\"],\"inLanguage\":\"fr-FR\"},{\"@type\":\"WebPage\",\"@id\":\"https:\\\/\\\/renneritalia.com\\\/fr\\\/la-protection-totale-du-bois-les-vernis-renner-italia-en-valteline\\\/\",\"url\":\"https:\\\/\\\/renneritalia.com\\\/fr\\\/la-protection-totale-du-bois-les-vernis-renner-italia-en-valteline\\\/\",\"name\":\"La protection totale du bois: les vernis Renner Italia en Valteline - Renner Italia\",\"isPartOf\":{\"@id\":\"https:\\\/\\\/renneritalia.com\\\/#website\"},\"primaryImageOfPage\":{\"@id\":\"https:\\\/\\\/renneritalia.com\\\/fr\\\/la-protection-totale-du-bois-les-vernis-renner-italia-en-valteline\\\/#primaryimage\"},\"image\":{\"@id\":\"https:\\\/\\\/renneritalia.com\\\/fr\\\/la-protection-totale-du-bois-les-vernis-renner-italia-en-valteline\\\/#primaryimage\"},\"thumbnailUrl\":\"https:\\\/\\\/renneritalia.com\\\/wp-content\\\/uploads\\\/2022\\\/08\\\/renner-blog.png\",\"datePublished\":\"2012-09-23T22:00:00+00:00\",\"dateModified\":\"2022-08-30T11:03:23+00:00\",\"breadcrumb\":{\"@id\":\"https:\\\/\\\/renneritalia.com\\\/fr\\\/la-protection-totale-du-bois-les-vernis-renner-italia-en-valteline\\\/#breadcrumb\"},\"inLanguage\":\"fr-FR\",\"potentialAction\":[{\"@type\":\"ReadAction\",\"target\":[\"https:\\\/\\\/renneritalia.com\\\/fr\\\/la-protection-totale-du-bois-les-vernis-renner-italia-en-valteline\\\/\"]}]},{\"@type\":\"ImageObject\",\"inLanguage\":\"fr-FR\",\"@id\":\"https:\\\/\\\/renneritalia.com\\\/fr\\\/la-protection-totale-du-bois-les-vernis-renner-italia-en-valteline\\\/#primaryimage\",\"url\":\"https:\\\/\\\/renneritalia.com\\\/wp-content\\\/uploads\\\/2022\\\/08\\\/renner-blog.png\",\"contentUrl\":\"https:\\\/\\\/renneritalia.com\\\/wp-content\\\/uploads\\\/2022\\\/08\\\/renner-blog.png\",\"width\":960,\"height\":650},{\"@type\":\"BreadcrumbList\",\"@id\":\"https:\\\/\\\/renneritalia.com\\\/fr\\\/la-protection-totale-du-bois-les-vernis-renner-italia-en-valteline\\\/#breadcrumb\",\"itemListElement\":[{\"@type\":\"ListItem\",\"position\":1,\"name\":\"Home\",\"item\":\"https:\\\/\\\/renneritalia.com\\\/fr\\\/\"},{\"@type\":\"ListItem\",\"position\":2,\"name\":\"La protection totale du bois: les vernis Renner Italia en Valteline\"}]},{\"@type\":\"WebSite\",\"@id\":\"https:\\\/\\\/renneritalia.com\\\/#website\",\"url\":\"https:\\\/\\\/renneritalia.com\\\/\",\"name\":\"Renner Italia\",\"description\":\"Coatings\",\"publisher\":{\"@id\":\"https:\\\/\\\/renneritalia.com\\\/#organization\"},\"potentialAction\":[{\"@type\":\"SearchAction\",\"target\":{\"@type\":\"EntryPoint\",\"urlTemplate\":\"https:\\\/\\\/renneritalia.com\\\/?s={search_term_string}\"},\"query-input\":{\"@type\":\"PropertyValueSpecification\",\"valueRequired\":true,\"valueName\":\"search_term_string\"}}],\"inLanguage\":\"fr-FR\"},{\"@type\":\"Organization\",\"@id\":\"https:\\\/\\\/renneritalia.com\\\/#organization\",\"name\":\"Renner Italia\",\"url\":\"https:\\\/\\\/renneritalia.com\\\/\",\"logo\":{\"@type\":\"ImageObject\",\"inLanguage\":\"fr-FR\",\"@id\":\"https:\\\/\\\/renneritalia.com\\\/#\\\/schema\\\/logo\\\/image\\\/\",\"url\":\"https:\\\/\\\/renneritalia.com\\\/wp-content\\\/uploads\\\/2025\\\/03\\\/logo_renner_italia.svg\",\"contentUrl\":\"https:\\\/\\\/renneritalia.com\\\/wp-content\\\/uploads\\\/2025\\\/03\\\/logo_renner_italia.svg\",\"caption\":\"Renner Italia\"},\"image\":{\"@id\":\"https:\\\/\\\/renneritalia.com\\\/#\\\/schema\\\/logo\\\/image\\\/\"}},{\"@type\":\"Person\",\"@id\":\"https:\\\/\\\/renneritalia.com\\\/#\\\/schema\\\/person\\\/b56295f9e1cfccab4cbc3822deb13d0d\",\"name\":\"Luca Fotia\",\"image\":{\"@type\":\"ImageObject\",\"inLanguage\":\"fr-FR\",\"@id\":\"https:\\\/\\\/secure.gravatar.com\\\/avatar\\\/7c6f35bc0f6d5eb956a627714018141764948542727516e342f7e1db1c35486e?s=96&d=mm&r=g\",\"url\":\"https:\\\/\\\/secure.gravatar.com\\\/avatar\\\/7c6f35bc0f6d5eb956a627714018141764948542727516e342f7e1db1c35486e?s=96&d=mm&r=g\",\"contentUrl\":\"https:\\\/\\\/secure.gravatar.com\\\/avatar\\\/7c6f35bc0f6d5eb956a627714018141764948542727516e342f7e1db1c35486e?s=96&d=mm&r=g\",\"caption\":\"Luca Fotia\"},\"url\":\"https:\\\/\\\/renneritalia.com\\\/fr\\\/author\\\/luca-fotia\\\/\"}]}<\/script>\n<!-- \/ Yoast SEO plugin. -->","yoast_head_json":{"title":"La protection totale du bois: les vernis Renner Italia en Valteline - Renner Italia","robots":{"index":"index","follow":"follow","max-snippet":"max-snippet:-1","max-image-preview":"max-image-preview:large","max-video-preview":"max-video-preview:-1"},"canonical":"https:\/\/renneritalia.com\/fr\/la-protection-totale-du-bois-les-vernis-renner-italia-en-valteline\/","og_locale":"fr_FR","og_type":"article","og_title":"La protection totale du bois: les vernis Renner Italia en Valteline - Renner Italia","og_description":"[24.09.2012] Les vernis Renner Italia comme valeur ajout&eacute;e qui r&eacute;pond au d&eacute;fi du march&eacute; des portes et des fen&ecirc;tres italiennes en crise. C&rsquo;&eacute;tait le sujet de la convention &quot;la protection totale du bois&quot; organis&eacute;e vendredi dernier &agrave; Barbenno di Valteline par Valt Plastic et Renner Italia. L&rsquo;examen attentif est parti de l&rsquo;analyse des chiffres du [&hellip;]","og_url":"https:\/\/renneritalia.com\/fr\/la-protection-totale-du-bois-les-vernis-renner-italia-en-valteline\/","og_site_name":"Renner Italia","article_published_time":"2012-09-23T22:00:00+00:00","article_modified_time":"2022-08-30T11:03:23+00:00","og_image":[{"width":960,"height":650,"url":"https:\/\/renneritalia.com\/wp-content\/uploads\/2022\/08\/renner-blog.png","type":"image\/png"}],"author":"Luca Fotia","twitter_card":"summary_large_image","twitter_misc":{"\u00c9crit par":"Luca Fotia","Dur\u00e9e de lecture estim\u00e9e":"7 minutes"},"schema":{"@context":"https:\/\/schema.org","@graph":[{"@type":"Article","@id":"https:\/\/renneritalia.com\/fr\/la-protection-totale-du-bois-les-vernis-renner-italia-en-valteline\/#article","isPartOf":{"@id":"https:\/\/renneritalia.com\/fr\/la-protection-totale-du-bois-les-vernis-renner-italia-en-valteline\/"},"author":{"name":"Luca Fotia","@id":"https:\/\/renneritalia.com\/#\/schema\/person\/b56295f9e1cfccab4cbc3822deb13d0d"},"headline":"La protection totale du bois: les vernis Renner Italia en Valteline","datePublished":"2012-09-23T22:00:00+00:00","dateModified":"2022-08-30T11:03:23+00:00","mainEntityOfPage":{"@id":"https:\/\/renneritalia.com\/fr\/la-protection-totale-du-bois-les-vernis-renner-italia-en-valteline\/"},"wordCount":1350,"publisher":{"@id":"https:\/\/renneritalia.com\/#organization"},"image":{"@id":"https:\/\/renneritalia.com\/fr\/la-protection-totale-du-bois-les-vernis-renner-italia-en-valteline\/#primaryimage"},"thumbnailUrl":"https:\/\/renneritalia.com\/wp-content\/uploads\/2022\/08\/renner-blog.png","articleSection":["Renner Blog"],"inLanguage":"fr-FR"},{"@type":"WebPage","@id":"https:\/\/renneritalia.com\/fr\/la-protection-totale-du-bois-les-vernis-renner-italia-en-valteline\/","url":"https:\/\/renneritalia.com\/fr\/la-protection-totale-du-bois-les-vernis-renner-italia-en-valteline\/","name":"La protection totale du bois: les vernis Renner Italia en Valteline - Renner Italia","isPartOf":{"@id":"https:\/\/renneritalia.com\/#website"},"primaryImageOfPage":{"@id":"https:\/\/renneritalia.com\/fr\/la-protection-totale-du-bois-les-vernis-renner-italia-en-valteline\/#primaryimage"},"image":{"@id":"https:\/\/renneritalia.com\/fr\/la-protection-totale-du-bois-les-vernis-renner-italia-en-valteline\/#primaryimage"},"thumbnailUrl":"https:\/\/renneritalia.com\/wp-content\/uploads\/2022\/08\/renner-blog.png","datePublished":"2012-09-23T22:00:00+00:00","dateModified":"2022-08-30T11:03:23+00:00","breadcrumb":{"@id":"https:\/\/renneritalia.com\/fr\/la-protection-totale-du-bois-les-vernis-renner-italia-en-valteline\/#breadcrumb"},"inLanguage":"fr-FR","potentialAction":[{"@type":"ReadAction","target":["https:\/\/renneritalia.com\/fr\/la-protection-totale-du-bois-les-vernis-renner-italia-en-valteline\/"]}]},{"@type":"ImageObject","inLanguage":"fr-FR","@id":"https:\/\/renneritalia.com\/fr\/la-protection-totale-du-bois-les-vernis-renner-italia-en-valteline\/#primaryimage","url":"https:\/\/renneritalia.com\/wp-content\/uploads\/2022\/08\/renner-blog.png","contentUrl":"https:\/\/renneritalia.com\/wp-content\/uploads\/2022\/08\/renner-blog.png","width":960,"height":650},{"@type":"BreadcrumbList","@id":"https:\/\/renneritalia.com\/fr\/la-protection-totale-du-bois-les-vernis-renner-italia-en-valteline\/#breadcrumb","itemListElement":[{"@type":"ListItem","position":1,"name":"Home","item":"https:\/\/renneritalia.com\/fr\/"},{"@type":"ListItem","position":2,"name":"La protection totale du bois: les vernis Renner Italia en Valteline"}]},{"@type":"WebSite","@id":"https:\/\/renneritalia.com\/#website","url":"https:\/\/renneritalia.com\/","name":"Renner Italia","description":"Coatings","publisher":{"@id":"https:\/\/renneritalia.com\/#organization"},"potentialAction":[{"@type":"SearchAction","target":{"@type":"EntryPoint","urlTemplate":"https:\/\/renneritalia.com\/?s={search_term_string}"},"query-input":{"@type":"PropertyValueSpecification","valueRequired":true,"valueName":"search_term_string"}}],"inLanguage":"fr-FR"},{"@type":"Organization","@id":"https:\/\/renneritalia.com\/#organization","name":"Renner Italia","url":"https:\/\/renneritalia.com\/","logo":{"@type":"ImageObject","inLanguage":"fr-FR","@id":"https:\/\/renneritalia.com\/#\/schema\/logo\/image\/","url":"https:\/\/renneritalia.com\/wp-content\/uploads\/2025\/03\/logo_renner_italia.svg","contentUrl":"https:\/\/renneritalia.com\/wp-content\/uploads\/2025\/03\/logo_renner_italia.svg","caption":"Renner Italia"},"image":{"@id":"https:\/\/renneritalia.com\/#\/schema\/logo\/image\/"}},{"@type":"Person","@id":"https:\/\/renneritalia.com\/#\/schema\/person\/b56295f9e1cfccab4cbc3822deb13d0d","name":"Luca Fotia","image":{"@type":"ImageObject","inLanguage":"fr-FR","@id":"https:\/\/secure.gravatar.com\/avatar\/7c6f35bc0f6d5eb956a627714018141764948542727516e342f7e1db1c35486e?s=96&d=mm&r=g","url":"https:\/\/secure.gravatar.com\/avatar\/7c6f35bc0f6d5eb956a627714018141764948542727516e342f7e1db1c35486e?s=96&d=mm&r=g","contentUrl":"https:\/\/secure.gravatar.com\/avatar\/7c6f35bc0f6d5eb956a627714018141764948542727516e342f7e1db1c35486e?s=96&d=mm&r=g","caption":"Luca Fotia"},"url":"https:\/\/renneritalia.com\/fr\/author\/luca-fotia\/"}]}},"_links":{"self":[{"href":"https:\/\/renneritalia.com\/fr\/wp-json\/wp\/v2\/posts\/54532","targetHints":{"allow":["GET"]}}],"collection":[{"href":"https:\/\/renneritalia.com\/fr\/wp-json\/wp\/v2\/posts"}],"about":[{"href":"https:\/\/renneritalia.com\/fr\/wp-json\/wp\/v2\/types\/post"}],"author":[{"embeddable":true,"href":"https:\/\/renneritalia.com\/fr\/wp-json\/wp\/v2\/users\/2"}],"replies":[{"embeddable":true,"href":"https:\/\/renneritalia.com\/fr\/wp-json\/wp\/v2\/comments?post=54532"}],"version-history":[{"count":1,"href":"https:\/\/renneritalia.com\/fr\/wp-json\/wp\/v2\/posts\/54532\/revisions"}],"predecessor-version":[{"id":54965,"href":"https:\/\/renneritalia.com\/fr\/wp-json\/wp\/v2\/posts\/54532\/revisions\/54965"}],"wp:featuredmedia":[{"embeddable":true,"href":"https:\/\/renneritalia.com\/fr\/wp-json\/wp\/v2\/media\/54767"}],"wp:attachment":[{"href":"https:\/\/renneritalia.com\/fr\/wp-json\/wp\/v2\/media?parent=54532"}],"wp:term":[{"taxonomy":"category","embeddable":true,"href":"https:\/\/renneritalia.com\/fr\/wp-json\/wp\/v2\/categories?post=54532"},{"taxonomy":"post_tag","embeddable":true,"href":"https:\/\/renneritalia.com\/fr\/wp-json\/wp\/v2\/tags?post=54532"}],"curies":[{"name":"wp","href":"https:\/\/api.w.org\/{rel}","templated":true}]}}