{"id":123853,"date":"2026-04-28T10:03:02","date_gmt":"2026-04-28T08:03:02","guid":{"rendered":"https:\/\/renneritalia.com\/?p=123853"},"modified":"2026-04-28T16:11:55","modified_gmt":"2026-04-28T14:11:55","slug":"salone-2026-le-design-revient-au-reel-matieres-imperfections-et-hierarchies-de-la-couleur","status":"publish","type":"post","link":"https:\/\/renneritalia.com\/fr\/salone-2026-le-design-revient-au-reel-matieres-imperfections-et-hierarchies-de-la-couleur\/","title":{"rendered":"Salone 2026 : le design revient au r\u00e9el \u2014 mati\u00e8res, imperfections et hi\u00e9rarchies de la couleur"},"content":{"rendered":"\t\t<div data-elementor-type=\"wp-post\" data-elementor-id=\"123853\" class=\"elementor elementor-123853 elementor-123747\" data-elementor-post-type=\"post\">\n\t\t\t\t<div class=\"has_eae_slider elementor-element elementor-element-6b42cb1 e-flex e-con-boxed e-con e-parent\" data-eae-slider=\"70448\" data-id=\"6b42cb1\" data-element_type=\"container\" data-e-type=\"container\" data-settings=\"{&quot;jet_parallax_layout_list&quot;:[]}\">\n\t\t\t\t\t<div class=\"e-con-inner\">\n\t\t\t\t<div class=\"elementor-element elementor-element-53cdbb2 elementor-widget elementor-widget-text-editor\" data-id=\"53cdbb2\" data-element_type=\"widget\" data-e-type=\"widget\" data-widget_type=\"text-editor.default\">\n\t\t\t\t<div class=\"elementor-widget-container\">\n\t\t\t\t\t\t\t\t\t<p>Le Salone del Mobile 2026 met en lumi\u00e8re un retour \u00e0 un design centr\u00e9 sur la mati\u00e8re. Dans un contexte international complexe, marqu\u00e9 par des instabilit\u00e9s \u00e9conomiques et des transformations profondes de l\u2019habitat, les th\u00e8mes dominants ont \u00e9t\u00e9 ceux de la substance, de la durabilit\u00e9 et de la soutenabilit\u00e9. Le claim <em>\u00ab A Matter of Salone \u00bb<\/em> r\u00e9sume ce passage par un jeu de mots : la mati\u00e8re comme \u00ab ce qui compte \u00bb. La mati\u00e8re comme origine, mais aussi comme transformation.<\/p><p>Dans cette perspective, le design 2026 est interpr\u00e9t\u00e9 comme un processus qui traduit la mati\u00e8re en valeur. Ce n\u2019est plus la forme qui guide, mais la substance. Ce renversement se refl\u00e8te dans une narration o\u00f9 chaque choix de mat\u00e9riau assume une fonction s\u00e9mantique.<\/p><p>Dans ce contexte, les vernis jouent un r\u00f4le fondamental : r\u00e9v\u00e9ler le sens de la mati\u00e8re. Il ne s\u2019agit plus de couvrir ou d\u2019uniformiser, mais d\u2019interpr\u00e9ter \u2014 valoriser le pore, pr\u00e9server la naturalit\u00e9 et garantir des performances durables. Le projet contemporain exige des vernis intelligents : capables de prot\u00e9ger sans masquer, de durer et de dialoguer avec des mat\u00e9riaux h\u00e9t\u00e9rog\u00e8nes.<\/p><p>Cette vision est d\u00e9velopp\u00e9e dans le rapport r\u00e9alis\u00e9 dans le cadre du projet Aesthetics de Renner Italia.<\/p>\t\t\t\t\t\t\t\t<\/div>\n\t\t\t\t<\/div>\n\t\t\t\t<div class=\"elementor-element elementor-element-03e5afc elementor-widget elementor-widget-heading\" data-id=\"03e5afc\" data-element_type=\"widget\" data-e-type=\"widget\" data-widget_type=\"heading.default\">\n\t\t\t\t<div class=\"elementor-widget-container\">\n\t\t\t\t\t<h2 class=\"elementor-heading-title elementor-size-default\">Des surfaces qui racontent : le retour de l\u2019imperfection<\/h2>\t\t\t\t<\/div>\n\t\t\t\t<\/div>\n\t\t\t\t<div class=\"elementor-element elementor-element-97ac602 elementor-widget elementor-widget-text-editor\" data-id=\"97ac602\" data-element_type=\"widget\" data-e-type=\"widget\" data-widget_type=\"text-editor.default\">\n\t\t\t\t<div class=\"elementor-widget-container\">\n\t\t\t\t\t\t\t\t\t<p>L\u2019un des aspects les plus \u00e9vidents de l\u2019\u00e9dition 2026 est la mise en sc\u00e8ne explicite de la mati\u00e8re.<\/p><p>Le b\u00e9ton apparent introduit une base architecturale neutre, capable d\u2019absorber la lumi\u00e8re et de d\u00e9finir les volumes avec une pr\u00e9sence quasi structurelle. Sur ce fond, pierres naturelles et marbres sont pouss\u00e9s vers une dimension plus conceptuelle : non plus de simples surfaces de valeur, mais de v\u00e9ritables plans fonctionnels, notamment en cuisine, o\u00f9 ils deviennent continus et performants. <\/p>\t\t\t\t\t\t\t\t<\/div>\n\t\t\t\t<\/div>\n\t\t\t\t<div class=\"elementor-element elementor-element-6963e89 elementor-widget elementor-widget-image\" data-id=\"6963e89\" data-element_type=\"widget\" data-e-type=\"widget\" data-widget_type=\"image.default\">\n\t\t\t\t<div class=\"elementor-widget-container\">\n\t\t\t\t\t\t\t\t\t\t\t\t\t\t\t<img fetchpriority=\"high\" decoding=\"async\" width=\"1200\" height=\"900\" src=\"https:\/\/renneritalia.com\/wp-content\/uploads\/2026\/04\/1.webp\" class=\"attachment-full size-full wp-image-123751\" alt=\"\" srcset=\"https:\/\/renneritalia.com\/wp-content\/uploads\/2026\/04\/1.webp 1200w, https:\/\/renneritalia.com\/wp-content\/uploads\/2026\/04\/1-300x225.webp 300w, https:\/\/renneritalia.com\/wp-content\/uploads\/2026\/04\/1-1024x768.webp 1024w, https:\/\/renneritalia.com\/wp-content\/uploads\/2026\/04\/1-768x576.webp 768w\" sizes=\"(max-width: 1200px) 100vw, 1200px\" \/>\t\t\t\t\t\t\t\t\t\t\t\t\t\t\t<\/div>\n\t\t\t\t<\/div>\n\t\t\t\t<div class=\"elementor-element elementor-element-e0f7b66 elementor-widget elementor-widget-text-editor\" data-id=\"e0f7b66\" data-element_type=\"widget\" data-e-type=\"widget\" data-widget_type=\"text-editor.default\">\n\t\t\t\t<div class=\"elementor-widget-container\">\n\t\t\t\t\t\t\t\t\t<p>Les m\u00e9taux oxyd\u00e9s, mats et volontairement ray\u00e9s \u2014 directement ou par patine \u2014 restent des protagonistes. Ils apparaissent \u00e0 la fois comme \u00e9l\u00e9ments principaux de mobilier de rangement et comme couches interm\u00e9diaires, servant \u00e0 relier des mat\u00e9riaux diff\u00e9rents ou \u00e0 construire des d\u00e9tails de connexion visibles et assum\u00e9s.<\/p>\t\t\t\t\t\t\t\t<\/div>\n\t\t\t\t<\/div>\n\t\t\t\t<div class=\"elementor-element elementor-element-4bdfde6 elementor-widget elementor-widget-gallery\" data-id=\"4bdfde6\" data-element_type=\"widget\" data-e-type=\"widget\" data-settings=\"{&quot;columns&quot;:2,&quot;aspect_ratio&quot;:&quot;4:3&quot;,&quot;lazyload&quot;:&quot;yes&quot;,&quot;gallery_layout&quot;:&quot;grid&quot;,&quot;columns_tablet&quot;:2,&quot;columns_mobile&quot;:1,&quot;gap&quot;:{&quot;unit&quot;:&quot;px&quot;,&quot;size&quot;:10,&quot;sizes&quot;:[]},&quot;gap_tablet&quot;:{&quot;unit&quot;:&quot;px&quot;,&quot;size&quot;:10,&quot;sizes&quot;:[]},&quot;gap_mobile&quot;:{&quot;unit&quot;:&quot;px&quot;,&quot;size&quot;:10,&quot;sizes&quot;:[]},&quot;link_to&quot;:&quot;file&quot;,&quot;overlay_background&quot;:&quot;yes&quot;,&quot;content_hover_animation&quot;:&quot;fade-in&quot;}\" data-widget_type=\"gallery.default\">\n\t\t\t\t<div class=\"elementor-widget-container\">\n\t\t\t\t\t\t\t<div class=\"elementor-gallery__container\">\n\t\t\t\t\t\t\t<a class=\"e-gallery-item elementor-gallery-item elementor-animated-content\" href=\"https:\/\/renneritalia.com\/wp-content\/uploads\/2026\/04\/2.webp\" data-elementor-open-lightbox=\"yes\" data-elementor-lightbox-slideshow=\"4bdfde6\" data-elementor-lightbox-title=\"2\" data-e-action-hash=\"#elementor-action%3Aaction%3Dlightbox%26settings%3DeyJpZCI6MTIzNzYxLCJ1cmwiOiJodHRwczpcL1wvcmVubmVyaXRhbGlhLmNvbVwvd3AtY29udGVudFwvdXBsb2Fkc1wvMjAyNlwvMDRcLzIud2VicCIsInNsaWRlc2hvdyI6IjRiZGZkZTYifQ%3D%3D\">\n\t\t\t\t\t<div class=\"e-gallery-image elementor-gallery-item__image\" data-thumbnail=\"https:\/\/renneritalia.com\/wp-content\/uploads\/2026\/04\/2.webp\" data-width=\"1200\" data-height=\"900\" aria-label=\"\" role=\"img\" ><\/div>\n\t\t\t\t\t\t\t\t\t\t\t<div class=\"elementor-gallery-item__overlay\"><\/div>\n\t\t\t\t\t\t\t\t\t\t\t\t\t\t<\/a>\n\t\t\t\t\t\t\t<a class=\"e-gallery-item elementor-gallery-item elementor-animated-content\" href=\"https:\/\/renneritalia.com\/wp-content\/uploads\/2026\/04\/3.webp\" data-elementor-open-lightbox=\"yes\" data-elementor-lightbox-slideshow=\"4bdfde6\" data-elementor-lightbox-title=\"3\" data-e-action-hash=\"#elementor-action%3Aaction%3Dlightbox%26settings%3DeyJpZCI6MTIzNzU2LCJ1cmwiOiJodHRwczpcL1wvcmVubmVyaXRhbGlhLmNvbVwvd3AtY29udGVudFwvdXBsb2Fkc1wvMjAyNlwvMDRcLzMud2VicCIsInNsaWRlc2hvdyI6IjRiZGZkZTYifQ%3D%3D\">\n\t\t\t\t\t<div class=\"e-gallery-image elementor-gallery-item__image\" data-thumbnail=\"https:\/\/renneritalia.com\/wp-content\/uploads\/2026\/04\/3.webp\" data-width=\"1200\" data-height=\"900\" aria-label=\"\" role=\"img\" ><\/div>\n\t\t\t\t\t\t\t\t\t\t\t<div class=\"elementor-gallery-item__overlay\"><\/div>\n\t\t\t\t\t\t\t\t\t\t\t\t\t\t<\/a>\n\t\t\t\t\t<\/div>\n\t\t\t\t\t<\/div>\n\t\t\t\t<\/div>\n\t\t\t\t<div class=\"elementor-element elementor-element-c154c5e elementor-widget elementor-widget-text-editor\" data-id=\"c154c5e\" data-element_type=\"widget\" data-e-type=\"widget\" data-widget_type=\"text-editor.default\">\n\t\t\t\t<div class=\"elementor-widget-container\">\n\t\t\t\t\t\t\t\t\t<p>Le verre, dans ses versions textur\u00e9es, martel\u00e9es ou trait\u00e9es avec des finitions m\u00e9talliques, perd sa neutralit\u00e9 traditionnelle pour acqu\u00e9rir une densit\u00e9 visuelle, devenant une surface active et non plus transparente.<\/p>\t\t\t\t\t\t\t\t<\/div>\n\t\t\t\t<\/div>\n\t\t\t\t<div class=\"elementor-element elementor-element-7526128 elementor-widget elementor-widget-gallery\" data-id=\"7526128\" data-element_type=\"widget\" data-e-type=\"widget\" data-settings=\"{&quot;columns&quot;:2,&quot;aspect_ratio&quot;:&quot;4:3&quot;,&quot;lazyload&quot;:&quot;yes&quot;,&quot;gallery_layout&quot;:&quot;grid&quot;,&quot;columns_tablet&quot;:2,&quot;columns_mobile&quot;:1,&quot;gap&quot;:{&quot;unit&quot;:&quot;px&quot;,&quot;size&quot;:10,&quot;sizes&quot;:[]},&quot;gap_tablet&quot;:{&quot;unit&quot;:&quot;px&quot;,&quot;size&quot;:10,&quot;sizes&quot;:[]},&quot;gap_mobile&quot;:{&quot;unit&quot;:&quot;px&quot;,&quot;size&quot;:10,&quot;sizes&quot;:[]},&quot;link_to&quot;:&quot;file&quot;,&quot;overlay_background&quot;:&quot;yes&quot;,&quot;content_hover_animation&quot;:&quot;fade-in&quot;}\" data-widget_type=\"gallery.default\">\n\t\t\t\t<div class=\"elementor-widget-container\">\n\t\t\t\t\t\t\t<div class=\"elementor-gallery__container\">\n\t\t\t\t\t\t\t<a class=\"e-gallery-item elementor-gallery-item elementor-animated-content\" href=\"https:\/\/renneritalia.com\/wp-content\/uploads\/2026\/04\/5.webp\" data-elementor-open-lightbox=\"yes\" data-elementor-lightbox-slideshow=\"7526128\" data-elementor-lightbox-title=\"5\" data-e-action-hash=\"#elementor-action%3Aaction%3Dlightbox%26settings%3DeyJpZCI6MTIzNzY2LCJ1cmwiOiJodHRwczpcL1wvcmVubmVyaXRhbGlhLmNvbVwvd3AtY29udGVudFwvdXBsb2Fkc1wvMjAyNlwvMDRcLzUud2VicCIsInNsaWRlc2hvdyI6Ijc1MjYxMjgifQ%3D%3D\">\n\t\t\t\t\t<div class=\"e-gallery-image elementor-gallery-item__image\" data-thumbnail=\"https:\/\/renneritalia.com\/wp-content\/uploads\/2026\/04\/5.webp\" data-width=\"1200\" data-height=\"900\" aria-label=\"\" role=\"img\" ><\/div>\n\t\t\t\t\t\t\t\t\t\t\t<div class=\"elementor-gallery-item__overlay\"><\/div>\n\t\t\t\t\t\t\t\t\t\t\t\t\t\t<\/a>\n\t\t\t\t\t\t\t<a class=\"e-gallery-item elementor-gallery-item elementor-animated-content\" href=\"https:\/\/renneritalia.com\/wp-content\/uploads\/2026\/04\/4.webp\" data-elementor-open-lightbox=\"yes\" data-elementor-lightbox-slideshow=\"7526128\" data-elementor-lightbox-title=\"4\" data-e-action-hash=\"#elementor-action%3Aaction%3Dlightbox%26settings%3DeyJpZCI6MTIzNzcxLCJ1cmwiOiJodHRwczpcL1wvcmVubmVyaXRhbGlhLmNvbVwvd3AtY29udGVudFwvdXBsb2Fkc1wvMjAyNlwvMDRcLzQud2VicCIsInNsaWRlc2hvdyI6Ijc1MjYxMjgifQ%3D%3D\">\n\t\t\t\t\t<div class=\"e-gallery-image elementor-gallery-item__image\" data-thumbnail=\"https:\/\/renneritalia.com\/wp-content\/uploads\/2026\/04\/4.webp\" data-width=\"1200\" data-height=\"900\" aria-label=\"\" role=\"img\" ><\/div>\n\t\t\t\t\t\t\t\t\t\t\t<div class=\"elementor-gallery-item__overlay\"><\/div>\n\t\t\t\t\t\t\t\t\t\t\t\t\t\t<\/a>\n\t\t\t\t\t<\/div>\n\t\t\t\t\t<\/div>\n\t\t\t\t<\/div>\n\t\t\t\t<div class=\"elementor-element elementor-element-522155b elementor-widget elementor-widget-text-editor\" data-id=\"522155b\" data-element_type=\"widget\" data-e-type=\"widget\" data-widget_type=\"text-editor.default\">\n\t\t\t\t<div class=\"elementor-widget-container\">\n\t\t\t\t\t\t\t\t\t<p>Dans ce syst\u00e8me, le bois n\u2019est pas isol\u00e9 : il entre en relation avec chaque autre mat\u00e9riau, contribuant \u00e0 un \u00e9quilibre entre masses visuelles, r\u00e9flexions et absorptions.<\/p>\t\t\t\t\t\t\t\t<\/div>\n\t\t\t\t<\/div>\n\t\t\t\t<div class=\"elementor-element elementor-element-4e2b894 elementor-widget elementor-widget-heading\" data-id=\"4e2b894\" data-element_type=\"widget\" data-e-type=\"widget\" data-widget_type=\"heading.default\">\n\t\t\t\t<div class=\"elementor-widget-container\">\n\t\t\t\t\t<h2 class=\"elementor-heading-title elementor-size-default\">Le bois : mati\u00e8re technique et \u00e9motionnelle<\/h2>\t\t\t\t<\/div>\n\t\t\t\t<\/div>\n\t\t\t\t<div class=\"elementor-element elementor-element-df7a73a elementor-widget elementor-widget-text-editor\" data-id=\"df7a73a\" data-element_type=\"widget\" data-e-type=\"widget\" data-widget_type=\"text-editor.default\">\n\t\t\t\t<div class=\"elementor-widget-container\">\n\t\t\t\t\t\t\t\t\t<p>Dans cette grammaire, le bois s\u2019impose comme protagoniste absolu \u2014 non par nostalgie, mais pour sa capacit\u00e9 unique \u00e0 conjuguer dimension technologique et \u00e9motionnelle.<\/p><p>Les essences les plus pr\u00e9sentes \u2014 ch\u00eane, noyer canaletto, noyer am\u00e9ricain \u2014 sont travaill\u00e9es de mani\u00e8re \u00e0 pr\u00e9server leur naturalit\u00e9 : pores ouverts, finitions transparentes, faible brillance. Le veinage est central, d\u2019o\u00f9 l\u2019usage g\u00e9n\u00e9ralis\u00e9 de finitions ultra mates. Le fr\u00eane est souvent teint\u00e9 en tons tabac, noir ou gris fonc\u00e9.<\/p><p>Le bois remplit une fonction strat\u00e9gique.<br \/>D\u2019une part, il introduit chaleur et continuit\u00e9 naturelle dans des environnements de plus en plus technologiques. D\u2019autre part, il \u00e9tablit une relation visuelle et tactile avec l\u2019utilisateur, ramenant le projet \u00e0 une \u00e9chelle plus humaine.<\/p><p>En synth\u00e8se : innovation, oui \u2014 mais ancr\u00e9e dans un \u00e9quilibre naturel.<\/p><p>Les tables pr\u00e9sentent souvent des compositions hybrides, o\u00f9 le bois dialogue avec la pierre et le m\u00e9tal. Ce dernier appara\u00eet fr\u00e9quemment comme \u00e9l\u00e9ment interm\u00e9diaire \u2014 une sorte de cadre ou de bande p\u00e9riph\u00e9rique qui valorise le bois. <\/p>\t\t\t\t\t\t\t\t<\/div>\n\t\t\t\t<\/div>\n\t\t\t\t<div class=\"elementor-element elementor-element-6fa0b6b elementor-widget elementor-widget-image\" data-id=\"6fa0b6b\" data-element_type=\"widget\" data-e-type=\"widget\" data-widget_type=\"image.default\">\n\t\t\t\t<div class=\"elementor-widget-container\">\n\t\t\t\t\t\t\t\t\t\t\t\t\t\t\t<img decoding=\"async\" width=\"1200\" height=\"900\" src=\"https:\/\/renneritalia.com\/wp-content\/uploads\/2026\/04\/6.webp\" class=\"attachment-full size-full wp-image-123776\" alt=\"\" srcset=\"https:\/\/renneritalia.com\/wp-content\/uploads\/2026\/04\/6.webp 1200w, https:\/\/renneritalia.com\/wp-content\/uploads\/2026\/04\/6-300x225.webp 300w, https:\/\/renneritalia.com\/wp-content\/uploads\/2026\/04\/6-1024x768.webp 1024w, https:\/\/renneritalia.com\/wp-content\/uploads\/2026\/04\/6-768x576.webp 768w\" sizes=\"(max-width: 1200px) 100vw, 1200px\" \/>\t\t\t\t\t\t\t\t\t\t\t\t\t\t\t<\/div>\n\t\t\t\t<\/div>\n\t\t\t\t<div class=\"elementor-element elementor-element-5cb2bf3 elementor-widget elementor-widget-text-editor\" data-id=\"5cb2bf3\" data-element_type=\"widget\" data-e-type=\"widget\" data-widget_type=\"text-editor.default\">\n\t\t\t\t<div class=\"elementor-widget-container\">\n\t\t\t\t\t\t\t\t\t<p>Dans les assises, le bois retrouve une dimension presque arch\u00e9typale, devenant structure dominante et explicitement assum\u00e9e.<\/p>\t\t\t\t\t\t\t\t<\/div>\n\t\t\t\t<\/div>\n\t\t\t\t<div class=\"elementor-element elementor-element-e755d3d elementor-widget elementor-widget-image\" data-id=\"e755d3d\" data-element_type=\"widget\" data-e-type=\"widget\" data-widget_type=\"image.default\">\n\t\t\t\t<div class=\"elementor-widget-container\">\n\t\t\t\t\t\t\t\t\t\t\t\t\t\t\t<img decoding=\"async\" width=\"1200\" height=\"900\" src=\"https:\/\/renneritalia.com\/wp-content\/uploads\/2026\/04\/7.webp\" class=\"attachment-full size-full wp-image-123781\" alt=\"\" srcset=\"https:\/\/renneritalia.com\/wp-content\/uploads\/2026\/04\/7.webp 1200w, https:\/\/renneritalia.com\/wp-content\/uploads\/2026\/04\/7-300x225.webp 300w, https:\/\/renneritalia.com\/wp-content\/uploads\/2026\/04\/7-1024x768.webp 1024w, https:\/\/renneritalia.com\/wp-content\/uploads\/2026\/04\/7-768x576.webp 768w\" sizes=\"(max-width: 1200px) 100vw, 1200px\" \/>\t\t\t\t\t\t\t\t\t\t\t\t\t\t\t<\/div>\n\t\t\t\t<\/div>\n\t\t\t\t<div class=\"elementor-element elementor-element-7f12af2 elementor-widget elementor-widget-text-editor\" data-id=\"7f12af2\" data-element_type=\"widget\" data-e-type=\"widget\" data-widget_type=\"text-editor.default\">\n\t\t\t\t<div class=\"elementor-widget-container\">\n\t\t\t\t\t\t\t\t\t<p>Le bambou appara\u00eet ponctuellement comme mat\u00e9riau r\u00e9sistant, durable et \u00e0 l\u2019esth\u00e9tique tress\u00e9e audacieuse.<\/p>\t\t\t\t\t\t\t\t<\/div>\n\t\t\t\t<\/div>\n\t\t\t\t<div class=\"elementor-element elementor-element-0d75869 elementor-widget elementor-widget-image\" data-id=\"0d75869\" data-element_type=\"widget\" data-e-type=\"widget\" data-widget_type=\"image.default\">\n\t\t\t\t<div class=\"elementor-widget-container\">\n\t\t\t\t\t\t\t\t\t\t\t\t\t\t\t<img loading=\"lazy\" decoding=\"async\" width=\"1200\" height=\"900\" src=\"https:\/\/renneritalia.com\/wp-content\/uploads\/2026\/04\/8.webp\" class=\"attachment-full size-full wp-image-123786\" alt=\"\" srcset=\"https:\/\/renneritalia.com\/wp-content\/uploads\/2026\/04\/8.webp 1200w, https:\/\/renneritalia.com\/wp-content\/uploads\/2026\/04\/8-300x225.webp 300w, https:\/\/renneritalia.com\/wp-content\/uploads\/2026\/04\/8-1024x768.webp 1024w, https:\/\/renneritalia.com\/wp-content\/uploads\/2026\/04\/8-768x576.webp 768w\" sizes=\"(max-width: 1200px) 100vw, 1200px\" \/>\t\t\t\t\t\t\t\t\t\t\t\t\t\t\t<\/div>\n\t\t\t\t<\/div>\n\t\t\t\t<div class=\"elementor-element elementor-element-665022a elementor-widget elementor-widget-text-editor\" data-id=\"665022a\" data-element_type=\"widget\" data-e-type=\"widget\" data-widget_type=\"text-editor.default\">\n\t\t\t\t<div class=\"elementor-widget-container\">\n\t\t\t\t\t\t\t\t\t<p>Le bois joue \u00e9galement un r\u00f4le central dans la salle de bain, r\u00e9int\u00e9grant cet espace au c\u0153ur du syst\u00e8me domestique.<\/p>\t\t\t\t\t\t\t\t<\/div>\n\t\t\t\t<\/div>\n\t\t\t\t<div class=\"elementor-element elementor-element-004b90b elementor-widget elementor-widget-image\" data-id=\"004b90b\" data-element_type=\"widget\" data-e-type=\"widget\" data-widget_type=\"image.default\">\n\t\t\t\t<div class=\"elementor-widget-container\">\n\t\t\t\t\t\t\t\t\t\t\t\t\t\t\t<img loading=\"lazy\" decoding=\"async\" width=\"1200\" height=\"900\" src=\"https:\/\/renneritalia.com\/wp-content\/uploads\/2026\/04\/9.webp\" class=\"attachment-full size-full wp-image-123791\" alt=\"\" srcset=\"https:\/\/renneritalia.com\/wp-content\/uploads\/2026\/04\/9.webp 1200w, https:\/\/renneritalia.com\/wp-content\/uploads\/2026\/04\/9-300x225.webp 300w, https:\/\/renneritalia.com\/wp-content\/uploads\/2026\/04\/9-1024x768.webp 1024w, https:\/\/renneritalia.com\/wp-content\/uploads\/2026\/04\/9-768x576.webp 768w\" sizes=\"(max-width: 1200px) 100vw, 1200px\" \/>\t\t\t\t\t\t\t\t\t\t\t\t\t\t\t<\/div>\n\t\t\t\t<\/div>\n\t\t\t\t\t<\/div>\n\t\t\t\t<\/div>\n\t\t<div class=\"has_eae_slider elementor-element elementor-element-3b01524 e-flex e-con-boxed e-con e-parent\" data-eae-slider=\"87872\" data-id=\"3b01524\" data-element_type=\"container\" data-e-type=\"container\" data-settings=\"{&quot;jet_parallax_layout_list&quot;:[]}\">\n\t\t\t\t\t<div class=\"e-con-inner\">\n\t\t\t\t<div class=\"elementor-element elementor-element-58e6983 elementor-widget elementor-widget-heading\" data-id=\"58e6983\" data-element_type=\"widget\" data-e-type=\"widget\" data-widget_type=\"heading.default\">\n\t\t\t\t<div class=\"elementor-widget-container\">\n\t\t\t\t\t<h2 class=\"elementor-heading-title elementor-size-default\">Neocraft : l\u2019artisanat comme syst\u00e8me \u00e9volu\u00e9<\/h2>\t\t\t\t<\/div>\n\t\t\t\t<\/div>\n\t\t\t\t<div class=\"elementor-element elementor-element-2e59568 elementor-widget elementor-widget-text-editor\" data-id=\"2e59568\" data-element_type=\"widget\" data-e-type=\"widget\" data-widget_type=\"text-editor.default\">\n\t\t\t\t<div class=\"elementor-widget-container\">\n\t\t\t\t\t\t\t\t\t<p>L\u2019un des th\u00e8mes majeurs du Salone 2026 est le d\u00e9veloppement du <em>Neocraft<\/em> : une approche contemporaine qui fusionne artisanat traditionnel et technologies avanc\u00e9es, valorisant l\u2019imperfection, la durabilit\u00e9 et l\u2019unicit\u00e9.<\/p><p>Le Neocraft se positionne comme une r\u00e9ponse \u00e9thique \u00e0 l\u2019homog\u00e9n\u00e9isation industrielle.<\/p><p>Ce concept traverse toute la manifestation, mais trouve une expression particuli\u00e8re au Salone Satellite, d\u00e9di\u00e9 aux designers \u00e9mergents de moins de 35 ans. On y observe des formes organiques, souvent biomorphiques : volumes ovo\u00efdes, surfaces continues, structures en bois \u00e0 veinage visible, combin\u00e9s \u00e0 des inserts chrom\u00e9s ou r\u00e9fl\u00e9chissants. <\/p>\t\t\t\t\t\t\t\t<\/div>\n\t\t\t\t<\/div>\n\t\t\t\t<div class=\"elementor-element elementor-element-8ff1e48 elementor-widget elementor-widget-image\" data-id=\"8ff1e48\" data-element_type=\"widget\" data-e-type=\"widget\" data-widget_type=\"image.default\">\n\t\t\t\t<div class=\"elementor-widget-container\">\n\t\t\t\t\t\t\t\t\t\t\t\t\t\t\t<img loading=\"lazy\" decoding=\"async\" width=\"1200\" height=\"900\" src=\"https:\/\/renneritalia.com\/wp-content\/uploads\/2026\/04\/10.webp\" class=\"attachment-full size-full wp-image-123796\" alt=\"\" srcset=\"https:\/\/renneritalia.com\/wp-content\/uploads\/2026\/04\/10.webp 1200w, https:\/\/renneritalia.com\/wp-content\/uploads\/2026\/04\/10-300x225.webp 300w, https:\/\/renneritalia.com\/wp-content\/uploads\/2026\/04\/10-1024x768.webp 1024w, https:\/\/renneritalia.com\/wp-content\/uploads\/2026\/04\/10-768x576.webp 768w\" sizes=\"(max-width: 1200px) 100vw, 1200px\" \/>\t\t\t\t\t\t\t\t\t\t\t\t\t\t\t<\/div>\n\t\t\t\t<\/div>\n\t\t\t\t<div class=\"elementor-element elementor-element-62e2bc8 elementor-widget elementor-widget-text-editor\" data-id=\"62e2bc8\" data-element_type=\"widget\" data-e-type=\"widget\" data-widget_type=\"text-editor.default\">\n\t\t\t\t<div class=\"elementor-widget-container\">\n\t\t\t\t\t\t\t\t\t<p>Il ne s\u2019agit pas d\u2019un contraste, mais d\u2019une coexistence entre naturel et artificiel.<\/p>\t\t\t\t\t\t\t\t<\/div>\n\t\t\t\t<\/div>\n\t\t\t\t<div class=\"elementor-element elementor-element-94b70c9 elementor-widget elementor-widget-heading\" data-id=\"94b70c9\" data-element_type=\"widget\" data-e-type=\"widget\" data-widget_type=\"heading.default\">\n\t\t\t\t<div class=\"elementor-widget-container\">\n\t\t\t\t\t<h2 class=\"elementor-heading-title elementor-size-default\">EuroCucina : la technologie s\u2019efface<\/h2>\t\t\t\t<\/div>\n\t\t\t\t<\/div>\n\t\t\t\t<div class=\"elementor-element elementor-element-ff8bb9e elementor-widget elementor-widget-text-editor\" data-id=\"ff8bb9e\" data-element_type=\"widget\" data-e-type=\"widget\" data-widget_type=\"text-editor.default\">\n\t\t\t\t<div class=\"elementor-widget-container\">\n\t\t\t\t\t\t\t\t\t<p>Dans l\u2019univers de la cuisine, une tendance claire se confirme : la technologie ne dispara\u00eet pas \u2014 elle devient invisible.<\/p><p class=\"paragraph\" style=\"vertical-align: baseline;\">Les surfaces sont continues, souvent en pierre naturelle. Les syst\u00e8mes d\u2019ouverture sont int\u00e9gr\u00e9s. La domotique est pr\u00e9sente mais non ostentatoire. L\u2019objectif est de lib\u00e9rer l\u2019espace, de le rendre plus fluide et plus domestique. <\/p>\t\t\t\t\t\t\t\t<\/div>\n\t\t\t\t<\/div>\n\t\t\t\t<div class=\"elementor-element elementor-element-c1ec7b0 elementor-widget elementor-widget-image\" data-id=\"c1ec7b0\" data-element_type=\"widget\" data-e-type=\"widget\" data-widget_type=\"image.default\">\n\t\t\t\t<div class=\"elementor-widget-container\">\n\t\t\t\t\t\t\t\t\t\t\t\t\t\t\t<img loading=\"lazy\" decoding=\"async\" width=\"1200\" height=\"900\" src=\"https:\/\/renneritalia.com\/wp-content\/uploads\/2026\/04\/11.webp\" class=\"attachment-full size-full wp-image-123801\" alt=\"\" srcset=\"https:\/\/renneritalia.com\/wp-content\/uploads\/2026\/04\/11.webp 1200w, https:\/\/renneritalia.com\/wp-content\/uploads\/2026\/04\/11-300x225.webp 300w, https:\/\/renneritalia.com\/wp-content\/uploads\/2026\/04\/11-1024x768.webp 1024w, https:\/\/renneritalia.com\/wp-content\/uploads\/2026\/04\/11-768x576.webp 768w\" sizes=\"(max-width: 1200px) 100vw, 1200px\" \/>\t\t\t\t\t\t\t\t\t\t\t\t\t\t\t<\/div>\n\t\t\t\t<\/div>\n\t\t\t\t<div class=\"elementor-element elementor-element-fcf3ee3 elementor-widget elementor-widget-text-editor\" data-id=\"fcf3ee3\" data-element_type=\"widget\" data-e-type=\"widget\" data-widget_type=\"text-editor.default\">\n\t\t\t\t<div class=\"elementor-widget-container\">\n\t\t\t\t\t\t\t\t\t<p>Dans ce contexte, le bois joue un r\u00f4le d\u00e9terminant. Il filtre la complexit\u00e9 technologique, la rend acceptable, et introduit une dimension \u00e9motionnelle dans un environnement fortement technique.<\/p><p>Un minimalisme conscient s\u2019affirme : chaque \u00e9l\u00e9ment a une fonction pr\u00e9cise. Rien n\u2019est superflu. Rien n\u2019est purement d\u00e9coratif.<\/p>\t\t\t\t\t\t\t\t<\/div>\n\t\t\t\t<\/div>\n\t\t\t\t<div class=\"elementor-element elementor-element-f8ee4e6 elementor-widget elementor-widget-image\" data-id=\"f8ee4e6\" data-element_type=\"widget\" data-e-type=\"widget\" data-widget_type=\"image.default\">\n\t\t\t\t<div class=\"elementor-widget-container\">\n\t\t\t\t\t\t\t\t\t\t\t\t<figure class=\"wp-caption\">\n\t\t\t\t\t\t\t\t\t\t\t<a href=\"https:\/\/renneritalia.com\/wp-content\/uploads\/2026\/04\/Mappa-dei-colori-laccati.webp\" data-elementor-open-lightbox=\"yes\" data-elementor-lightbox-title=\"Mappa dei colori laccati\" data-e-action-hash=\"#elementor-action%3Aaction%3Dlightbox%26settings%3DeyJpZCI6MTIzOTU3LCJ1cmwiOiJodHRwczpcL1wvcmVubmVyaXRhbGlhLmNvbVwvd3AtY29udGVudFwvdXBsb2Fkc1wvMjAyNlwvMDRcL01hcHBhLWRlaS1jb2xvcmktbGFjY2F0aS53ZWJwIn0%3D\">\n\t\t\t\t\t\t\t<img loading=\"lazy\" decoding=\"async\" width=\"1448\" height=\"1086\" src=\"https:\/\/renneritalia.com\/wp-content\/uploads\/2026\/04\/Mappa-dei-colori-laccati.webp\" class=\"attachment-full size-full wp-image-123957\" alt=\"\" srcset=\"https:\/\/renneritalia.com\/wp-content\/uploads\/2026\/04\/Mappa-dei-colori-laccati.webp 1448w, https:\/\/renneritalia.com\/wp-content\/uploads\/2026\/04\/Mappa-dei-colori-laccati-300x225.webp 300w, https:\/\/renneritalia.com\/wp-content\/uploads\/2026\/04\/Mappa-dei-colori-laccati-1024x768.webp 1024w, https:\/\/renneritalia.com\/wp-content\/uploads\/2026\/04\/Mappa-dei-colori-laccati-768x576.webp 768w\" sizes=\"(max-width: 1448px) 100vw, 1448px\" \/>\t\t\t\t\t\t\t\t<\/a>\n\t\t\t\t\t\t\t\t\t\t\t<figcaption class=\"widget-image-caption wp-caption-text\">Nuancier des couleurs laqu\u00e9es<\/figcaption>\n\t\t\t\t\t\t\t\t\t\t<\/figure>\n\t\t\t\t\t\t\t\t\t<\/div>\n\t\t\t\t<\/div>\n\t\t\t\t<div class=\"elementor-element elementor-element-3720250 elementor-widget elementor-widget-image\" data-id=\"3720250\" data-element_type=\"widget\" data-e-type=\"widget\" data-widget_type=\"image.default\">\n\t\t\t\t<div class=\"elementor-widget-container\">\n\t\t\t\t\t\t\t\t\t\t\t\t<figure class=\"wp-caption\">\n\t\t\t\t\t\t\t\t\t\t\t<a href=\"https:\/\/renneritalia.com\/wp-content\/uploads\/2026\/04\/Mappa-dei-colori-mordenzati.webp\" data-elementor-open-lightbox=\"yes\" data-elementor-lightbox-title=\"Mappa dei colori mordenzati\" data-e-action-hash=\"#elementor-action%3Aaction%3Dlightbox%26settings%3DeyJpZCI6MTIzOTYyLCJ1cmwiOiJodHRwczpcL1wvcmVubmVyaXRhbGlhLmNvbVwvd3AtY29udGVudFwvdXBsb2Fkc1wvMjAyNlwvMDRcL01hcHBhLWRlaS1jb2xvcmktbW9yZGVuemF0aS53ZWJwIn0%3D\">\n\t\t\t\t\t\t\t<img loading=\"lazy\" decoding=\"async\" width=\"1448\" height=\"1086\" src=\"https:\/\/renneritalia.com\/wp-content\/uploads\/2026\/04\/Mappa-dei-colori-mordenzati.webp\" class=\"attachment-full size-full wp-image-123962\" alt=\"\" srcset=\"https:\/\/renneritalia.com\/wp-content\/uploads\/2026\/04\/Mappa-dei-colori-mordenzati.webp 1448w, https:\/\/renneritalia.com\/wp-content\/uploads\/2026\/04\/Mappa-dei-colori-mordenzati-300x225.webp 300w, https:\/\/renneritalia.com\/wp-content\/uploads\/2026\/04\/Mappa-dei-colori-mordenzati-1024x768.webp 1024w, https:\/\/renneritalia.com\/wp-content\/uploads\/2026\/04\/Mappa-dei-colori-mordenzati-768x576.webp 768w\" sizes=\"(max-width: 1448px) 100vw, 1448px\" \/>\t\t\t\t\t\t\t\t<\/a>\n\t\t\t\t\t\t\t\t\t\t\t<figcaption class=\"widget-image-caption wp-caption-text\">Nuancier des couleurs teint\u00e9es<\/figcaption>\n\t\t\t\t\t\t\t\t\t\t<\/figure>\n\t\t\t\t\t\t\t\t\t<\/div>\n\t\t\t\t<\/div>\n\t\t\t\t<div class=\"elementor-element elementor-element-ee6dec7 elementor-widget elementor-widget-heading\" data-id=\"ee6dec7\" data-element_type=\"widget\" data-e-type=\"widget\" data-widget_type=\"heading.default\">\n\t\t\t\t<div class=\"elementor-widget-container\">\n\t\t\t\t\t<h2 class=\"elementor-heading-title elementor-size-default\">Couleur : \u00e9quilibre entre base neutre et accents affirm\u00e9s<\/h2>\t\t\t\t<\/div>\n\t\t\t\t<\/div>\n\t\t\t\t<div class=\"elementor-element elementor-element-023dff5 elementor-widget elementor-widget-text-editor\" data-id=\"023dff5\" data-element_type=\"widget\" data-e-type=\"widget\" data-widget_type=\"text-editor.default\">\n\t\t\t\t<div class=\"elementor-widget-container\">\n\t\t\t\t\t\t\t\t\t<p>La palette chromatique 2026 du Salone de Milan repose sur une base de neutres chauds : greige, cr\u00e8me, \u00e9cru et tons corde d\u00e9finissent des environnements continus et sophistiqu\u00e9s, capables de valoriser la mati\u00e8re.<\/p><p class=\"paragraph\" style=\"vertical-align: baseline;\">Sur ce fond \u00e9mergent des accents plus satur\u00e9s et affirm\u00e9s : orange br\u00fbl\u00e9 vert olive, bleu marine, terracotta et luminous blue utilis\u00e9s comme points focaux.<\/p>\t\t\t\t\t\t\t\t<\/div>\n\t\t\t\t<\/div>\n\t\t\t\t<div class=\"elementor-element elementor-element-3402cc3 elementor-widget elementor-widget-gallery\" data-id=\"3402cc3\" data-element_type=\"widget\" data-e-type=\"widget\" data-settings=\"{&quot;columns&quot;:2,&quot;aspect_ratio&quot;:&quot;4:3&quot;,&quot;lazyload&quot;:&quot;yes&quot;,&quot;gallery_layout&quot;:&quot;grid&quot;,&quot;columns_tablet&quot;:2,&quot;columns_mobile&quot;:1,&quot;gap&quot;:{&quot;unit&quot;:&quot;px&quot;,&quot;size&quot;:10,&quot;sizes&quot;:[]},&quot;gap_tablet&quot;:{&quot;unit&quot;:&quot;px&quot;,&quot;size&quot;:10,&quot;sizes&quot;:[]},&quot;gap_mobile&quot;:{&quot;unit&quot;:&quot;px&quot;,&quot;size&quot;:10,&quot;sizes&quot;:[]},&quot;link_to&quot;:&quot;file&quot;,&quot;overlay_background&quot;:&quot;yes&quot;,&quot;content_hover_animation&quot;:&quot;fade-in&quot;}\" data-widget_type=\"gallery.default\">\n\t\t\t\t<div class=\"elementor-widget-container\">\n\t\t\t\t\t\t\t<div class=\"elementor-gallery__container\">\n\t\t\t\t\t\t\t<a class=\"e-gallery-item elementor-gallery-item elementor-animated-content\" href=\"https:\/\/renneritalia.com\/wp-content\/uploads\/2026\/04\/13.webp\" data-elementor-open-lightbox=\"yes\" data-elementor-lightbox-slideshow=\"3402cc3\" data-elementor-lightbox-title=\"13\" data-e-action-hash=\"#elementor-action%3Aaction%3Dlightbox%26settings%3DeyJpZCI6MTIzODExLCJ1cmwiOiJodHRwczpcL1wvcmVubmVyaXRhbGlhLmNvbVwvd3AtY29udGVudFwvdXBsb2Fkc1wvMjAyNlwvMDRcLzEzLndlYnAiLCJzbGlkZXNob3ciOiIzNDAyY2MzIn0%3D\">\n\t\t\t\t\t<div class=\"e-gallery-image elementor-gallery-item__image\" data-thumbnail=\"https:\/\/renneritalia.com\/wp-content\/uploads\/2026\/04\/13.webp\" data-width=\"1200\" data-height=\"900\" aria-label=\"\" role=\"img\" ><\/div>\n\t\t\t\t\t\t\t\t\t\t\t<div class=\"elementor-gallery-item__overlay\"><\/div>\n\t\t\t\t\t\t\t\t\t\t\t\t\t\t<\/a>\n\t\t\t\t\t\t\t<a class=\"e-gallery-item elementor-gallery-item elementor-animated-content\" href=\"https:\/\/renneritalia.com\/wp-content\/uploads\/2026\/04\/12.webp\" data-elementor-open-lightbox=\"yes\" data-elementor-lightbox-slideshow=\"3402cc3\" data-elementor-lightbox-title=\"12\" data-e-action-hash=\"#elementor-action%3Aaction%3Dlightbox%26settings%3DeyJpZCI6MTIzODE2LCJ1cmwiOiJodHRwczpcL1wvcmVubmVyaXRhbGlhLmNvbVwvd3AtY29udGVudFwvdXBsb2Fkc1wvMjAyNlwvMDRcLzEyLndlYnAiLCJzbGlkZXNob3ciOiIzNDAyY2MzIn0%3D\">\n\t\t\t\t\t<div class=\"e-gallery-image elementor-gallery-item__image\" data-thumbnail=\"https:\/\/renneritalia.com\/wp-content\/uploads\/2026\/04\/12.webp\" data-width=\"1200\" data-height=\"900\" aria-label=\"\" role=\"img\" ><\/div>\n\t\t\t\t\t\t\t\t\t\t\t<div class=\"elementor-gallery-item__overlay\"><\/div>\n\t\t\t\t\t\t\t\t\t\t\t\t\t\t<\/a>\n\t\t\t\t\t<\/div>\n\t\t\t\t\t<\/div>\n\t\t\t\t<\/div>\n\t\t\t\t<div class=\"elementor-element elementor-element-af8467f elementor-widget elementor-widget-text-editor\" data-id=\"af8467f\" data-element_type=\"widget\" data-e-type=\"widget\" data-widget_type=\"text-editor.default\">\n\t\t\t\t<div class=\"elementor-widget-container\">\n\t\t\t\t\t\t\t\t\t<p>La couleur structure l\u2019espace. Elle cr\u00e9e des hi\u00e9rarchies, oriente le regard et g\u00e9n\u00e8re des tensions contr\u00f4l\u00e9es.<\/p><p>Les associations reposent sur des contrastes harmonieux : terracotta et vert sauge, bleu et orange br\u00fbl\u00e9. L\u2019effet reste \u00e9quilibr\u00e9, jamais dissonant. <\/p>\t\t\t\t\t\t\t\t<\/div>\n\t\t\t\t<\/div>\n\t\t\t\t<div class=\"elementor-element elementor-element-2c1f280 elementor-widget elementor-widget-gallery\" data-id=\"2c1f280\" data-element_type=\"widget\" data-e-type=\"widget\" data-settings=\"{&quot;columns&quot;:2,&quot;aspect_ratio&quot;:&quot;4:3&quot;,&quot;lazyload&quot;:&quot;yes&quot;,&quot;gallery_layout&quot;:&quot;grid&quot;,&quot;columns_tablet&quot;:2,&quot;columns_mobile&quot;:1,&quot;gap&quot;:{&quot;unit&quot;:&quot;px&quot;,&quot;size&quot;:10,&quot;sizes&quot;:[]},&quot;gap_tablet&quot;:{&quot;unit&quot;:&quot;px&quot;,&quot;size&quot;:10,&quot;sizes&quot;:[]},&quot;gap_mobile&quot;:{&quot;unit&quot;:&quot;px&quot;,&quot;size&quot;:10,&quot;sizes&quot;:[]},&quot;link_to&quot;:&quot;file&quot;,&quot;overlay_background&quot;:&quot;yes&quot;,&quot;content_hover_animation&quot;:&quot;fade-in&quot;}\" data-widget_type=\"gallery.default\">\n\t\t\t\t<div class=\"elementor-widget-container\">\n\t\t\t\t\t\t\t<div class=\"elementor-gallery__container\">\n\t\t\t\t\t\t\t<a class=\"e-gallery-item elementor-gallery-item elementor-animated-content\" href=\"https:\/\/renneritalia.com\/wp-content\/uploads\/2026\/04\/14.webp\" data-elementor-open-lightbox=\"yes\" data-elementor-lightbox-slideshow=\"2c1f280\" data-elementor-lightbox-title=\"14\" data-e-action-hash=\"#elementor-action%3Aaction%3Dlightbox%26settings%3DeyJpZCI6MTIzODIxLCJ1cmwiOiJodHRwczpcL1wvcmVubmVyaXRhbGlhLmNvbVwvd3AtY29udGVudFwvdXBsb2Fkc1wvMjAyNlwvMDRcLzE0LndlYnAiLCJzbGlkZXNob3ciOiIyYzFmMjgwIn0%3D\">\n\t\t\t\t\t<div class=\"e-gallery-image elementor-gallery-item__image\" data-thumbnail=\"https:\/\/renneritalia.com\/wp-content\/uploads\/2026\/04\/14.webp\" data-width=\"1200\" data-height=\"900\" aria-label=\"\" role=\"img\" ><\/div>\n\t\t\t\t\t\t\t\t\t\t\t<div class=\"elementor-gallery-item__overlay\"><\/div>\n\t\t\t\t\t\t\t\t\t\t\t\t\t\t<\/a>\n\t\t\t\t\t\t\t<a class=\"e-gallery-item elementor-gallery-item elementor-animated-content\" href=\"https:\/\/renneritalia.com\/wp-content\/uploads\/2026\/04\/16.webp\" data-elementor-open-lightbox=\"yes\" data-elementor-lightbox-slideshow=\"2c1f280\" data-elementor-lightbox-title=\"16\" data-e-action-hash=\"#elementor-action%3Aaction%3Dlightbox%26settings%3DeyJpZCI6MTIzODI2LCJ1cmwiOiJodHRwczpcL1wvcmVubmVyaXRhbGlhLmNvbVwvd3AtY29udGVudFwvdXBsb2Fkc1wvMjAyNlwvMDRcLzE2LndlYnAiLCJzbGlkZXNob3ciOiIyYzFmMjgwIn0%3D\">\n\t\t\t\t\t<div class=\"e-gallery-image elementor-gallery-item__image\" data-thumbnail=\"https:\/\/renneritalia.com\/wp-content\/uploads\/2026\/04\/16.webp\" data-width=\"1200\" data-height=\"900\" aria-label=\"\" role=\"img\" ><\/div>\n\t\t\t\t\t\t\t\t\t\t\t<div class=\"elementor-gallery-item__overlay\"><\/div>\n\t\t\t\t\t\t\t\t\t\t\t\t\t\t<\/a>\n\t\t\t\t\t<\/div>\n\t\t\t\t\t<\/div>\n\t\t\t\t<\/div>\n\t\t\t\t<div class=\"elementor-element elementor-element-2a215bf elementor-widget elementor-widget-text-editor\" data-id=\"2a215bf\" data-element_type=\"widget\" data-e-type=\"widget\" data-widget_type=\"text-editor.default\">\n\t\t\t\t<div class=\"elementor-widget-container\">\n\t\t\t\t\t\t\t\t\t<p>Du point de vue des surfaces, cela implique une gestion plus sophistiqu\u00e9e des finitions : opacit\u00e9, profondeur chromatique et contr\u00f4le du brillant deviennent des variables de projet.<\/p>\t\t\t\t\t\t\t\t<\/div>\n\t\t\t\t<\/div>\n\t\t\t\t<div class=\"elementor-element elementor-element-83f3da9 elementor-widget elementor-widget-heading\" data-id=\"83f3da9\" data-element_type=\"widget\" data-e-type=\"widget\" data-widget_type=\"heading.default\">\n\t\t\t\t<div class=\"elementor-widget-container\">\n\t\t\t\t\t<h2 class=\"elementor-heading-title elementor-size-default\">Int\u00e9rieur et ext\u00e9rieur : un syst\u00e8me unique<\/h2>\t\t\t\t<\/div>\n\t\t\t\t<\/div>\n\t\t\t\t<div class=\"elementor-element elementor-element-ff44dfb elementor-widget elementor-widget-text-editor\" data-id=\"ff44dfb\" data-element_type=\"widget\" data-e-type=\"widget\" data-widget_type=\"text-editor.default\">\n\t\t\t\t<div class=\"elementor-widget-container\">\n\t\t\t\t\t\t\t\t\t<p>En 2026, la distinction entre int\u00e9rieur et ext\u00e9rieur est d\u00e9finitivement d\u00e9pass\u00e9e. Il ne s\u2019agit plus de dialogue, mais de continuit\u00e9.<\/p><p>Les langages formels sont coh\u00e9rents, les mat\u00e9riaux compatibles, les palettes chromatiques align\u00e9es. Les espaces ext\u00e9rieurs adoptent des formes douces, des surfaces tactiles et des couleurs naturelles. L\u2019ext\u00e9rieur devient une extension de l\u2019habitat.<\/p><p class=\"paragraph\" style=\"vertical-align: baseline;\">Note stylistique : les influences marines et une esth\u00e9tique artisanale gagnent en pr\u00e9sence. <\/p>\t\t\t\t\t\t\t\t<\/div>\n\t\t\t\t<\/div>\n\t\t\t\t<div class=\"elementor-element elementor-element-17138eb elementor-widget elementor-widget-image\" data-id=\"17138eb\" data-element_type=\"widget\" data-e-type=\"widget\" data-widget_type=\"image.default\">\n\t\t\t\t<div class=\"elementor-widget-container\">\n\t\t\t\t\t\t\t\t\t\t\t\t\t\t\t<img loading=\"lazy\" decoding=\"async\" width=\"1200\" height=\"900\" src=\"https:\/\/renneritalia.com\/wp-content\/uploads\/2026\/04\/15.webp\" class=\"attachment-full size-full wp-image-123831\" alt=\"\" srcset=\"https:\/\/renneritalia.com\/wp-content\/uploads\/2026\/04\/15.webp 1200w, https:\/\/renneritalia.com\/wp-content\/uploads\/2026\/04\/15-300x225.webp 300w, https:\/\/renneritalia.com\/wp-content\/uploads\/2026\/04\/15-1024x768.webp 1024w, https:\/\/renneritalia.com\/wp-content\/uploads\/2026\/04\/15-768x576.webp 768w\" sizes=\"(max-width: 1200px) 100vw, 1200px\" \/>\t\t\t\t\t\t\t\t\t\t\t\t\t\t\t<\/div>\n\t\t\t\t<\/div>\n\t\t\t\t<div class=\"elementor-element elementor-element-a860989 elementor-widget elementor-widget-heading\" data-id=\"a860989\" data-element_type=\"widget\" data-e-type=\"widget\" data-widget_type=\"heading.default\">\n\t\t\t\t<div class=\"elementor-widget-container\">\n\t\t\t\t\t<h2 class=\"elementor-heading-title elementor-size-default\">Les chiffres confirment le r\u00f4le du Salone<\/h2>\t\t\t\t<\/div>\n\t\t\t\t<\/div>\n\t\t\t\t<div class=\"elementor-element elementor-element-110a349 elementor-widget elementor-widget-text-editor\" data-id=\"110a349\" data-element_type=\"widget\" data-e-type=\"widget\" data-widget_type=\"text-editor.default\">\n\t\t\t\t<div class=\"elementor-widget-container\">\n\t\t\t\t\t\t\t\t\t<p>Avec plus de 316 000 visiteurs et une forte pr\u00e9sence internationale \u2014 stable \u00e0 68 % \u2014 l\u2019\u00e9dition 2026 confirme le Salone de Milan comme plateforme strat\u00e9gique reliant industrie, design et march\u00e9.<\/p><p>En six jours, un \u00e9cosyst\u00e8me \u00e0 haute densit\u00e9 relationnelle s\u2019est activ\u00e9, r\u00e9unissant 1 900 marques et une cha\u00eene globale compos\u00e9e d\u2019acheteurs, d\u2019investisseurs, de concepteurs et de m\u00e9dias.<\/p><p>Particuli\u00e8rement notable : le r\u00e9\u00e9quilibrage g\u00e9ographique de la demande. \u00c0 la solidit\u00e9 europ\u00e9enne s\u2019ajoute une vitalit\u00e9 croissante des march\u00e9s extra-UE, notamment les \u00c9tats-Unis, le Royaume-Uni, le Canada, le Mexique, le Br\u00e9sil et la Cor\u00e9e du Sud.<\/p><p>Dans ce contexte, des secteurs comme la salle de bain et la cuisine se confirment comme des n\u0153uds strat\u00e9giques, o\u00f9 innovation technologique et qualit\u00e9 industrielle rencontrent l\u2019\u00e9volution des modes de vie contemporains.<\/p><p>Le Salone 2026 renvoie ainsi l\u2019image d\u2019un secteur r\u00e9actif, comp\u00e9titif et de plus en plus interconnect\u00e9.<\/p>\t\t\t\t\t\t\t\t<\/div>\n\t\t\t\t<\/div>\n\t\t\t\t<div class=\"elementor-element elementor-element-98fa364 elementor-alert-info elementor-widget elementor-widget-alert\" data-id=\"98fa364\" data-element_type=\"widget\" data-e-type=\"widget\" data-widget_type=\"alert.default\">\n\t\t\t\t<div class=\"elementor-widget-container\">\n\t\t\t\t\t\t\t<div class=\"elementor-alert\" role=\"alert\">\n\n\t\t\t\n\t\t\t\t\t\t<span class=\"elementor-alert-description\">Les images de ce reportage ont \u00e9t\u00e9 g\u00e9n\u00e9r\u00e9es par l'IA<\/span>\n\t\t\t\n\t\t\t\n\t\t<\/div>\n\t\t\t\t\t\t<\/div>\n\t\t\t\t<\/div>\n\t\t\t\t\t<\/div>\n\t\t\t\t<\/div>\n\t\t\t\t<\/div>\n\t\t","protected":false},"excerpt":{"rendered":"<p>Le Salone 2026 marque un changement de paradigme : le design revient \u00e0 la mati\u00e8re, \u00e0 son authenticit\u00e9 et \u00e0 sa capacit\u00e9 \u00e0 g\u00e9n\u00e9rer de la valeur. Surfaces imparfaites, bois naturels et palettes sophistiqu\u00e9es traduisent un nouvel \u00e9quilibre entre technologie et dimension humaine. Dans ce contexte, les vernis \u00e9voluent : d\u2019une simple couverture \u00e0 un v\u00e9ritable outil de projet qui interpr\u00e8te et valorise.<\/p>\n","protected":false},"author":7,"featured_media":123911,"comment_status":"closed","ping_status":"closed","sticky":false,"template":"","format":"standard","meta":{"footnotes":""},"categories":[1],"tags":[],"class_list":["post-123853","post","type-post","status-publish","format-standard","has-post-thumbnail","hentry","category-renner-blog"],"yoast_head":"<!-- This site is optimized with the Yoast SEO plugin v27.5 - https:\/\/yoast.com\/product\/yoast-seo-wordpress\/ -->\n<title>Salone 2026 : le design revient au r\u00e9el \u2014 mati\u00e8res, imperfections et hi\u00e9rarchies de la couleur - Renner Italia<\/title>\n<meta name=\"robots\" content=\"index, follow, max-snippet:-1, max-image-preview:large, max-video-preview:-1\" \/>\n<link rel=\"canonical\" href=\"https:\/\/renneritalia.com\/salone-2026-il-design-torna-reale-materiali-imperfezioni-e-gerarchie-del-colore\/\" \/>\n<meta property=\"og:locale\" content=\"fr_FR\" \/>\n<meta property=\"og:type\" content=\"article\" \/>\n<meta property=\"og:title\" content=\"Salone 2026 : le design revient au r\u00e9el \u2014 mati\u00e8res, imperfections et hi\u00e9rarchies de la couleur - Renner Italia\" \/>\n<meta property=\"og:description\" content=\"Le Salone 2026 marque un changement de paradigme : le design revient \u00e0 la mati\u00e8re, \u00e0 son authenticit\u00e9 et \u00e0 sa capacit\u00e9 \u00e0 g\u00e9n\u00e9rer de la valeur. Surfaces imparfaites, bois naturels et palettes sophistiqu\u00e9es traduisent un nouvel \u00e9quilibre entre technologie et dimension humaine. Dans ce contexte, les vernis \u00e9voluent : d\u2019une simple couverture \u00e0 un v\u00e9ritable outil de projet qui interpr\u00e8te et valorise.\" \/>\n<meta property=\"og:url\" content=\"https:\/\/renneritalia.com\/salone-2026-il-design-torna-reale-materiali-imperfezioni-e-gerarchie-del-colore\/\" \/>\n<meta property=\"og:site_name\" content=\"Renner Italia\" \/>\n<meta property=\"article:published_time\" content=\"2026-04-28T08:03:02+00:00\" \/>\n<meta property=\"article:modified_time\" content=\"2026-04-28T14:11:55+00:00\" \/>\n<meta property=\"og:image\" content=\"https:\/\/renneritalia.com\/wp-content\/uploads\/2026\/04\/salone26.webp\" \/>\n\t<meta property=\"og:image:width\" content=\"1200\" \/>\n\t<meta property=\"og:image:height\" content=\"900\" \/>\n\t<meta property=\"og:image:type\" content=\"image\/webp\" \/>\n<meta name=\"author\" content=\"Developer\" \/>\n<meta name=\"twitter:card\" content=\"summary_large_image\" \/>\n<meta name=\"twitter:label1\" content=\"\u00c9crit par\" \/>\n\t<meta name=\"twitter:data1\" content=\"Developer\" \/>\n\t<meta name=\"twitter:label2\" content=\"Dur\u00e9e de lecture estim\u00e9e\" \/>\n\t<meta name=\"twitter:data2\" content=\"8 minutes\" \/>\n<script type=\"application\/ld+json\" class=\"yoast-schema-graph\">{\"@context\":\"https:\\\/\\\/schema.org\",\"@graph\":[{\"@type\":\"Article\",\"@id\":\"https:\\\/\\\/renneritalia.com\\\/salone-2026-il-design-torna-reale-materiali-imperfezioni-e-gerarchie-del-colore\\\/#article\",\"isPartOf\":{\"@id\":\"https:\\\/\\\/renneritalia.com\\\/salone-2026-il-design-torna-reale-materiali-imperfezioni-e-gerarchie-del-colore\\\/\"},\"author\":{\"name\":\"Developer\",\"@id\":\"https:\\\/\\\/renneritalia.com\\\/#\\\/schema\\\/person\\\/2b55983c242bb8bca0fc96b0953ee07a\"},\"headline\":\"Salone 2026 : le design revient au r\u00e9el \u2014 mati\u00e8res, imperfections et hi\u00e9rarchies de la couleur\",\"datePublished\":\"2026-04-28T08:03:02+00:00\",\"dateModified\":\"2026-04-28T14:11:55+00:00\",\"mainEntityOfPage\":{\"@id\":\"https:\\\/\\\/renneritalia.com\\\/salone-2026-il-design-torna-reale-materiali-imperfezioni-e-gerarchie-del-colore\\\/\"},\"wordCount\":1355,\"publisher\":{\"@id\":\"https:\\\/\\\/renneritalia.com\\\/#organization\"},\"image\":{\"@id\":\"https:\\\/\\\/renneritalia.com\\\/salone-2026-il-design-torna-reale-materiali-imperfezioni-e-gerarchie-del-colore\\\/#primaryimage\"},\"thumbnailUrl\":\"https:\\\/\\\/renneritalia.com\\\/wp-content\\\/uploads\\\/2026\\\/04\\\/salone26.webp\",\"articleSection\":[\"Renner Blog\"],\"inLanguage\":\"fr-FR\"},{\"@type\":\"WebPage\",\"@id\":\"https:\\\/\\\/renneritalia.com\\\/salone-2026-il-design-torna-reale-materiali-imperfezioni-e-gerarchie-del-colore\\\/\",\"url\":\"https:\\\/\\\/renneritalia.com\\\/salone-2026-il-design-torna-reale-materiali-imperfezioni-e-gerarchie-del-colore\\\/\",\"name\":\"Salone 2026 : le design revient au r\u00e9el \u2014 mati\u00e8res, imperfections et hi\u00e9rarchies de la couleur - Renner Italia\",\"isPartOf\":{\"@id\":\"https:\\\/\\\/renneritalia.com\\\/#website\"},\"primaryImageOfPage\":{\"@id\":\"https:\\\/\\\/renneritalia.com\\\/salone-2026-il-design-torna-reale-materiali-imperfezioni-e-gerarchie-del-colore\\\/#primaryimage\"},\"image\":{\"@id\":\"https:\\\/\\\/renneritalia.com\\\/salone-2026-il-design-torna-reale-materiali-imperfezioni-e-gerarchie-del-colore\\\/#primaryimage\"},\"thumbnailUrl\":\"https:\\\/\\\/renneritalia.com\\\/wp-content\\\/uploads\\\/2026\\\/04\\\/salone26.webp\",\"datePublished\":\"2026-04-28T08:03:02+00:00\",\"dateModified\":\"2026-04-28T14:11:55+00:00\",\"breadcrumb\":{\"@id\":\"https:\\\/\\\/renneritalia.com\\\/salone-2026-il-design-torna-reale-materiali-imperfezioni-e-gerarchie-del-colore\\\/#breadcrumb\"},\"inLanguage\":\"fr-FR\",\"potentialAction\":[{\"@type\":\"ReadAction\",\"target\":[\"https:\\\/\\\/renneritalia.com\\\/salone-2026-il-design-torna-reale-materiali-imperfezioni-e-gerarchie-del-colore\\\/\"]}]},{\"@type\":\"ImageObject\",\"inLanguage\":\"fr-FR\",\"@id\":\"https:\\\/\\\/renneritalia.com\\\/salone-2026-il-design-torna-reale-materiali-imperfezioni-e-gerarchie-del-colore\\\/#primaryimage\",\"url\":\"https:\\\/\\\/renneritalia.com\\\/wp-content\\\/uploads\\\/2026\\\/04\\\/salone26.webp\",\"contentUrl\":\"https:\\\/\\\/renneritalia.com\\\/wp-content\\\/uploads\\\/2026\\\/04\\\/salone26.webp\",\"width\":1200,\"height\":900},{\"@type\":\"BreadcrumbList\",\"@id\":\"https:\\\/\\\/renneritalia.com\\\/salone-2026-il-design-torna-reale-materiali-imperfezioni-e-gerarchie-del-colore\\\/#breadcrumb\",\"itemListElement\":[{\"@type\":\"ListItem\",\"position\":1,\"name\":\"Home\",\"item\":\"https:\\\/\\\/renneritalia.com\\\/fr\\\/\"},{\"@type\":\"ListItem\",\"position\":2,\"name\":\"Salone 2026 : le design revient au r\u00e9el \u2014 mati\u00e8res, imperfections et hi\u00e9rarchies de la couleur\"}]},{\"@type\":\"WebSite\",\"@id\":\"https:\\\/\\\/renneritalia.com\\\/#website\",\"url\":\"https:\\\/\\\/renneritalia.com\\\/\",\"name\":\"Renner Italia\",\"description\":\"Coatings\",\"publisher\":{\"@id\":\"https:\\\/\\\/renneritalia.com\\\/#organization\"},\"potentialAction\":[{\"@type\":\"SearchAction\",\"target\":{\"@type\":\"EntryPoint\",\"urlTemplate\":\"https:\\\/\\\/renneritalia.com\\\/?s={search_term_string}\"},\"query-input\":{\"@type\":\"PropertyValueSpecification\",\"valueRequired\":true,\"valueName\":\"search_term_string\"}}],\"inLanguage\":\"fr-FR\"},{\"@type\":\"Organization\",\"@id\":\"https:\\\/\\\/renneritalia.com\\\/#organization\",\"name\":\"Renner Italia\",\"url\":\"https:\\\/\\\/renneritalia.com\\\/\",\"logo\":{\"@type\":\"ImageObject\",\"inLanguage\":\"fr-FR\",\"@id\":\"https:\\\/\\\/renneritalia.com\\\/#\\\/schema\\\/logo\\\/image\\\/\",\"url\":\"https:\\\/\\\/renneritalia.com\\\/wp-content\\\/uploads\\\/2025\\\/03\\\/logo_renner_italia.svg\",\"contentUrl\":\"https:\\\/\\\/renneritalia.com\\\/wp-content\\\/uploads\\\/2025\\\/03\\\/logo_renner_italia.svg\",\"caption\":\"Renner Italia\"},\"image\":{\"@id\":\"https:\\\/\\\/renneritalia.com\\\/#\\\/schema\\\/logo\\\/image\\\/\"}},{\"@type\":\"Person\",\"@id\":\"https:\\\/\\\/renneritalia.com\\\/#\\\/schema\\\/person\\\/2b55983c242bb8bca0fc96b0953ee07a\",\"name\":\"Developer\",\"image\":{\"@type\":\"ImageObject\",\"inLanguage\":\"fr-FR\",\"@id\":\"https:\\\/\\\/secure.gravatar.com\\\/avatar\\\/75827445886b10456c49d0746eecca232159a239bd272d6e522b9ff49457f88d?s=96&d=mm&r=g\",\"url\":\"https:\\\/\\\/secure.gravatar.com\\\/avatar\\\/75827445886b10456c49d0746eecca232159a239bd272d6e522b9ff49457f88d?s=96&d=mm&r=g\",\"contentUrl\":\"https:\\\/\\\/secure.gravatar.com\\\/avatar\\\/75827445886b10456c49d0746eecca232159a239bd272d6e522b9ff49457f88d?s=96&d=mm&r=g\",\"caption\":\"Developer\"},\"url\":\"https:\\\/\\\/renneritalia.com\\\/fr\\\/author\\\/marco-ruisi\\\/\"}]}<\/script>\n<!-- \/ Yoast SEO plugin. -->","yoast_head_json":{"title":"Salone 2026 : le design revient au r\u00e9el \u2014 mati\u00e8res, imperfections et hi\u00e9rarchies de la couleur - Renner Italia","robots":{"index":"index","follow":"follow","max-snippet":"max-snippet:-1","max-image-preview":"max-image-preview:large","max-video-preview":"max-video-preview:-1"},"canonical":"https:\/\/renneritalia.com\/salone-2026-il-design-torna-reale-materiali-imperfezioni-e-gerarchie-del-colore\/","og_locale":"fr_FR","og_type":"article","og_title":"Salone 2026 : le design revient au r\u00e9el \u2014 mati\u00e8res, imperfections et hi\u00e9rarchies de la couleur - Renner Italia","og_description":"Le Salone 2026 marque un changement de paradigme : le design revient \u00e0 la mati\u00e8re, \u00e0 son authenticit\u00e9 et \u00e0 sa capacit\u00e9 \u00e0 g\u00e9n\u00e9rer de la valeur. Surfaces imparfaites, bois naturels et palettes sophistiqu\u00e9es traduisent un nouvel \u00e9quilibre entre technologie et dimension humaine. Dans ce contexte, les vernis \u00e9voluent : d\u2019une simple couverture \u00e0 un v\u00e9ritable outil de projet qui interpr\u00e8te et valorise.","og_url":"https:\/\/renneritalia.com\/salone-2026-il-design-torna-reale-materiali-imperfezioni-e-gerarchie-del-colore\/","og_site_name":"Renner Italia","article_published_time":"2026-04-28T08:03:02+00:00","article_modified_time":"2026-04-28T14:11:55+00:00","og_image":[{"width":1200,"height":900,"url":"https:\/\/renneritalia.com\/wp-content\/uploads\/2026\/04\/salone26.webp","type":"image\/webp"}],"author":"Developer","twitter_card":"summary_large_image","twitter_misc":{"\u00c9crit par":"Developer","Dur\u00e9e de lecture estim\u00e9e":"8 minutes"},"schema":{"@context":"https:\/\/schema.org","@graph":[{"@type":"Article","@id":"https:\/\/renneritalia.com\/salone-2026-il-design-torna-reale-materiali-imperfezioni-e-gerarchie-del-colore\/#article","isPartOf":{"@id":"https:\/\/renneritalia.com\/salone-2026-il-design-torna-reale-materiali-imperfezioni-e-gerarchie-del-colore\/"},"author":{"name":"Developer","@id":"https:\/\/renneritalia.com\/#\/schema\/person\/2b55983c242bb8bca0fc96b0953ee07a"},"headline":"Salone 2026 : le design revient au r\u00e9el \u2014 mati\u00e8res, imperfections et hi\u00e9rarchies de la couleur","datePublished":"2026-04-28T08:03:02+00:00","dateModified":"2026-04-28T14:11:55+00:00","mainEntityOfPage":{"@id":"https:\/\/renneritalia.com\/salone-2026-il-design-torna-reale-materiali-imperfezioni-e-gerarchie-del-colore\/"},"wordCount":1355,"publisher":{"@id":"https:\/\/renneritalia.com\/#organization"},"image":{"@id":"https:\/\/renneritalia.com\/salone-2026-il-design-torna-reale-materiali-imperfezioni-e-gerarchie-del-colore\/#primaryimage"},"thumbnailUrl":"https:\/\/renneritalia.com\/wp-content\/uploads\/2026\/04\/salone26.webp","articleSection":["Renner Blog"],"inLanguage":"fr-FR"},{"@type":"WebPage","@id":"https:\/\/renneritalia.com\/salone-2026-il-design-torna-reale-materiali-imperfezioni-e-gerarchie-del-colore\/","url":"https:\/\/renneritalia.com\/salone-2026-il-design-torna-reale-materiali-imperfezioni-e-gerarchie-del-colore\/","name":"Salone 2026 : le design revient au r\u00e9el \u2014 mati\u00e8res, imperfections et hi\u00e9rarchies de la couleur - Renner Italia","isPartOf":{"@id":"https:\/\/renneritalia.com\/#website"},"primaryImageOfPage":{"@id":"https:\/\/renneritalia.com\/salone-2026-il-design-torna-reale-materiali-imperfezioni-e-gerarchie-del-colore\/#primaryimage"},"image":{"@id":"https:\/\/renneritalia.com\/salone-2026-il-design-torna-reale-materiali-imperfezioni-e-gerarchie-del-colore\/#primaryimage"},"thumbnailUrl":"https:\/\/renneritalia.com\/wp-content\/uploads\/2026\/04\/salone26.webp","datePublished":"2026-04-28T08:03:02+00:00","dateModified":"2026-04-28T14:11:55+00:00","breadcrumb":{"@id":"https:\/\/renneritalia.com\/salone-2026-il-design-torna-reale-materiali-imperfezioni-e-gerarchie-del-colore\/#breadcrumb"},"inLanguage":"fr-FR","potentialAction":[{"@type":"ReadAction","target":["https:\/\/renneritalia.com\/salone-2026-il-design-torna-reale-materiali-imperfezioni-e-gerarchie-del-colore\/"]}]},{"@type":"ImageObject","inLanguage":"fr-FR","@id":"https:\/\/renneritalia.com\/salone-2026-il-design-torna-reale-materiali-imperfezioni-e-gerarchie-del-colore\/#primaryimage","url":"https:\/\/renneritalia.com\/wp-content\/uploads\/2026\/04\/salone26.webp","contentUrl":"https:\/\/renneritalia.com\/wp-content\/uploads\/2026\/04\/salone26.webp","width":1200,"height":900},{"@type":"BreadcrumbList","@id":"https:\/\/renneritalia.com\/salone-2026-il-design-torna-reale-materiali-imperfezioni-e-gerarchie-del-colore\/#breadcrumb","itemListElement":[{"@type":"ListItem","position":1,"name":"Home","item":"https:\/\/renneritalia.com\/fr\/"},{"@type":"ListItem","position":2,"name":"Salone 2026 : le design revient au r\u00e9el \u2014 mati\u00e8res, imperfections et hi\u00e9rarchies de la couleur"}]},{"@type":"WebSite","@id":"https:\/\/renneritalia.com\/#website","url":"https:\/\/renneritalia.com\/","name":"Renner Italia","description":"Coatings","publisher":{"@id":"https:\/\/renneritalia.com\/#organization"},"potentialAction":[{"@type":"SearchAction","target":{"@type":"EntryPoint","urlTemplate":"https:\/\/renneritalia.com\/?s={search_term_string}"},"query-input":{"@type":"PropertyValueSpecification","valueRequired":true,"valueName":"search_term_string"}}],"inLanguage":"fr-FR"},{"@type":"Organization","@id":"https:\/\/renneritalia.com\/#organization","name":"Renner Italia","url":"https:\/\/renneritalia.com\/","logo":{"@type":"ImageObject","inLanguage":"fr-FR","@id":"https:\/\/renneritalia.com\/#\/schema\/logo\/image\/","url":"https:\/\/renneritalia.com\/wp-content\/uploads\/2025\/03\/logo_renner_italia.svg","contentUrl":"https:\/\/renneritalia.com\/wp-content\/uploads\/2025\/03\/logo_renner_italia.svg","caption":"Renner Italia"},"image":{"@id":"https:\/\/renneritalia.com\/#\/schema\/logo\/image\/"}},{"@type":"Person","@id":"https:\/\/renneritalia.com\/#\/schema\/person\/2b55983c242bb8bca0fc96b0953ee07a","name":"Developer","image":{"@type":"ImageObject","inLanguage":"fr-FR","@id":"https:\/\/secure.gravatar.com\/avatar\/75827445886b10456c49d0746eecca232159a239bd272d6e522b9ff49457f88d?s=96&d=mm&r=g","url":"https:\/\/secure.gravatar.com\/avatar\/75827445886b10456c49d0746eecca232159a239bd272d6e522b9ff49457f88d?s=96&d=mm&r=g","contentUrl":"https:\/\/secure.gravatar.com\/avatar\/75827445886b10456c49d0746eecca232159a239bd272d6e522b9ff49457f88d?s=96&d=mm&r=g","caption":"Developer"},"url":"https:\/\/renneritalia.com\/fr\/author\/marco-ruisi\/"}]}},"_links":{"self":[{"href":"https:\/\/renneritalia.com\/fr\/wp-json\/wp\/v2\/posts\/123853","targetHints":{"allow":["GET"]}}],"collection":[{"href":"https:\/\/renneritalia.com\/fr\/wp-json\/wp\/v2\/posts"}],"about":[{"href":"https:\/\/renneritalia.com\/fr\/wp-json\/wp\/v2\/types\/post"}],"author":[{"embeddable":true,"href":"https:\/\/renneritalia.com\/fr\/wp-json\/wp\/v2\/users\/7"}],"replies":[{"embeddable":true,"href":"https:\/\/renneritalia.com\/fr\/wp-json\/wp\/v2\/comments?post=123853"}],"version-history":[{"count":21,"href":"https:\/\/renneritalia.com\/fr\/wp-json\/wp\/v2\/posts\/123853\/revisions"}],"predecessor-version":[{"id":123979,"href":"https:\/\/renneritalia.com\/fr\/wp-json\/wp\/v2\/posts\/123853\/revisions\/123979"}],"wp:featuredmedia":[{"embeddable":true,"href":"https:\/\/renneritalia.com\/fr\/wp-json\/wp\/v2\/media\/123911"}],"wp:attachment":[{"href":"https:\/\/renneritalia.com\/fr\/wp-json\/wp\/v2\/media?parent=123853"}],"wp:term":[{"taxonomy":"category","embeddable":true,"href":"https:\/\/renneritalia.com\/fr\/wp-json\/wp\/v2\/categories?post=123853"},{"taxonomy":"post_tag","embeddable":true,"href":"https:\/\/renneritalia.com\/fr\/wp-json\/wp\/v2\/tags?post=123853"}],"curies":[{"name":"wp","href":"https:\/\/api.w.org\/{rel}","templated":true}]}}