{"id":96437,"date":"2024-04-23T12:59:09","date_gmt":"2024-04-23T10:59:09","guid":{"rendered":"https:\/\/renneritalia.com\/salone-del-mobile-2024-il-mattone-soppianta-il-marmo\/"},"modified":"2024-04-23T13:21:50","modified_gmt":"2024-04-23T11:21:50","slug":"salone-del-mobile-2024-il-mattone-soppianta-il-marmo","status":"publish","type":"post","link":"https:\/\/renneritalia.com\/es\/salone-del-mobile-2024-il-mattone-soppianta-il-marmo\/","title":{"rendered":"Salone del Mobile 2024, el ladrillo sustituye al m\u00e1rmol"},"content":{"rendered":"\t\t<div data-elementor-type=\"wp-post\" data-elementor-id=\"96437\" class=\"elementor elementor-96437 elementor-96344\" data-elementor-post-type=\"post\">\n\t\t\t\t<div class=\"has_eae_slider elementor-element elementor-element-6d1e124 e-flex e-con-boxed e-con e-parent\" data-eae-slider=\"24330\" data-id=\"6d1e124\" data-element_type=\"container\" data-e-type=\"container\" data-settings=\"{&quot;jet_parallax_layout_list&quot;:[]}\">\n\t\t\t\t\t<div class=\"e-con-inner\">\n\t\t<div class=\"has_eae_slider elementor-element elementor-element-cd198e3 e-flex e-con-boxed e-con e-child\" data-eae-slider=\"57028\" data-id=\"cd198e3\" data-element_type=\"container\" data-e-type=\"container\" data-settings=\"{&quot;jet_parallax_layout_list&quot;:[]}\">\n\t\t\t\t\t<div class=\"e-con-inner\">\n\t\t<div class=\"has_eae_slider elementor-element elementor-element-4a22a5d e-con-full e-flex e-con e-child\" data-eae-slider=\"11170\" data-id=\"4a22a5d\" data-element_type=\"container\" data-e-type=\"container\" data-settings=\"{&quot;background_background&quot;:&quot;classic&quot;,&quot;jet_parallax_layout_list&quot;:[]}\">\n\t\t\t\t<div class=\"elementor-element elementor-element-3bfe4e0 elementor-widget elementor-widget-spacer\" data-id=\"3bfe4e0\" data-element_type=\"widget\" data-e-type=\"widget\" data-widget_type=\"spacer.default\">\n\t\t\t\t<div class=\"elementor-widget-container\">\n\t\t\t\t\t\t\t<div class=\"elementor-spacer\">\n\t\t\t<div class=\"elementor-spacer-inner\"><\/div>\n\t\t<\/div>\n\t\t\t\t\t\t<\/div>\n\t\t\t\t<\/div>\n\t\t\t\t<\/div>\n\t\t<div class=\"has_eae_slider elementor-element elementor-element-5e6ccac e-flex e-con-boxed e-con e-child\" data-eae-slider=\"17313\" data-id=\"5e6ccac\" data-element_type=\"container\" data-e-type=\"container\" data-settings=\"{&quot;jet_parallax_layout_list&quot;:[]}\">\n\t\t\t\t\t<div class=\"e-con-inner\">\n\t\t\t\t<div class=\"elementor-element elementor-element-e9c1e9f elementor-widget elementor-widget-text-editor\" data-id=\"e9c1e9f\" data-element_type=\"widget\" data-e-type=\"widget\" data-widget_type=\"text-editor.default\">\n\t\t\t\t<div class=\"elementor-widget-container\">\n\t\t\t\t\t\t\t\t\t<p>Una multitud de visitantes devolvi\u00f3 al <a href=\"https:\/\/www.salonemilano.it\/it\" target=\"_blank\" rel=\"noopener\">Sal\u00f3n del Mueble de Mil\u00e1n<\/a> su esplendor prepand\u00e9mico. La 62\u00aa edici\u00f3n, celebrada la semana pasada, registr\u00f3 un aumento de asistencia del 17% respecto a 2023. En t\u00e9rminos absolutos, se hicieron con 361.417 entradas en los alrededores de Rho Fiera. No muy lejos del r\u00e9cord de 2018 (434.000 cupones). En cuanto a los operadores, el 65,8% proced\u00eda del extranjero. Destac\u00f3 el gran regreso de China, seguida de Alemania, Espa\u00f1a, Brasil, Francia y Estados Unidos.   <\/p>\n\t\t\t\t\t\t\t\t<\/div>\n\t\t\t\t<\/div>\n\t\t\t\t\t<\/div>\n\t\t\t\t<\/div>\n\t\t\t\t\t<\/div>\n\t\t\t\t<\/div>\n\t\t\t\t<div class=\"elementor-element elementor-element-8244e88 elementor-widget elementor-widget-image\" data-id=\"8244e88\" data-element_type=\"widget\" data-e-type=\"widget\" data-widget_type=\"image.default\">\n\t\t\t\t<div class=\"elementor-widget-container\">\n\t\t\t\t\t\t\t\t\t\t\t\t\t\t\t<img fetchpriority=\"high\" decoding=\"async\" width=\"1024\" height=\"1024\" src=\"https:\/\/renneritalia.com\/wp-content\/uploads\/2024\/04\/moodboard.jpg\" class=\"attachment-full size-full wp-image-96427\" alt=\"\" srcset=\"https:\/\/renneritalia.com\/wp-content\/uploads\/2024\/04\/moodboard.jpg 1024w, https:\/\/renneritalia.com\/wp-content\/uploads\/2024\/04\/moodboard-300x300.jpg 300w, https:\/\/renneritalia.com\/wp-content\/uploads\/2024\/04\/moodboard-150x150.jpg 150w, https:\/\/renneritalia.com\/wp-content\/uploads\/2024\/04\/moodboard-768x768.jpg 768w\" sizes=\"(max-width: 1024px) 100vw, 1024px\" \/>\t\t\t\t\t\t\t\t\t\t\t\t\t\t\t<\/div>\n\t\t\t\t<\/div>\n\t\t\t\t<div class=\"elementor-element elementor-element-ddb24c8 elementor-widget elementor-widget-heading\" data-id=\"ddb24c8\" data-element_type=\"widget\" data-e-type=\"widget\" data-widget_type=\"heading.default\">\n\t\t\t\t<div class=\"elementor-widget-container\">\n\t\t\t\t\t<h4 class=\"elementor-heading-title elementor-size-default\">La paleta<\/h4>\t\t\t\t<\/div>\n\t\t\t\t<\/div>\n\t\t\t\t<div class=\"elementor-element elementor-element-19513eb elementor-widget elementor-widget-text-editor\" data-id=\"19513eb\" data-element_type=\"widget\" data-e-type=\"widget\" data-widget_type=\"text-editor.default\">\n\t\t\t\t<div class=\"elementor-widget-container\">\n\t\t\t\t\t\t\t\t\t<p>Los protagonistas de la edici\u00f3n 2024 fueron los tonos tierra c\u00e1lidos. Con el ladrillo y el rojo \u00f3xido como protagonistas. Seguidos a remolque por el \u00f3xido y el ocre. Matices que encontramos en muchas superficies, tanto en muebles de interior como de exterior, sobre todo en versiones brillantes. Los dise\u00f1adores se han permitido combinaciones con esencias naturales totalmente mates. Nos referimos en particular al roble, el fresno y el nogal Canaletto.     <\/p>\n\t\t\t\t\t\t\t\t<\/div>\n\t\t\t\t<\/div>\n\t\t\t\t<div class=\"elementor-element elementor-element-bd3dc2c elementor-widget elementor-widget-gallery\" data-id=\"bd3dc2c\" data-element_type=\"widget\" data-e-type=\"widget\" data-settings=\"{&quot;columns&quot;:3,&quot;lazyload&quot;:&quot;yes&quot;,&quot;gallery_layout&quot;:&quot;grid&quot;,&quot;columns_tablet&quot;:2,&quot;columns_mobile&quot;:1,&quot;gap&quot;:{&quot;unit&quot;:&quot;px&quot;,&quot;size&quot;:10,&quot;sizes&quot;:[]},&quot;gap_tablet&quot;:{&quot;unit&quot;:&quot;px&quot;,&quot;size&quot;:10,&quot;sizes&quot;:[]},&quot;gap_mobile&quot;:{&quot;unit&quot;:&quot;px&quot;,&quot;size&quot;:10,&quot;sizes&quot;:[]},&quot;link_to&quot;:&quot;file&quot;,&quot;aspect_ratio&quot;:&quot;3:2&quot;,&quot;overlay_background&quot;:&quot;yes&quot;,&quot;content_hover_animation&quot;:&quot;fade-in&quot;}\" data-widget_type=\"gallery.default\">\n\t\t\t\t<div class=\"elementor-widget-container\">\n\t\t\t\t\t\t\t<div class=\"elementor-gallery__container\">\n\t\t\t\t\t\t\t<a class=\"e-gallery-item elementor-gallery-item elementor-animated-content\" href=\"https:\/\/renneritalia.com\/wp-content\/uploads\/2024\/04\/FOTO-2.webp\" data-elementor-open-lightbox=\"yes\" data-elementor-lightbox-slideshow=\"bd3dc2c\" data-elementor-lightbox-title=\"FOTO 2\" data-e-action-hash=\"#elementor-action%3Aaction%3Dlightbox%26settings%3DeyJpZCI6OTYzNzAsInVybCI6Imh0dHBzOlwvXC9yZW5uZXJpdGFsaWEuY29tXC93cC1jb250ZW50XC91cGxvYWRzXC8yMDI0XC8wNFwvRk9UTy0yLndlYnAiLCJzbGlkZXNob3ciOiJiZDNkYzJjIn0%3D\">\n\t\t\t\t\t<div class=\"e-gallery-image elementor-gallery-item__image\" data-thumbnail=\"https:\/\/renneritalia.com\/wp-content\/uploads\/2024\/04\/FOTO-2.webp\" data-width=\"1024\" data-height=\"1024\" aria-label=\"\" role=\"img\" ><\/div>\n\t\t\t\t\t\t\t\t\t\t\t<div class=\"elementor-gallery-item__overlay\"><\/div>\n\t\t\t\t\t\t\t\t\t\t\t\t\t\t<\/a>\n\t\t\t\t\t\t\t<a class=\"e-gallery-item elementor-gallery-item elementor-animated-content\" href=\"https:\/\/renneritalia.com\/wp-content\/uploads\/2024\/04\/FOTO-3.jpg\" data-elementor-open-lightbox=\"yes\" data-elementor-lightbox-slideshow=\"bd3dc2c\" data-elementor-lightbox-title=\"FOTO 3\" data-e-action-hash=\"#elementor-action%3Aaction%3Dlightbox%26settings%3DeyJpZCI6OTYzNzUsInVybCI6Imh0dHBzOlwvXC9yZW5uZXJpdGFsaWEuY29tXC93cC1jb250ZW50XC91cGxvYWRzXC8yMDI0XC8wNFwvRk9UTy0zLmpwZyIsInNsaWRlc2hvdyI6ImJkM2RjMmMifQ%3D%3D\">\n\t\t\t\t\t<div class=\"e-gallery-image elementor-gallery-item__image\" data-thumbnail=\"https:\/\/renneritalia.com\/wp-content\/uploads\/2024\/04\/FOTO-3.jpg\" data-width=\"1024\" data-height=\"1024\" aria-label=\"\" role=\"img\" ><\/div>\n\t\t\t\t\t\t\t\t\t\t\t<div class=\"elementor-gallery-item__overlay\"><\/div>\n\t\t\t\t\t\t\t\t\t\t\t\t\t\t<\/a>\n\t\t\t\t\t\t\t<a class=\"e-gallery-item elementor-gallery-item elementor-animated-content\" href=\"https:\/\/renneritalia.com\/wp-content\/uploads\/2024\/04\/FOTO-4.webp\" data-elementor-open-lightbox=\"yes\" data-elementor-lightbox-slideshow=\"bd3dc2c\" data-elementor-lightbox-title=\"FOTO 4\" data-e-action-hash=\"#elementor-action%3Aaction%3Dlightbox%26settings%3DeyJpZCI6OTYzODAsInVybCI6Imh0dHBzOlwvXC9yZW5uZXJpdGFsaWEuY29tXC93cC1jb250ZW50XC91cGxvYWRzXC8yMDI0XC8wNFwvRk9UTy00LndlYnAiLCJzbGlkZXNob3ciOiJiZDNkYzJjIn0%3D\">\n\t\t\t\t\t<div class=\"e-gallery-image elementor-gallery-item__image\" data-thumbnail=\"https:\/\/renneritalia.com\/wp-content\/uploads\/2024\/04\/FOTO-4.webp\" data-width=\"1024\" data-height=\"1024\" aria-label=\"\" role=\"img\" ><\/div>\n\t\t\t\t\t\t\t\t\t\t\t<div class=\"elementor-gallery-item__overlay\"><\/div>\n\t\t\t\t\t\t\t\t\t\t\t\t\t\t<\/a>\n\t\t\t\t\t<\/div>\n\t\t\t\t\t<\/div>\n\t\t\t\t<\/div>\n\t\t\t\t<div class=\"elementor-element elementor-element-515577f elementor-widget elementor-widget-heading\" data-id=\"515577f\" data-element_type=\"widget\" data-e-type=\"widget\" data-widget_type=\"heading.default\">\n\t\t\t\t<div class=\"elementor-widget-container\">\n\t\t\t\t\t<h4 class=\"elementor-heading-title elementor-size-default\">Actores secundarios<\/h4>\t\t\t\t<\/div>\n\t\t\t\t<\/div>\n\t\t\t\t<div class=\"elementor-element elementor-element-7d947de elementor-widget elementor-widget-text-editor\" data-id=\"7d947de\" data-element_type=\"widget\" data-e-type=\"widget\" data-widget_type=\"text-editor.default\">\n\t\t\t\t<div class=\"elementor-widget-container\">\n\t\t\t\t\t\t\t\t\t<p>Tambi\u00e9n son recurrentes los llamados tonos pastel \u00abempolvados\u00bb. A saber, salvia, polvo y papel de az\u00facar en versi\u00f3n estrictamente mate. Los crom\u00e1ticos, estos \u00faltimos, especialmente apreciados por su complementariedad. Los definimos como &#8216;polvorientos&#8217; por el componente gris que determina sensaciones de confort y relajaci\u00f3n. Mediante el h\u00e1bil uso del gris, el verde se convierte en salvia. El rosa se convierte en polvo. El azul claro se convierte en papel de az\u00facar.      <\/p>\n\t\t\t\t\t\t\t\t<\/div>\n\t\t\t\t<\/div>\n\t\t\t\t<div class=\"elementor-element elementor-element-c51cc00 elementor-widget elementor-widget-gallery\" data-id=\"c51cc00\" data-element_type=\"widget\" data-e-type=\"widget\" data-settings=\"{&quot;columns&quot;:1,&quot;lazyload&quot;:&quot;yes&quot;,&quot;gallery_layout&quot;:&quot;grid&quot;,&quot;columns_tablet&quot;:2,&quot;columns_mobile&quot;:1,&quot;gap&quot;:{&quot;unit&quot;:&quot;px&quot;,&quot;size&quot;:10,&quot;sizes&quot;:[]},&quot;gap_tablet&quot;:{&quot;unit&quot;:&quot;px&quot;,&quot;size&quot;:10,&quot;sizes&quot;:[]},&quot;gap_mobile&quot;:{&quot;unit&quot;:&quot;px&quot;,&quot;size&quot;:10,&quot;sizes&quot;:[]},&quot;link_to&quot;:&quot;file&quot;,&quot;aspect_ratio&quot;:&quot;3:2&quot;,&quot;overlay_background&quot;:&quot;yes&quot;,&quot;content_hover_animation&quot;:&quot;fade-in&quot;}\" data-widget_type=\"gallery.default\">\n\t\t\t\t<div class=\"elementor-widget-container\">\n\t\t\t\t\t\t\t<div class=\"elementor-gallery__container\">\n\t\t\t\t\t\t\t<a class=\"e-gallery-item elementor-gallery-item elementor-animated-content\" href=\"https:\/\/renneritalia.com\/wp-content\/uploads\/2024\/04\/FOTO-5.webp\" data-elementor-open-lightbox=\"yes\" data-elementor-lightbox-slideshow=\"c51cc00\" data-elementor-lightbox-title=\"FOTO 5\" data-e-action-hash=\"#elementor-action%3Aaction%3Dlightbox%26settings%3DeyJpZCI6OTYzODUsInVybCI6Imh0dHBzOlwvXC9yZW5uZXJpdGFsaWEuY29tXC93cC1jb250ZW50XC91cGxvYWRzXC8yMDI0XC8wNFwvRk9UTy01LndlYnAiLCJzbGlkZXNob3ciOiJjNTFjYzAwIn0%3D\">\n\t\t\t\t\t<div class=\"e-gallery-image elementor-gallery-item__image\" data-thumbnail=\"https:\/\/renneritalia.com\/wp-content\/uploads\/2024\/04\/FOTO-5.webp\" data-width=\"1024\" data-height=\"1024\" aria-label=\"\" role=\"img\" ><\/div>\n\t\t\t\t\t\t\t\t\t\t\t<div class=\"elementor-gallery-item__overlay\"><\/div>\n\t\t\t\t\t\t\t\t\t\t\t\t\t\t<\/a>\n\t\t\t\t\t<\/div>\n\t\t\t\t\t<\/div>\n\t\t\t\t<\/div>\n\t\t\t\t<div class=\"elementor-element elementor-element-982fb65 elementor-widget elementor-widget-heading\" data-id=\"982fb65\" data-element_type=\"widget\" data-e-type=\"widget\" data-widget_type=\"heading.default\">\n\t\t\t\t<div class=\"elementor-widget-container\">\n\t\t\t\t\t<h4 class=\"elementor-heading-title elementor-size-default\">La b\u00fasqueda del lujo<\/h4>\t\t\t\t<\/div>\n\t\t\t\t<\/div>\n\t\t\t\t<div class=\"elementor-element elementor-element-6ab9b42 elementor-widget elementor-widget-text-editor\" data-id=\"6ab9b42\" data-element_type=\"widget\" data-e-type=\"widget\" data-widget_type=\"text-editor.default\">\n\t\t\t\t<div class=\"elementor-widget-container\">\n\t\t\t\t\t\t\t\t\t<p>Es una kermesse, la del Salone del Mobile, que se presenta cada vez m\u00e1s como un contenedor de lujo. Representa para el mueble lo que la Fashion Week es para la industria de la moda. El acabado tambi\u00e9n desempe\u00f1a aqu\u00ed un papel decisivo: el metal rayado es uno de los efectos m\u00e1s populares. Entre los materiales, el vidrio en versi\u00f3n ahumada picada acompa\u00f1a al metal y al lacado. El m\u00e1rmol, que hab\u00eda dominado la edici\u00f3n anterior, parece haber pasado al desv\u00e1n.    <\/p>\n\t\t\t\t\t\t\t\t<\/div>\n\t\t\t\t<\/div>\n\t\t\t\t<div class=\"elementor-element elementor-element-467777a elementor-widget elementor-widget-gallery\" data-id=\"467777a\" data-element_type=\"widget\" data-e-type=\"widget\" data-settings=\"{&quot;columns&quot;:1,&quot;lazyload&quot;:&quot;yes&quot;,&quot;gallery_layout&quot;:&quot;grid&quot;,&quot;columns_tablet&quot;:2,&quot;columns_mobile&quot;:1,&quot;gap&quot;:{&quot;unit&quot;:&quot;px&quot;,&quot;size&quot;:10,&quot;sizes&quot;:[]},&quot;gap_tablet&quot;:{&quot;unit&quot;:&quot;px&quot;,&quot;size&quot;:10,&quot;sizes&quot;:[]},&quot;gap_mobile&quot;:{&quot;unit&quot;:&quot;px&quot;,&quot;size&quot;:10,&quot;sizes&quot;:[]},&quot;link_to&quot;:&quot;file&quot;,&quot;aspect_ratio&quot;:&quot;3:2&quot;,&quot;overlay_background&quot;:&quot;yes&quot;,&quot;content_hover_animation&quot;:&quot;fade-in&quot;}\" data-widget_type=\"gallery.default\">\n\t\t\t\t<div class=\"elementor-widget-container\">\n\t\t\t\t\t\t\t<div class=\"elementor-gallery__container\">\n\t\t\t\t\t\t\t<a class=\"e-gallery-item elementor-gallery-item elementor-animated-content\" href=\"https:\/\/renneritalia.com\/wp-content\/uploads\/2024\/04\/foto-6.webp\" data-elementor-open-lightbox=\"yes\" data-elementor-lightbox-slideshow=\"467777a\" data-elementor-lightbox-title=\"foto 6\" data-e-action-hash=\"#elementor-action%3Aaction%3Dlightbox%26settings%3DeyJpZCI6OTY0MDYsInVybCI6Imh0dHBzOlwvXC9yZW5uZXJpdGFsaWEuY29tXC93cC1jb250ZW50XC91cGxvYWRzXC8yMDI0XC8wNFwvZm90by02LndlYnAiLCJzbGlkZXNob3ciOiI0Njc3NzdhIn0%3D\">\n\t\t\t\t\t<div class=\"e-gallery-image elementor-gallery-item__image\" data-thumbnail=\"https:\/\/renneritalia.com\/wp-content\/uploads\/2024\/04\/foto-6.webp\" data-width=\"1024\" data-height=\"1024\" aria-label=\"\" role=\"img\" ><\/div>\n\t\t\t\t\t\t\t\t\t\t\t<div class=\"elementor-gallery-item__overlay\"><\/div>\n\t\t\t\t\t\t\t\t\t\t\t\t\t\t<\/a>\n\t\t\t\t\t<\/div>\n\t\t\t\t\t<\/div>\n\t\t\t\t<\/div>\n\t\t\t\t<div class=\"elementor-element elementor-element-5fc16ff elementor-widget elementor-widget-heading\" data-id=\"5fc16ff\" data-element_type=\"widget\" data-e-type=\"widget\" data-widget_type=\"heading.default\">\n\t\t\t\t<div class=\"elementor-widget-container\">\n\t\t\t\t\t<h4 class=\"elementor-heading-title elementor-size-default\">El a\u00f1o de las cocinas<\/h4>\t\t\t\t<\/div>\n\t\t\t\t<\/div>\n\t\t\t\t<div class=\"elementor-element elementor-element-9c390b7 elementor-widget elementor-widget-text-editor\" data-id=\"9c390b7\" data-element_type=\"widget\" data-e-type=\"widget\" data-widget_type=\"text-editor.default\">\n\t\t\t\t<div class=\"elementor-widget-container\">\n\t\t\t\t\t\t\t\t\t<p>2024 marca tambi\u00e9n el regreso de Eurocucina. Informamos de una tendencia que promete ser el leitmotiv en la composici\u00f3n de los espacios. La pen\u00ednsula se vuelve omnipresente: es decir, adquiere dimensiones importantes para asumir definitivamente el papel de divisoria con la zona de estar. Muchas marcas tambi\u00e9n han propuesto cocinas de exterior. Ciertamente, no se trata de simples barbacoas, sino de verdaderos conceptos de interior trasladados al exterior.    <\/p>\n\t\t\t\t\t\t\t\t<\/div>\n\t\t\t\t<\/div>\n\t\t\t\t<div class=\"elementor-element elementor-element-68e9d04 elementor-widget elementor-widget-gallery\" data-id=\"68e9d04\" data-element_type=\"widget\" data-e-type=\"widget\" data-settings=\"{&quot;columns&quot;:2,&quot;lazyload&quot;:&quot;yes&quot;,&quot;gallery_layout&quot;:&quot;grid&quot;,&quot;columns_tablet&quot;:2,&quot;columns_mobile&quot;:1,&quot;gap&quot;:{&quot;unit&quot;:&quot;px&quot;,&quot;size&quot;:10,&quot;sizes&quot;:[]},&quot;gap_tablet&quot;:{&quot;unit&quot;:&quot;px&quot;,&quot;size&quot;:10,&quot;sizes&quot;:[]},&quot;gap_mobile&quot;:{&quot;unit&quot;:&quot;px&quot;,&quot;size&quot;:10,&quot;sizes&quot;:[]},&quot;link_to&quot;:&quot;file&quot;,&quot;aspect_ratio&quot;:&quot;3:2&quot;,&quot;overlay_background&quot;:&quot;yes&quot;,&quot;content_hover_animation&quot;:&quot;fade-in&quot;}\" data-widget_type=\"gallery.default\">\n\t\t\t\t<div class=\"elementor-widget-container\">\n\t\t\t\t\t\t\t<div class=\"elementor-gallery__container\">\n\t\t\t\t\t\t\t<a class=\"e-gallery-item elementor-gallery-item elementor-animated-content\" href=\"https:\/\/renneritalia.com\/wp-content\/uploads\/2024\/04\/FOTO-8.webp\" data-elementor-open-lightbox=\"yes\" data-elementor-lightbox-slideshow=\"68e9d04\" data-elementor-lightbox-title=\"FOTO 8\" data-e-action-hash=\"#elementor-action%3Aaction%3Dlightbox%26settings%3DeyJpZCI6OTYzOTAsInVybCI6Imh0dHBzOlwvXC9yZW5uZXJpdGFsaWEuY29tXC93cC1jb250ZW50XC91cGxvYWRzXC8yMDI0XC8wNFwvRk9UTy04LndlYnAiLCJzbGlkZXNob3ciOiI2OGU5ZDA0In0%3D\">\n\t\t\t\t\t<div class=\"e-gallery-image elementor-gallery-item__image\" data-thumbnail=\"https:\/\/renneritalia.com\/wp-content\/uploads\/2024\/04\/FOTO-8.webp\" data-width=\"1024\" data-height=\"1024\" aria-label=\"\" role=\"img\" ><\/div>\n\t\t\t\t\t\t\t\t\t\t\t<div class=\"elementor-gallery-item__overlay\"><\/div>\n\t\t\t\t\t\t\t\t\t\t\t\t\t\t<\/a>\n\t\t\t\t\t\t\t<a class=\"e-gallery-item elementor-gallery-item elementor-animated-content\" href=\"https:\/\/renneritalia.com\/wp-content\/uploads\/2024\/04\/FOTO-7.webp\" data-elementor-open-lightbox=\"yes\" data-elementor-lightbox-slideshow=\"68e9d04\" data-elementor-lightbox-title=\"FOTO 7\" data-e-action-hash=\"#elementor-action%3Aaction%3Dlightbox%26settings%3DeyJpZCI6OTYzOTUsInVybCI6Imh0dHBzOlwvXC9yZW5uZXJpdGFsaWEuY29tXC93cC1jb250ZW50XC91cGxvYWRzXC8yMDI0XC8wNFwvRk9UTy03LndlYnAiLCJzbGlkZXNob3ciOiI2OGU5ZDA0In0%3D\">\n\t\t\t\t\t<div class=\"e-gallery-image elementor-gallery-item__image\" data-thumbnail=\"https:\/\/renneritalia.com\/wp-content\/uploads\/2024\/04\/FOTO-7.webp\" data-width=\"1024\" data-height=\"1024\" aria-label=\"\" role=\"img\" ><\/div>\n\t\t\t\t\t\t\t\t\t\t\t<div class=\"elementor-gallery-item__overlay\"><\/div>\n\t\t\t\t\t\t\t\t\t\t\t\t\t\t<\/a>\n\t\t\t\t\t<\/div>\n\t\t\t\t\t<\/div>\n\t\t\t\t<\/div>\n\t\t\t\t<div class=\"elementor-element elementor-element-7cd4a87 elementor-widget elementor-widget-heading\" data-id=\"7cd4a87\" data-element_type=\"widget\" data-e-type=\"widget\" data-widget_type=\"heading.default\">\n\t\t\t\t<div class=\"elementor-widget-container\">\n\t\t\t\t\t<h4 class=\"elementor-heading-title elementor-size-default\">Formas y detalles<\/h4>\t\t\t\t<\/div>\n\t\t\t\t<\/div>\n\t\t\t\t<div class=\"elementor-element elementor-element-be82c97 elementor-widget elementor-widget-text-editor\" data-id=\"be82c97\" data-element_type=\"widget\" data-e-type=\"widget\" data-widget_type=\"text-editor.default\">\n\t\t\t\t<div class=\"elementor-widget-container\">\n\t\t\t\t\t\t\t\t\t<p>Con m\u00e1s convicci\u00f3n que hace doce meses, los dise\u00f1adores se han decantado por formas redondeadas, suaves y acogedoras. Las aristas han desaparecido de sof\u00e1s, sillas, mesas y mobiliario en general. Tambi\u00e9n se ha revisado el entrelazado de distintos materiales en la composici\u00f3n de asientos \u00fanicos.  <br \/>Por otra parte, son novedad para abril de 2024 los acabados canulados (paneles de lamas estrechas) tanto para cocinas como para armarios. Tambi\u00e9n son interesantes las combinaciones de mesas bajas de centro de diferentes formas, tama\u00f1os y acabados. Por \u00faltimo, observamos que algunas grandes marcas utilizan pies de cristal tanto para las camas como para las mesas. Aqu\u00ed se busca ligereza e invisibilidad.   <\/p>\n\t\t\t\t\t\t\t\t<\/div>\n\t\t\t\t<\/div>\n\t\t\t\t<div class=\"elementor-element elementor-element-cc49bcd elementor-widget elementor-widget-text-editor\" data-id=\"cc49bcd\" data-element_type=\"widget\" data-e-type=\"widget\" data-widget_type=\"text-editor.default\">\n\t\t\t\t<div class=\"elementor-widget-container\">\n\t\t\t\t\t\t\t\t\t<p><em>Im\u00e1genes generadas por IA<\/em><\/p>\n\t\t\t\t\t\t\t\t<\/div>\n\t\t\t\t<\/div>\n\t\t\t\t\t<\/div>\n\t\t\t\t<\/div>\n\t\t\t\t<\/div>\n\t\t","protected":false},"excerpt":{"rendered":"<p>Los tonos c\u00e1lidos de la tierra son los protagonistas en la edici\u00f3n de 2024. Con el ladrillo y el rojo \u00f3xido como protagonistas. Seguidos a remolque por el \u00f3xido y el ocre.  <\/p>\n","protected":false},"author":7,"featured_media":96350,"comment_status":"closed","ping_status":"closed","sticky":false,"template":"","format":"standard","meta":{"footnotes":""},"categories":[4],"tags":[],"class_list":["post-96437","post","type-post","status-publish","format-standard","has-post-thumbnail","hentry","category-renner-blog-es"],"yoast_head":"<!-- This site is optimized with the Yoast SEO plugin v27.5 - https:\/\/yoast.com\/product\/yoast-seo-wordpress\/ -->\n<title>Salone del Mobile 2024, el ladrillo sustituye al m\u00e1rmol - Renner Italia<\/title>\n<meta name=\"robots\" content=\"index, follow, max-snippet:-1, max-image-preview:large, max-video-preview:-1\" \/>\n<link rel=\"canonical\" href=\"https:\/\/renneritalia.com\/es\/salone-del-mobile-2024-il-mattone-soppianta-il-marmo\/\" \/>\n<meta property=\"og:locale\" content=\"es_ES\" \/>\n<meta property=\"og:type\" content=\"article\" \/>\n<meta property=\"og:title\" content=\"Salone del Mobile 2024, el ladrillo sustituye al m\u00e1rmol - Renner Italia\" \/>\n<meta property=\"og:description\" content=\"Los tonos c\u00e1lidos de la tierra son los protagonistas en la edici\u00f3n de 2024. Con el ladrillo y el rojo \u00f3xido como protagonistas. Seguidos a remolque por el \u00f3xido y el ocre.\" \/>\n<meta property=\"og:url\" content=\"https:\/\/renneritalia.com\/es\/salone-del-mobile-2024-il-mattone-soppianta-il-marmo\/\" \/>\n<meta property=\"og:site_name\" content=\"Renner Italia\" \/>\n<meta property=\"article:published_time\" content=\"2024-04-23T10:59:09+00:00\" \/>\n<meta property=\"article:modified_time\" content=\"2024-04-23T11:21:50+00:00\" \/>\n<meta property=\"og:image\" content=\"https:\/\/renneritalia.com\/wp-content\/uploads\/2024\/04\/FOTO-ANTEPRIMA.jpeg\" \/>\n\t<meta property=\"og:image:width\" content=\"1024\" \/>\n\t<meta property=\"og:image:height\" content=\"1024\" \/>\n\t<meta property=\"og:image:type\" content=\"image\/jpeg\" \/>\n<meta name=\"author\" content=\"Developer\" \/>\n<meta name=\"twitter:card\" content=\"summary_large_image\" \/>\n<meta name=\"twitter:label1\" content=\"Escrito por\" \/>\n\t<meta name=\"twitter:data1\" content=\"Developer\" \/>\n\t<meta name=\"twitter:label2\" content=\"Tiempo de lectura\" \/>\n\t<meta name=\"twitter:data2\" content=\"3 minutos\" \/>\n<script type=\"application\/ld+json\" class=\"yoast-schema-graph\">{\"@context\":\"https:\\\/\\\/schema.org\",\"@graph\":[{\"@type\":\"Article\",\"@id\":\"https:\\\/\\\/renneritalia.com\\\/es\\\/salone-del-mobile-2024-il-mattone-soppianta-il-marmo\\\/#article\",\"isPartOf\":{\"@id\":\"https:\\\/\\\/renneritalia.com\\\/es\\\/salone-del-mobile-2024-il-mattone-soppianta-il-marmo\\\/\"},\"author\":{\"name\":\"Developer\",\"@id\":\"https:\\\/\\\/renneritalia.com\\\/#\\\/schema\\\/person\\\/2b55983c242bb8bca0fc96b0953ee07a\"},\"headline\":\"Salone del Mobile 2024, el ladrillo sustituye al m\u00e1rmol\",\"datePublished\":\"2024-04-23T10:59:09+00:00\",\"dateModified\":\"2024-04-23T11:21:50+00:00\",\"mainEntityOfPage\":{\"@id\":\"https:\\\/\\\/renneritalia.com\\\/es\\\/salone-del-mobile-2024-il-mattone-soppianta-il-marmo\\\/\"},\"wordCount\":540,\"publisher\":{\"@id\":\"https:\\\/\\\/renneritalia.com\\\/#organization\"},\"image\":{\"@id\":\"https:\\\/\\\/renneritalia.com\\\/es\\\/salone-del-mobile-2024-il-mattone-soppianta-il-marmo\\\/#primaryimage\"},\"thumbnailUrl\":\"https:\\\/\\\/renneritalia.com\\\/wp-content\\\/uploads\\\/2024\\\/04\\\/FOTO-ANTEPRIMA.jpeg\",\"articleSection\":[\"Renner Blog\"],\"inLanguage\":\"es\"},{\"@type\":\"WebPage\",\"@id\":\"https:\\\/\\\/renneritalia.com\\\/es\\\/salone-del-mobile-2024-il-mattone-soppianta-il-marmo\\\/\",\"url\":\"https:\\\/\\\/renneritalia.com\\\/es\\\/salone-del-mobile-2024-il-mattone-soppianta-il-marmo\\\/\",\"name\":\"Salone del Mobile 2024, el ladrillo sustituye al m\u00e1rmol - Renner Italia\",\"isPartOf\":{\"@id\":\"https:\\\/\\\/renneritalia.com\\\/#website\"},\"primaryImageOfPage\":{\"@id\":\"https:\\\/\\\/renneritalia.com\\\/es\\\/salone-del-mobile-2024-il-mattone-soppianta-il-marmo\\\/#primaryimage\"},\"image\":{\"@id\":\"https:\\\/\\\/renneritalia.com\\\/es\\\/salone-del-mobile-2024-il-mattone-soppianta-il-marmo\\\/#primaryimage\"},\"thumbnailUrl\":\"https:\\\/\\\/renneritalia.com\\\/wp-content\\\/uploads\\\/2024\\\/04\\\/FOTO-ANTEPRIMA.jpeg\",\"datePublished\":\"2024-04-23T10:59:09+00:00\",\"dateModified\":\"2024-04-23T11:21:50+00:00\",\"breadcrumb\":{\"@id\":\"https:\\\/\\\/renneritalia.com\\\/es\\\/salone-del-mobile-2024-il-mattone-soppianta-il-marmo\\\/#breadcrumb\"},\"inLanguage\":\"es\",\"potentialAction\":[{\"@type\":\"ReadAction\",\"target\":[\"https:\\\/\\\/renneritalia.com\\\/es\\\/salone-del-mobile-2024-il-mattone-soppianta-il-marmo\\\/\"]}]},{\"@type\":\"ImageObject\",\"inLanguage\":\"es\",\"@id\":\"https:\\\/\\\/renneritalia.com\\\/es\\\/salone-del-mobile-2024-il-mattone-soppianta-il-marmo\\\/#primaryimage\",\"url\":\"https:\\\/\\\/renneritalia.com\\\/wp-content\\\/uploads\\\/2024\\\/04\\\/FOTO-ANTEPRIMA.jpeg\",\"contentUrl\":\"https:\\\/\\\/renneritalia.com\\\/wp-content\\\/uploads\\\/2024\\\/04\\\/FOTO-ANTEPRIMA.jpeg\",\"width\":1024,\"height\":1024},{\"@type\":\"BreadcrumbList\",\"@id\":\"https:\\\/\\\/renneritalia.com\\\/es\\\/salone-del-mobile-2024-il-mattone-soppianta-il-marmo\\\/#breadcrumb\",\"itemListElement\":[{\"@type\":\"ListItem\",\"position\":1,\"name\":\"Home\",\"item\":\"https:\\\/\\\/renneritalia.com\\\/es\\\/\"},{\"@type\":\"ListItem\",\"position\":2,\"name\":\"Salone del Mobile 2024, el ladrillo sustituye al m\u00e1rmol\"}]},{\"@type\":\"WebSite\",\"@id\":\"https:\\\/\\\/renneritalia.com\\\/#website\",\"url\":\"https:\\\/\\\/renneritalia.com\\\/\",\"name\":\"Renner Italia\",\"description\":\"Le vernici per il legno\",\"publisher\":{\"@id\":\"https:\\\/\\\/renneritalia.com\\\/#organization\"},\"potentialAction\":[{\"@type\":\"SearchAction\",\"target\":{\"@type\":\"EntryPoint\",\"urlTemplate\":\"https:\\\/\\\/renneritalia.com\\\/?s={search_term_string}\"},\"query-input\":{\"@type\":\"PropertyValueSpecification\",\"valueRequired\":true,\"valueName\":\"search_term_string\"}}],\"inLanguage\":\"es\"},{\"@type\":\"Organization\",\"@id\":\"https:\\\/\\\/renneritalia.com\\\/#organization\",\"name\":\"Renner Italia\",\"url\":\"https:\\\/\\\/renneritalia.com\\\/\",\"logo\":{\"@type\":\"ImageObject\",\"inLanguage\":\"es\",\"@id\":\"https:\\\/\\\/renneritalia.com\\\/#\\\/schema\\\/logo\\\/image\\\/\",\"url\":\"https:\\\/\\\/renneritalia.com\\\/wp-content\\\/uploads\\\/2025\\\/03\\\/logo_renner_italia.svg\",\"contentUrl\":\"https:\\\/\\\/renneritalia.com\\\/wp-content\\\/uploads\\\/2025\\\/03\\\/logo_renner_italia.svg\",\"caption\":\"Renner Italia\"},\"image\":{\"@id\":\"https:\\\/\\\/renneritalia.com\\\/#\\\/schema\\\/logo\\\/image\\\/\"}},{\"@type\":\"Person\",\"@id\":\"https:\\\/\\\/renneritalia.com\\\/#\\\/schema\\\/person\\\/2b55983c242bb8bca0fc96b0953ee07a\",\"name\":\"Developer\",\"image\":{\"@type\":\"ImageObject\",\"inLanguage\":\"es\",\"@id\":\"https:\\\/\\\/secure.gravatar.com\\\/avatar\\\/75827445886b10456c49d0746eecca232159a239bd272d6e522b9ff49457f88d?s=96&d=mm&r=g\",\"url\":\"https:\\\/\\\/secure.gravatar.com\\\/avatar\\\/75827445886b10456c49d0746eecca232159a239bd272d6e522b9ff49457f88d?s=96&d=mm&r=g\",\"contentUrl\":\"https:\\\/\\\/secure.gravatar.com\\\/avatar\\\/75827445886b10456c49d0746eecca232159a239bd272d6e522b9ff49457f88d?s=96&d=mm&r=g\",\"caption\":\"Developer\"},\"url\":\"https:\\\/\\\/renneritalia.com\\\/es\\\/author\\\/marco-ruisi\\\/\"}]}<\/script>\n<!-- \/ Yoast SEO plugin. -->","yoast_head_json":{"title":"Salone del Mobile 2024, el ladrillo sustituye al m\u00e1rmol - Renner Italia","robots":{"index":"index","follow":"follow","max-snippet":"max-snippet:-1","max-image-preview":"max-image-preview:large","max-video-preview":"max-video-preview:-1"},"canonical":"https:\/\/renneritalia.com\/es\/salone-del-mobile-2024-il-mattone-soppianta-il-marmo\/","og_locale":"es_ES","og_type":"article","og_title":"Salone del Mobile 2024, el ladrillo sustituye al m\u00e1rmol - Renner Italia","og_description":"Los tonos c\u00e1lidos de la tierra son los protagonistas en la edici\u00f3n de 2024. Con el ladrillo y el rojo \u00f3xido como protagonistas. Seguidos a remolque por el \u00f3xido y el ocre.","og_url":"https:\/\/renneritalia.com\/es\/salone-del-mobile-2024-il-mattone-soppianta-il-marmo\/","og_site_name":"Renner Italia","article_published_time":"2024-04-23T10:59:09+00:00","article_modified_time":"2024-04-23T11:21:50+00:00","og_image":[{"width":1024,"height":1024,"url":"https:\/\/renneritalia.com\/wp-content\/uploads\/2024\/04\/FOTO-ANTEPRIMA.jpeg","type":"image\/jpeg"}],"author":"Developer","twitter_card":"summary_large_image","twitter_misc":{"Escrito por":"Developer","Tiempo de lectura":"3 minutos"},"schema":{"@context":"https:\/\/schema.org","@graph":[{"@type":"Article","@id":"https:\/\/renneritalia.com\/es\/salone-del-mobile-2024-il-mattone-soppianta-il-marmo\/#article","isPartOf":{"@id":"https:\/\/renneritalia.com\/es\/salone-del-mobile-2024-il-mattone-soppianta-il-marmo\/"},"author":{"name":"Developer","@id":"https:\/\/renneritalia.com\/#\/schema\/person\/2b55983c242bb8bca0fc96b0953ee07a"},"headline":"Salone del Mobile 2024, el ladrillo sustituye al m\u00e1rmol","datePublished":"2024-04-23T10:59:09+00:00","dateModified":"2024-04-23T11:21:50+00:00","mainEntityOfPage":{"@id":"https:\/\/renneritalia.com\/es\/salone-del-mobile-2024-il-mattone-soppianta-il-marmo\/"},"wordCount":540,"publisher":{"@id":"https:\/\/renneritalia.com\/#organization"},"image":{"@id":"https:\/\/renneritalia.com\/es\/salone-del-mobile-2024-il-mattone-soppianta-il-marmo\/#primaryimage"},"thumbnailUrl":"https:\/\/renneritalia.com\/wp-content\/uploads\/2024\/04\/FOTO-ANTEPRIMA.jpeg","articleSection":["Renner Blog"],"inLanguage":"es"},{"@type":"WebPage","@id":"https:\/\/renneritalia.com\/es\/salone-del-mobile-2024-il-mattone-soppianta-il-marmo\/","url":"https:\/\/renneritalia.com\/es\/salone-del-mobile-2024-il-mattone-soppianta-il-marmo\/","name":"Salone del Mobile 2024, el ladrillo sustituye al m\u00e1rmol - Renner Italia","isPartOf":{"@id":"https:\/\/renneritalia.com\/#website"},"primaryImageOfPage":{"@id":"https:\/\/renneritalia.com\/es\/salone-del-mobile-2024-il-mattone-soppianta-il-marmo\/#primaryimage"},"image":{"@id":"https:\/\/renneritalia.com\/es\/salone-del-mobile-2024-il-mattone-soppianta-il-marmo\/#primaryimage"},"thumbnailUrl":"https:\/\/renneritalia.com\/wp-content\/uploads\/2024\/04\/FOTO-ANTEPRIMA.jpeg","datePublished":"2024-04-23T10:59:09+00:00","dateModified":"2024-04-23T11:21:50+00:00","breadcrumb":{"@id":"https:\/\/renneritalia.com\/es\/salone-del-mobile-2024-il-mattone-soppianta-il-marmo\/#breadcrumb"},"inLanguage":"es","potentialAction":[{"@type":"ReadAction","target":["https:\/\/renneritalia.com\/es\/salone-del-mobile-2024-il-mattone-soppianta-il-marmo\/"]}]},{"@type":"ImageObject","inLanguage":"es","@id":"https:\/\/renneritalia.com\/es\/salone-del-mobile-2024-il-mattone-soppianta-il-marmo\/#primaryimage","url":"https:\/\/renneritalia.com\/wp-content\/uploads\/2024\/04\/FOTO-ANTEPRIMA.jpeg","contentUrl":"https:\/\/renneritalia.com\/wp-content\/uploads\/2024\/04\/FOTO-ANTEPRIMA.jpeg","width":1024,"height":1024},{"@type":"BreadcrumbList","@id":"https:\/\/renneritalia.com\/es\/salone-del-mobile-2024-il-mattone-soppianta-il-marmo\/#breadcrumb","itemListElement":[{"@type":"ListItem","position":1,"name":"Home","item":"https:\/\/renneritalia.com\/es\/"},{"@type":"ListItem","position":2,"name":"Salone del Mobile 2024, el ladrillo sustituye al m\u00e1rmol"}]},{"@type":"WebSite","@id":"https:\/\/renneritalia.com\/#website","url":"https:\/\/renneritalia.com\/","name":"Renner Italia","description":"Le vernici per il legno","publisher":{"@id":"https:\/\/renneritalia.com\/#organization"},"potentialAction":[{"@type":"SearchAction","target":{"@type":"EntryPoint","urlTemplate":"https:\/\/renneritalia.com\/?s={search_term_string}"},"query-input":{"@type":"PropertyValueSpecification","valueRequired":true,"valueName":"search_term_string"}}],"inLanguage":"es"},{"@type":"Organization","@id":"https:\/\/renneritalia.com\/#organization","name":"Renner Italia","url":"https:\/\/renneritalia.com\/","logo":{"@type":"ImageObject","inLanguage":"es","@id":"https:\/\/renneritalia.com\/#\/schema\/logo\/image\/","url":"https:\/\/renneritalia.com\/wp-content\/uploads\/2025\/03\/logo_renner_italia.svg","contentUrl":"https:\/\/renneritalia.com\/wp-content\/uploads\/2025\/03\/logo_renner_italia.svg","caption":"Renner Italia"},"image":{"@id":"https:\/\/renneritalia.com\/#\/schema\/logo\/image\/"}},{"@type":"Person","@id":"https:\/\/renneritalia.com\/#\/schema\/person\/2b55983c242bb8bca0fc96b0953ee07a","name":"Developer","image":{"@type":"ImageObject","inLanguage":"es","@id":"https:\/\/secure.gravatar.com\/avatar\/75827445886b10456c49d0746eecca232159a239bd272d6e522b9ff49457f88d?s=96&d=mm&r=g","url":"https:\/\/secure.gravatar.com\/avatar\/75827445886b10456c49d0746eecca232159a239bd272d6e522b9ff49457f88d?s=96&d=mm&r=g","contentUrl":"https:\/\/secure.gravatar.com\/avatar\/75827445886b10456c49d0746eecca232159a239bd272d6e522b9ff49457f88d?s=96&d=mm&r=g","caption":"Developer"},"url":"https:\/\/renneritalia.com\/es\/author\/marco-ruisi\/"}]}},"_links":{"self":[{"href":"https:\/\/renneritalia.com\/es\/wp-json\/wp\/v2\/posts\/96437","targetHints":{"allow":["GET"]}}],"collection":[{"href":"https:\/\/renneritalia.com\/es\/wp-json\/wp\/v2\/posts"}],"about":[{"href":"https:\/\/renneritalia.com\/es\/wp-json\/wp\/v2\/types\/post"}],"author":[{"embeddable":true,"href":"https:\/\/renneritalia.com\/es\/wp-json\/wp\/v2\/users\/7"}],"replies":[{"embeddable":true,"href":"https:\/\/renneritalia.com\/es\/wp-json\/wp\/v2\/comments?post=96437"}],"version-history":[{"count":3,"href":"https:\/\/renneritalia.com\/es\/wp-json\/wp\/v2\/posts\/96437\/revisions"}],"predecessor-version":[{"id":96452,"href":"https:\/\/renneritalia.com\/es\/wp-json\/wp\/v2\/posts\/96437\/revisions\/96452"}],"wp:featuredmedia":[{"embeddable":true,"href":"https:\/\/renneritalia.com\/es\/wp-json\/wp\/v2\/media\/96350"}],"wp:attachment":[{"href":"https:\/\/renneritalia.com\/es\/wp-json\/wp\/v2\/media?parent=96437"}],"wp:term":[{"taxonomy":"category","embeddable":true,"href":"https:\/\/renneritalia.com\/es\/wp-json\/wp\/v2\/categories?post=96437"},{"taxonomy":"post_tag","embeddable":true,"href":"https:\/\/renneritalia.com\/es\/wp-json\/wp\/v2\/tags?post=96437"}],"curies":[{"name":"wp","href":"https:\/\/api.w.org\/{rel}","templated":true}]}}