{"id":82902,"date":"2023-07-17T09:45:31","date_gmt":"2023-07-17T07:45:31","guid":{"rendered":"https:\/\/renneritalia.com\/un-campo-solare-di-8-000-mq-sui-tetti-di-renner-italia\/"},"modified":"2023-07-17T10:03:22","modified_gmt":"2023-07-17T08:03:22","slug":"un-campo-solare-di-8-000-mq-sui-tetti-di-renner-italia","status":"publish","type":"post","link":"https:\/\/renneritalia.com\/es\/un-campo-solare-di-8-000-mq-sui-tetti-di-renner-italia\/","title":{"rendered":"Un campo solar de 8.000 m en los tejados de Renner Italia"},"content":{"rendered":"\t\t<div data-elementor-type=\"wp-post\" data-elementor-id=\"82902\" class=\"elementor elementor-82902 elementor-82871\" data-elementor-post-type=\"post\">\n\t\t\t\t\t\t<section class=\"has_eae_slider elementor-section elementor-top-section elementor-element elementor-element-cb7db54 elementor-section-boxed elementor-section-height-default elementor-section-height-default\" data-eae-slider=\"47317\" data-id=\"cb7db54\" data-element_type=\"section\" data-e-type=\"section\" data-settings=\"{&quot;jet_parallax_layout_list&quot;:[]}\">\n\t\t\t\t\t\t<div class=\"elementor-container elementor-column-gap-default\">\n\t\t\t\t\t<div class=\"has_eae_slider elementor-column elementor-col-100 elementor-top-column elementor-element elementor-element-155f372\" data-eae-slider=\"95098\" data-id=\"155f372\" data-element_type=\"column\" data-e-type=\"column\">\n\t\t\t<div class=\"elementor-widget-wrap elementor-element-populated\">\n\t\t\t\t\t\t<div class=\"elementor-element elementor-element-1a7a066 elementor-widget elementor-widget-text-editor\" data-id=\"1a7a066\" data-element_type=\"widget\" data-e-type=\"widget\" data-widget_type=\"text-editor.default\">\n\t\t\t\t<div class=\"elementor-widget-container\">\n\t\t\t\t\t\t\t\t\t<p>Las instalaciones de producci\u00f3n de Renner Italia en Minerbio, en la provincia de Bolonia, funcionan desde hace tiempo con electricidad procedente de fuentes renovables. Hablamos, por tanto, de energ\u00eda hidroel\u00e9ctrica, e\u00f3lica, solar y de biomasa. Una elecci\u00f3n, la nuestra, que debe considerarse en el contexto de una pol\u00edtica industrial que quiere desempe\u00f1ar su papel contra el cambio clim\u00e1tico. Con la ampliaci\u00f3n del campo fotovoltaico en sus tejados, Renner Italia da ahora un paso m\u00e1s.   <\/p>\n<p>Un campo fotovoltaico de 8.000 metros cuadrados se extiende ahora sobre nuestro centro de producci\u00f3n. En t\u00e9rminos de electricidad, esta infraestructura nos permitir\u00e1 producir m\u00e1s de 2.100.000 kWh cada a\u00f1o. Una aportaci\u00f3n que cubrir\u00e1 el 40-45% de las necesidades de la empresa. Por supuesto, el 60-55% restante seguir\u00e1 cubri\u00e9ndose con electricidad 100% limpia.   <\/p><\/p>\n\t\t\t\t\t\t\t\t<\/div>\n\t\t\t\t<\/div>\n\t\t\t\t<div class=\"elementor-element elementor-element-7e9443e elementor-widget elementor-widget-image\" data-id=\"7e9443e\" data-element_type=\"widget\" data-e-type=\"widget\" data-widget_type=\"image.default\">\n\t\t\t\t<div class=\"elementor-widget-container\">\n\t\t\t\t\t\t\t\t\t\t\t\t<figure class=\"wp-caption\">\n\t\t\t\t\t\t\t\t\t\t<img fetchpriority=\"high\" decoding=\"async\" width=\"800\" height=\"533\" src=\"https:\/\/renneritalia.com\/wp-content\/uploads\/2023\/07\/dji_0849_.jpg\" class=\"attachment-large size-large wp-image-82879\" alt=\"\" srcset=\"https:\/\/renneritalia.com\/wp-content\/uploads\/2023\/07\/dji_0849_.jpg 800w, https:\/\/renneritalia.com\/wp-content\/uploads\/2023\/07\/dji_0849_-300x200.jpg 300w, https:\/\/renneritalia.com\/wp-content\/uploads\/2023\/07\/dji_0849_-768x512.jpg 768w\" sizes=\"(max-width: 800px) 100vw, 800px\" \/>\t\t\t\t\t\t\t\t\t\t\t<figcaption class=\"widget-image-caption wp-caption-text\">La sede de Renner Italia vista desde la log\u00edstica<\/figcaption>\n\t\t\t\t\t\t\t\t\t\t<\/figure>\n\t\t\t\t\t\t\t\t\t<\/div>\n\t\t\t\t<\/div>\n\t\t\t\t<div class=\"elementor-element elementor-element-11205ff elementor-widget elementor-widget-image\" data-id=\"11205ff\" data-element_type=\"widget\" data-e-type=\"widget\" data-widget_type=\"image.default\">\n\t\t\t\t<div class=\"elementor-widget-container\">\n\t\t\t\t\t\t\t\t\t\t\t\t<figure class=\"wp-caption\">\n\t\t\t\t\t\t\t\t\t\t<img decoding=\"async\" width=\"800\" height=\"533\" src=\"https:\/\/renneritalia.com\/wp-content\/uploads\/2023\/07\/dji_0879.jpg\" class=\"attachment-large size-large wp-image-82883\" alt=\"\" srcset=\"https:\/\/renneritalia.com\/wp-content\/uploads\/2023\/07\/dji_0879.jpg 800w, https:\/\/renneritalia.com\/wp-content\/uploads\/2023\/07\/dji_0879-300x200.jpg 300w, https:\/\/renneritalia.com\/wp-content\/uploads\/2023\/07\/dji_0879-768x512.jpg 768w\" sizes=\"(max-width: 800px) 100vw, 800px\" \/>\t\t\t\t\t\t\t\t\t\t\t<figcaption class=\"widget-image-caption wp-caption-text\">En Minerbio 8000 m\u00b2 de paneles fotovoltaicos<\/figcaption>\n\t\t\t\t\t\t\t\t\t\t<\/figure>\n\t\t\t\t\t\t\t\t\t<\/div>\n\t\t\t\t<\/div>\n\t\t\t\t<div class=\"elementor-element elementor-element-5dd4256 elementor-widget elementor-widget-text-editor\" data-id=\"5dd4256\" data-element_type=\"widget\" data-e-type=\"widget\" data-widget_type=\"text-editor.default\">\n\t\t\t\t<div class=\"elementor-widget-container\">\n\t\t\t\t\t\t\t\t\t<p>Con nuestro campo fotovoltaico podemos ahorrar a la atm\u00f3sfera 2.000 toneladas de di\u00f3xido de carbono al a\u00f1o.<\/p>\n<p>Para hacer tangible esta contribuci\u00f3n, considere que equivale a 120 vuelos Mil\u00e1n \u2013 Palermo, 510 viajes en coche alrededor de la tierra pasando por el ecuador. O, si se quiere, es como plantar 115.000 \u00e1rboles. <\/p>\n\t\t\t\t\t\t\t\t<\/div>\n\t\t\t\t<\/div>\n\t\t\t\t<section class=\"has_eae_slider elementor-section elementor-inner-section elementor-element elementor-element-3b39667 elementor-section-boxed elementor-section-height-default elementor-section-height-default\" data-eae-slider=\"30363\" data-id=\"3b39667\" data-element_type=\"section\" data-e-type=\"section\" data-settings=\"{&quot;jet_parallax_layout_list&quot;:[]}\">\n\t\t\t\t\t\t<div class=\"elementor-container elementor-column-gap-default\">\n\t\t\t\t\t<div class=\"has_eae_slider elementor-column elementor-col-33 elementor-inner-column elementor-element elementor-element-395471a\" data-eae-slider=\"18383\" data-id=\"395471a\" data-element_type=\"column\" data-e-type=\"column\">\n\t\t\t<div class=\"elementor-widget-wrap elementor-element-populated\">\n\t\t\t\t\t\t<div class=\"elementor-element elementor-element-cf8e18c elementor-widget elementor-widget-image\" data-id=\"cf8e18c\" data-element_type=\"widget\" data-e-type=\"widget\" data-widget_type=\"image.default\">\n\t\t\t\t<div class=\"elementor-widget-container\">\n\t\t\t\t\t\t\t\t\t\t\t\t\t\t\t<img decoding=\"async\" width=\"501\" height=\"501\" src=\"https:\/\/renneritalia.com\/wp-content\/uploads\/2023\/07\/airplane.png\" class=\"attachment-full size-full wp-image-82888\" alt=\"\" srcset=\"https:\/\/renneritalia.com\/wp-content\/uploads\/2023\/07\/airplane.png 501w, https:\/\/renneritalia.com\/wp-content\/uploads\/2023\/07\/airplane-300x300.png 300w, https:\/\/renneritalia.com\/wp-content\/uploads\/2023\/07\/airplane-150x150.png 150w\" sizes=\"(max-width: 501px) 100vw, 501px\" \/>\t\t\t\t\t\t\t\t\t\t\t\t\t\t\t<\/div>\n\t\t\t\t<\/div>\n\t\t\t\t<div class=\"elementor-element elementor-element-f407814 elementor-widget elementor-widget-counter\" data-id=\"f407814\" data-element_type=\"widget\" data-e-type=\"widget\" data-widget_type=\"counter.default\">\n\t\t\t\t<div class=\"elementor-widget-container\">\n\t\t\t\t\t\t\t<div class=\"elementor-counter\">\n\t\t\t<div class=\"elementor-counter-title\">Mil\u00e1n-Palermo<\/div>\t\t\t<div class=\"elementor-counter-number-wrapper\">\n\t\t\t\t<span class=\"elementor-counter-number-prefix\"><\/span>\n\t\t\t\t<span class=\"elementor-counter-number\" data-duration=\"2000\" data-to-value=\"120\" data-from-value=\"0\" data-delimiter=\",\">0<\/span>\n\t\t\t\t<span class=\"elementor-counter-number-suffix\">Vuelos<\/span>\n\t\t\t<\/div>\n\t\t<\/div>\n\t\t\t\t\t\t<\/div>\n\t\t\t\t<\/div>\n\t\t\t\t\t<\/div>\n\t\t<\/div>\n\t\t\t\t<div class=\"has_eae_slider elementor-column elementor-col-33 elementor-inner-column elementor-element elementor-element-c4a9fa0\" data-eae-slider=\"38461\" data-id=\"c4a9fa0\" data-element_type=\"column\" data-e-type=\"column\">\n\t\t\t<div class=\"elementor-widget-wrap elementor-element-populated\">\n\t\t\t\t\t\t<div class=\"elementor-element elementor-element-1c3898f elementor-widget elementor-widget-image\" data-id=\"1c3898f\" data-element_type=\"widget\" data-e-type=\"widget\" data-widget_type=\"image.default\">\n\t\t\t\t<div class=\"elementor-widget-container\">\n\t\t\t\t\t\t\t\t\t\t\t\t\t\t\t<img loading=\"lazy\" decoding=\"async\" width=\"501\" height=\"501\" src=\"https:\/\/renneritalia.com\/wp-content\/uploads\/2023\/07\/car.png\" class=\"attachment-full size-full wp-image-82892\" alt=\"\" srcset=\"https:\/\/renneritalia.com\/wp-content\/uploads\/2023\/07\/car.png 501w, https:\/\/renneritalia.com\/wp-content\/uploads\/2023\/07\/car-300x300.png 300w, https:\/\/renneritalia.com\/wp-content\/uploads\/2023\/07\/car-150x150.png 150w\" sizes=\"(max-width: 501px) 100vw, 501px\" \/>\t\t\t\t\t\t\t\t\t\t\t\t\t\t\t<\/div>\n\t\t\t\t<\/div>\n\t\t\t\t<div class=\"elementor-element elementor-element-9431ae9 elementor-widget elementor-widget-counter\" data-id=\"9431ae9\" data-element_type=\"widget\" data-e-type=\"widget\" data-widget_type=\"counter.default\">\n\t\t\t\t<div class=\"elementor-widget-container\">\n\t\t\t\t\t\t\t<div class=\"elementor-counter\">\n\t\t\t<div class=\"elementor-counter-title\">en coche alrededor de la Tierra<\/div>\t\t\t<div class=\"elementor-counter-number-wrapper\">\n\t\t\t\t<span class=\"elementor-counter-number-prefix\"><\/span>\n\t\t\t\t<span class=\"elementor-counter-number\" data-duration=\"2000\" data-to-value=\"510\" data-from-value=\"0\" data-delimiter=\",\">0<\/span>\n\t\t\t\t<span class=\"elementor-counter-number-suffix\">Viajes<\/span>\n\t\t\t<\/div>\n\t\t<\/div>\n\t\t\t\t\t\t<\/div>\n\t\t\t\t<\/div>\n\t\t\t\t\t<\/div>\n\t\t<\/div>\n\t\t\t\t<div class=\"has_eae_slider elementor-column elementor-col-33 elementor-inner-column elementor-element elementor-element-c277aaf\" data-eae-slider=\"54201\" data-id=\"c277aaf\" data-element_type=\"column\" data-e-type=\"column\">\n\t\t\t<div class=\"elementor-widget-wrap elementor-element-populated\">\n\t\t\t\t\t\t<div class=\"elementor-element elementor-element-017f3b5 elementor-widget elementor-widget-image\" data-id=\"017f3b5\" data-element_type=\"widget\" data-e-type=\"widget\" data-widget_type=\"image.default\">\n\t\t\t\t<div class=\"elementor-widget-container\">\n\t\t\t\t\t\t\t\t\t\t\t\t\t\t\t<img loading=\"lazy\" decoding=\"async\" width=\"501\" height=\"501\" src=\"https:\/\/renneritalia.com\/wp-content\/uploads\/2023\/07\/tree.png\" class=\"attachment-full size-full wp-image-82896\" alt=\"\" srcset=\"https:\/\/renneritalia.com\/wp-content\/uploads\/2023\/07\/tree.png 501w, https:\/\/renneritalia.com\/wp-content\/uploads\/2023\/07\/tree-300x300.png 300w, https:\/\/renneritalia.com\/wp-content\/uploads\/2023\/07\/tree-150x150.png 150w\" sizes=\"(max-width: 501px) 100vw, 501px\" \/>\t\t\t\t\t\t\t\t\t\t\t\t\t\t\t<\/div>\n\t\t\t\t<\/div>\n\t\t\t\t<div class=\"elementor-element elementor-element-ef15405 elementor-widget elementor-widget-counter\" data-id=\"ef15405\" data-element_type=\"widget\" data-e-type=\"widget\" data-widget_type=\"counter.default\">\n\t\t\t\t<div class=\"elementor-widget-container\">\n\t\t\t\t\t\t\t<div class=\"elementor-counter\">\n\t\t\t<div class=\"elementor-counter-title\">plantados<\/div>\t\t\t<div class=\"elementor-counter-number-wrapper\">\n\t\t\t\t<span class=\"elementor-counter-number-prefix\"><\/span>\n\t\t\t\t<span class=\"elementor-counter-number\" data-duration=\"2000\" data-to-value=\"115000\" data-from-value=\"0\" data-delimiter=\",\">0<\/span>\n\t\t\t\t<span class=\"elementor-counter-number-suffix\">\u00c1rboles<\/span>\n\t\t\t<\/div>\n\t\t<\/div>\n\t\t\t\t\t\t<\/div>\n\t\t\t\t<\/div>\n\t\t\t\t\t<\/div>\n\t\t<\/div>\n\t\t\t\t\t<\/div>\n\t\t<\/section>\n\t\t\t\t\t<\/div>\n\t\t<\/div>\n\t\t\t\t\t<\/div>\n\t\t<\/section>\n\t\t\t\t<\/div>\n\t\t","protected":false},"excerpt":{"rendered":"<p>Las instalaciones de producci\u00f3n de Renner Italia en Minerbio, en la provincia de Bolonia, funcionan desde hace tiempo con electricidad procedente de fuentes renovables.<\/p>\n","protected":false},"author":7,"featured_media":82875,"comment_status":"closed","ping_status":"closed","sticky":false,"template":"","format":"standard","meta":{"footnotes":""},"categories":[4],"tags":[],"class_list":["post-82902","post","type-post","status-publish","format-standard","has-post-thumbnail","hentry","category-renner-blog-es"],"yoast_head":"<!-- This site is optimized with the Yoast SEO plugin v27.5 - https:\/\/yoast.com\/product\/yoast-seo-wordpress\/ -->\n<title>Un campo solar de 8.000 m en los tejados de Renner Italia - Renner Italia<\/title>\n<meta name=\"robots\" content=\"index, follow, max-snippet:-1, max-image-preview:large, max-video-preview:-1\" \/>\n<link rel=\"canonical\" href=\"https:\/\/renneritalia.com\/es\/un-campo-solare-di-8-000-mq-sui-tetti-di-renner-italia\/\" \/>\n<meta property=\"og:locale\" content=\"es_ES\" \/>\n<meta property=\"og:type\" content=\"article\" \/>\n<meta property=\"og:title\" content=\"Un campo solar de 8.000 m en los tejados de Renner Italia - Renner Italia\" \/>\n<meta property=\"og:description\" content=\"Las instalaciones de producci\u00f3n de Renner Italia en Minerbio, en la provincia de Bolonia, funcionan desde hace tiempo con electricidad procedente de fuentes renovables.\" \/>\n<meta property=\"og:url\" content=\"https:\/\/renneritalia.com\/es\/un-campo-solare-di-8-000-mq-sui-tetti-di-renner-italia\/\" \/>\n<meta property=\"og:site_name\" content=\"Renner Italia\" \/>\n<meta property=\"article:published_time\" content=\"2023-07-17T07:45:31+00:00\" \/>\n<meta property=\"article:modified_time\" content=\"2023-07-17T08:03:22+00:00\" \/>\n<meta property=\"og:image\" content=\"https:\/\/renneritalia.com\/wp-content\/uploads\/2023\/07\/campo-solare.jpg\" \/>\n\t<meta property=\"og:image:width\" content=\"1200\" \/>\n\t<meta property=\"og:image:height\" content=\"812\" \/>\n\t<meta property=\"og:image:type\" content=\"image\/jpeg\" \/>\n<meta name=\"author\" content=\"Developer\" \/>\n<meta name=\"twitter:card\" content=\"summary_large_image\" \/>\n<meta name=\"twitter:label1\" content=\"Escrito por\" \/>\n\t<meta name=\"twitter:data1\" content=\"Developer\" \/>\n\t<meta name=\"twitter:label2\" content=\"Tiempo de lectura\" \/>\n\t<meta name=\"twitter:data2\" content=\"1 minuto\" \/>\n<script type=\"application\/ld+json\" class=\"yoast-schema-graph\">{\"@context\":\"https:\\\/\\\/schema.org\",\"@graph\":[{\"@type\":\"Article\",\"@id\":\"https:\\\/\\\/renneritalia.com\\\/es\\\/un-campo-solare-di-8-000-mq-sui-tetti-di-renner-italia\\\/#article\",\"isPartOf\":{\"@id\":\"https:\\\/\\\/renneritalia.com\\\/es\\\/un-campo-solare-di-8-000-mq-sui-tetti-di-renner-italia\\\/\"},\"author\":{\"name\":\"Developer\",\"@id\":\"https:\\\/\\\/renneritalia.com\\\/#\\\/schema\\\/person\\\/2b55983c242bb8bca0fc96b0953ee07a\"},\"headline\":\"Un campo solar de 8.000 m en los tejados de Renner Italia\",\"datePublished\":\"2023-07-17T07:45:31+00:00\",\"dateModified\":\"2023-07-17T08:03:22+00:00\",\"mainEntityOfPage\":{\"@id\":\"https:\\\/\\\/renneritalia.com\\\/es\\\/un-campo-solare-di-8-000-mq-sui-tetti-di-renner-italia\\\/\"},\"wordCount\":231,\"publisher\":{\"@id\":\"https:\\\/\\\/renneritalia.com\\\/#organization\"},\"image\":{\"@id\":\"https:\\\/\\\/renneritalia.com\\\/es\\\/un-campo-solare-di-8-000-mq-sui-tetti-di-renner-italia\\\/#primaryimage\"},\"thumbnailUrl\":\"https:\\\/\\\/renneritalia.com\\\/wp-content\\\/uploads\\\/2023\\\/07\\\/campo-solare.jpg\",\"articleSection\":[\"Renner Blog\"],\"inLanguage\":\"es\"},{\"@type\":\"WebPage\",\"@id\":\"https:\\\/\\\/renneritalia.com\\\/es\\\/un-campo-solare-di-8-000-mq-sui-tetti-di-renner-italia\\\/\",\"url\":\"https:\\\/\\\/renneritalia.com\\\/es\\\/un-campo-solare-di-8-000-mq-sui-tetti-di-renner-italia\\\/\",\"name\":\"Un campo solar de 8.000 m en los tejados de Renner Italia - Renner Italia\",\"isPartOf\":{\"@id\":\"https:\\\/\\\/renneritalia.com\\\/#website\"},\"primaryImageOfPage\":{\"@id\":\"https:\\\/\\\/renneritalia.com\\\/es\\\/un-campo-solare-di-8-000-mq-sui-tetti-di-renner-italia\\\/#primaryimage\"},\"image\":{\"@id\":\"https:\\\/\\\/renneritalia.com\\\/es\\\/un-campo-solare-di-8-000-mq-sui-tetti-di-renner-italia\\\/#primaryimage\"},\"thumbnailUrl\":\"https:\\\/\\\/renneritalia.com\\\/wp-content\\\/uploads\\\/2023\\\/07\\\/campo-solare.jpg\",\"datePublished\":\"2023-07-17T07:45:31+00:00\",\"dateModified\":\"2023-07-17T08:03:22+00:00\",\"breadcrumb\":{\"@id\":\"https:\\\/\\\/renneritalia.com\\\/es\\\/un-campo-solare-di-8-000-mq-sui-tetti-di-renner-italia\\\/#breadcrumb\"},\"inLanguage\":\"es\",\"potentialAction\":[{\"@type\":\"ReadAction\",\"target\":[\"https:\\\/\\\/renneritalia.com\\\/es\\\/un-campo-solare-di-8-000-mq-sui-tetti-di-renner-italia\\\/\"]}]},{\"@type\":\"ImageObject\",\"inLanguage\":\"es\",\"@id\":\"https:\\\/\\\/renneritalia.com\\\/es\\\/un-campo-solare-di-8-000-mq-sui-tetti-di-renner-italia\\\/#primaryimage\",\"url\":\"https:\\\/\\\/renneritalia.com\\\/wp-content\\\/uploads\\\/2023\\\/07\\\/campo-solare.jpg\",\"contentUrl\":\"https:\\\/\\\/renneritalia.com\\\/wp-content\\\/uploads\\\/2023\\\/07\\\/campo-solare.jpg\",\"width\":1200,\"height\":812},{\"@type\":\"BreadcrumbList\",\"@id\":\"https:\\\/\\\/renneritalia.com\\\/es\\\/un-campo-solare-di-8-000-mq-sui-tetti-di-renner-italia\\\/#breadcrumb\",\"itemListElement\":[{\"@type\":\"ListItem\",\"position\":1,\"name\":\"Home\",\"item\":\"https:\\\/\\\/renneritalia.com\\\/es\\\/\"},{\"@type\":\"ListItem\",\"position\":2,\"name\":\"Un campo solar de 8.000 m en los tejados de Renner Italia\"}]},{\"@type\":\"WebSite\",\"@id\":\"https:\\\/\\\/renneritalia.com\\\/#website\",\"url\":\"https:\\\/\\\/renneritalia.com\\\/\",\"name\":\"Renner Italia\",\"description\":\"Le vernici per il legno\",\"publisher\":{\"@id\":\"https:\\\/\\\/renneritalia.com\\\/#organization\"},\"potentialAction\":[{\"@type\":\"SearchAction\",\"target\":{\"@type\":\"EntryPoint\",\"urlTemplate\":\"https:\\\/\\\/renneritalia.com\\\/?s={search_term_string}\"},\"query-input\":{\"@type\":\"PropertyValueSpecification\",\"valueRequired\":true,\"valueName\":\"search_term_string\"}}],\"inLanguage\":\"es\"},{\"@type\":\"Organization\",\"@id\":\"https:\\\/\\\/renneritalia.com\\\/#organization\",\"name\":\"Renner Italia\",\"url\":\"https:\\\/\\\/renneritalia.com\\\/\",\"logo\":{\"@type\":\"ImageObject\",\"inLanguage\":\"es\",\"@id\":\"https:\\\/\\\/renneritalia.com\\\/#\\\/schema\\\/logo\\\/image\\\/\",\"url\":\"https:\\\/\\\/renneritalia.com\\\/wp-content\\\/uploads\\\/2025\\\/03\\\/logo_renner_italia.svg\",\"contentUrl\":\"https:\\\/\\\/renneritalia.com\\\/wp-content\\\/uploads\\\/2025\\\/03\\\/logo_renner_italia.svg\",\"caption\":\"Renner Italia\"},\"image\":{\"@id\":\"https:\\\/\\\/renneritalia.com\\\/#\\\/schema\\\/logo\\\/image\\\/\"}},{\"@type\":\"Person\",\"@id\":\"https:\\\/\\\/renneritalia.com\\\/#\\\/schema\\\/person\\\/2b55983c242bb8bca0fc96b0953ee07a\",\"name\":\"Developer\",\"image\":{\"@type\":\"ImageObject\",\"inLanguage\":\"es\",\"@id\":\"https:\\\/\\\/secure.gravatar.com\\\/avatar\\\/75827445886b10456c49d0746eecca232159a239bd272d6e522b9ff49457f88d?s=96&d=mm&r=g\",\"url\":\"https:\\\/\\\/secure.gravatar.com\\\/avatar\\\/75827445886b10456c49d0746eecca232159a239bd272d6e522b9ff49457f88d?s=96&d=mm&r=g\",\"contentUrl\":\"https:\\\/\\\/secure.gravatar.com\\\/avatar\\\/75827445886b10456c49d0746eecca232159a239bd272d6e522b9ff49457f88d?s=96&d=mm&r=g\",\"caption\":\"Developer\"},\"url\":\"https:\\\/\\\/renneritalia.com\\\/es\\\/author\\\/marco-ruisi\\\/\"}]}<\/script>\n<!-- \/ Yoast SEO plugin. -->","yoast_head_json":{"title":"Un campo solar de 8.000 m en los tejados de Renner Italia - Renner Italia","robots":{"index":"index","follow":"follow","max-snippet":"max-snippet:-1","max-image-preview":"max-image-preview:large","max-video-preview":"max-video-preview:-1"},"canonical":"https:\/\/renneritalia.com\/es\/un-campo-solare-di-8-000-mq-sui-tetti-di-renner-italia\/","og_locale":"es_ES","og_type":"article","og_title":"Un campo solar de 8.000 m en los tejados de Renner Italia - Renner Italia","og_description":"Las instalaciones de producci\u00f3n de Renner Italia en Minerbio, en la provincia de Bolonia, funcionan desde hace tiempo con electricidad procedente de fuentes renovables.","og_url":"https:\/\/renneritalia.com\/es\/un-campo-solare-di-8-000-mq-sui-tetti-di-renner-italia\/","og_site_name":"Renner Italia","article_published_time":"2023-07-17T07:45:31+00:00","article_modified_time":"2023-07-17T08:03:22+00:00","og_image":[{"width":1200,"height":812,"url":"https:\/\/renneritalia.com\/wp-content\/uploads\/2023\/07\/campo-solare.jpg","type":"image\/jpeg"}],"author":"Developer","twitter_card":"summary_large_image","twitter_misc":{"Escrito por":"Developer","Tiempo de lectura":"1 minuto"},"schema":{"@context":"https:\/\/schema.org","@graph":[{"@type":"Article","@id":"https:\/\/renneritalia.com\/es\/un-campo-solare-di-8-000-mq-sui-tetti-di-renner-italia\/#article","isPartOf":{"@id":"https:\/\/renneritalia.com\/es\/un-campo-solare-di-8-000-mq-sui-tetti-di-renner-italia\/"},"author":{"name":"Developer","@id":"https:\/\/renneritalia.com\/#\/schema\/person\/2b55983c242bb8bca0fc96b0953ee07a"},"headline":"Un campo solar de 8.000 m en los tejados de Renner Italia","datePublished":"2023-07-17T07:45:31+00:00","dateModified":"2023-07-17T08:03:22+00:00","mainEntityOfPage":{"@id":"https:\/\/renneritalia.com\/es\/un-campo-solare-di-8-000-mq-sui-tetti-di-renner-italia\/"},"wordCount":231,"publisher":{"@id":"https:\/\/renneritalia.com\/#organization"},"image":{"@id":"https:\/\/renneritalia.com\/es\/un-campo-solare-di-8-000-mq-sui-tetti-di-renner-italia\/#primaryimage"},"thumbnailUrl":"https:\/\/renneritalia.com\/wp-content\/uploads\/2023\/07\/campo-solare.jpg","articleSection":["Renner Blog"],"inLanguage":"es"},{"@type":"WebPage","@id":"https:\/\/renneritalia.com\/es\/un-campo-solare-di-8-000-mq-sui-tetti-di-renner-italia\/","url":"https:\/\/renneritalia.com\/es\/un-campo-solare-di-8-000-mq-sui-tetti-di-renner-italia\/","name":"Un campo solar de 8.000 m en los tejados de Renner Italia - Renner Italia","isPartOf":{"@id":"https:\/\/renneritalia.com\/#website"},"primaryImageOfPage":{"@id":"https:\/\/renneritalia.com\/es\/un-campo-solare-di-8-000-mq-sui-tetti-di-renner-italia\/#primaryimage"},"image":{"@id":"https:\/\/renneritalia.com\/es\/un-campo-solare-di-8-000-mq-sui-tetti-di-renner-italia\/#primaryimage"},"thumbnailUrl":"https:\/\/renneritalia.com\/wp-content\/uploads\/2023\/07\/campo-solare.jpg","datePublished":"2023-07-17T07:45:31+00:00","dateModified":"2023-07-17T08:03:22+00:00","breadcrumb":{"@id":"https:\/\/renneritalia.com\/es\/un-campo-solare-di-8-000-mq-sui-tetti-di-renner-italia\/#breadcrumb"},"inLanguage":"es","potentialAction":[{"@type":"ReadAction","target":["https:\/\/renneritalia.com\/es\/un-campo-solare-di-8-000-mq-sui-tetti-di-renner-italia\/"]}]},{"@type":"ImageObject","inLanguage":"es","@id":"https:\/\/renneritalia.com\/es\/un-campo-solare-di-8-000-mq-sui-tetti-di-renner-italia\/#primaryimage","url":"https:\/\/renneritalia.com\/wp-content\/uploads\/2023\/07\/campo-solare.jpg","contentUrl":"https:\/\/renneritalia.com\/wp-content\/uploads\/2023\/07\/campo-solare.jpg","width":1200,"height":812},{"@type":"BreadcrumbList","@id":"https:\/\/renneritalia.com\/es\/un-campo-solare-di-8-000-mq-sui-tetti-di-renner-italia\/#breadcrumb","itemListElement":[{"@type":"ListItem","position":1,"name":"Home","item":"https:\/\/renneritalia.com\/es\/"},{"@type":"ListItem","position":2,"name":"Un campo solar de 8.000 m en los tejados de Renner Italia"}]},{"@type":"WebSite","@id":"https:\/\/renneritalia.com\/#website","url":"https:\/\/renneritalia.com\/","name":"Renner Italia","description":"Le vernici per il legno","publisher":{"@id":"https:\/\/renneritalia.com\/#organization"},"potentialAction":[{"@type":"SearchAction","target":{"@type":"EntryPoint","urlTemplate":"https:\/\/renneritalia.com\/?s={search_term_string}"},"query-input":{"@type":"PropertyValueSpecification","valueRequired":true,"valueName":"search_term_string"}}],"inLanguage":"es"},{"@type":"Organization","@id":"https:\/\/renneritalia.com\/#organization","name":"Renner Italia","url":"https:\/\/renneritalia.com\/","logo":{"@type":"ImageObject","inLanguage":"es","@id":"https:\/\/renneritalia.com\/#\/schema\/logo\/image\/","url":"https:\/\/renneritalia.com\/wp-content\/uploads\/2025\/03\/logo_renner_italia.svg","contentUrl":"https:\/\/renneritalia.com\/wp-content\/uploads\/2025\/03\/logo_renner_italia.svg","caption":"Renner Italia"},"image":{"@id":"https:\/\/renneritalia.com\/#\/schema\/logo\/image\/"}},{"@type":"Person","@id":"https:\/\/renneritalia.com\/#\/schema\/person\/2b55983c242bb8bca0fc96b0953ee07a","name":"Developer","image":{"@type":"ImageObject","inLanguage":"es","@id":"https:\/\/secure.gravatar.com\/avatar\/75827445886b10456c49d0746eecca232159a239bd272d6e522b9ff49457f88d?s=96&d=mm&r=g","url":"https:\/\/secure.gravatar.com\/avatar\/75827445886b10456c49d0746eecca232159a239bd272d6e522b9ff49457f88d?s=96&d=mm&r=g","contentUrl":"https:\/\/secure.gravatar.com\/avatar\/75827445886b10456c49d0746eecca232159a239bd272d6e522b9ff49457f88d?s=96&d=mm&r=g","caption":"Developer"},"url":"https:\/\/renneritalia.com\/es\/author\/marco-ruisi\/"}]}},"_links":{"self":[{"href":"https:\/\/renneritalia.com\/es\/wp-json\/wp\/v2\/posts\/82902","targetHints":{"allow":["GET"]}}],"collection":[{"href":"https:\/\/renneritalia.com\/es\/wp-json\/wp\/v2\/posts"}],"about":[{"href":"https:\/\/renneritalia.com\/es\/wp-json\/wp\/v2\/types\/post"}],"author":[{"embeddable":true,"href":"https:\/\/renneritalia.com\/es\/wp-json\/wp\/v2\/users\/7"}],"replies":[{"embeddable":true,"href":"https:\/\/renneritalia.com\/es\/wp-json\/wp\/v2\/comments?post=82902"}],"version-history":[{"count":3,"href":"https:\/\/renneritalia.com\/es\/wp-json\/wp\/v2\/posts\/82902\/revisions"}],"predecessor-version":[{"id":82914,"href":"https:\/\/renneritalia.com\/es\/wp-json\/wp\/v2\/posts\/82902\/revisions\/82914"}],"wp:featuredmedia":[{"embeddable":true,"href":"https:\/\/renneritalia.com\/es\/wp-json\/wp\/v2\/media\/82875"}],"wp:attachment":[{"href":"https:\/\/renneritalia.com\/es\/wp-json\/wp\/v2\/media?parent=82902"}],"wp:term":[{"taxonomy":"category","embeddable":true,"href":"https:\/\/renneritalia.com\/es\/wp-json\/wp\/v2\/categories?post=82902"},{"taxonomy":"post_tag","embeddable":true,"href":"https:\/\/renneritalia.com\/es\/wp-json\/wp\/v2\/tags?post=82902"}],"curies":[{"name":"wp","href":"https:\/\/api.w.org\/{rel}","templated":true}]}}