{"id":123863,"date":"2026-04-28T10:03:02","date_gmt":"2026-04-28T08:03:02","guid":{"rendered":"https:\/\/renneritalia.com\/?p=123863"},"modified":"2026-04-28T16:10:56","modified_gmt":"2026-04-28T14:10:56","slug":"salone-2026-el-diseno-vuelve-a-lo-real-materiales-imperfecciones-y-jerarquias-del-color","status":"publish","type":"post","link":"https:\/\/renneritalia.com\/es\/salone-2026-el-diseno-vuelve-a-lo-real-materiales-imperfecciones-y-jerarquias-del-color\/","title":{"rendered":"Salone 2026: el dise\u00f1o vuelve a lo real \u2014 materiales, imperfecciones y jerarqu\u00edas del color"},"content":{"rendered":"\t\t<div data-elementor-type=\"wp-post\" data-elementor-id=\"123863\" class=\"elementor elementor-123863 elementor-123747\" data-elementor-post-type=\"post\">\n\t\t\t\t<div class=\"has_eae_slider elementor-element elementor-element-6b42cb1 e-flex e-con-boxed e-con e-parent\" data-eae-slider=\"78067\" data-id=\"6b42cb1\" data-element_type=\"container\" data-e-type=\"container\" data-settings=\"{&quot;jet_parallax_layout_list&quot;:[]}\">\n\t\t\t\t\t<div class=\"e-con-inner\">\n\t\t\t\t<div class=\"elementor-element elementor-element-53cdbb2 elementor-widget elementor-widget-text-editor\" data-id=\"53cdbb2\" data-element_type=\"widget\" data-e-type=\"widget\" data-widget_type=\"text-editor.default\">\n\t\t\t\t<div class=\"elementor-widget-container\">\n\t\t\t\t\t\t\t\t\t<p>El Salone del Mobile 2026 pone de relieve un retorno al dise\u00f1o centrado en la materia. En un contexto internacional complejo, marcado por la inestabilidad econ\u00f3mica y profundas transformaciones en la forma de habitar, los temas dominantes han sido la sustancia, la sostenibilidad y la durabilidad. El claim <em>\u00abA Matter of Salone\u00bb<\/em> sintetiza este cambio mediante un juego de palabras: la materia como \u201clo que importa\u201d. La materia como origen, pero tambi\u00e9n como transformaci\u00f3n.<\/p><p>En este marco, el dise\u00f1o de 2026 se interpreta como el proceso que traduce la materia en valor. Ya no es la forma la que gu\u00eda, sino la sustancia. Este giro se refleja en una narrativa en la que cada elecci\u00f3n material adquiere un papel sem\u00e1ntico.<\/p><p>En este contexto, los recubrimientos desempe\u00f1an un papel fundamental: realzar el significado de la materia. Ya no se trata de cubrir o uniformar, sino de interpretar \u2014poner en valor el poro, preservar la naturalidad y garantizar prestaciones a largo plazo. El proyecto contempor\u00e1neo exige recubrimientos inteligentes: capaces de proteger sin ocultar, de perdurar y de dialogar con materiales diversos.<\/p><p>Esta visi\u00f3n se desarrolla en el informe realizado en el marco del proyecto Aesthetics de Renner Italia.<\/p>\t\t\t\t\t\t\t\t<\/div>\n\t\t\t\t<\/div>\n\t\t\t\t<div class=\"elementor-element elementor-element-03e5afc elementor-widget elementor-widget-heading\" data-id=\"03e5afc\" data-element_type=\"widget\" data-e-type=\"widget\" data-widget_type=\"heading.default\">\n\t\t\t\t<div class=\"elementor-widget-container\">\n\t\t\t\t\t<h2 class=\"elementor-heading-title elementor-size-default\">Superficies que cuentan: el retorno de la imperfecci\u00f3n<\/h2>\t\t\t\t<\/div>\n\t\t\t\t<\/div>\n\t\t\t\t<div class=\"elementor-element elementor-element-97ac602 elementor-widget elementor-widget-text-editor\" data-id=\"97ac602\" data-element_type=\"widget\" data-e-type=\"widget\" data-widget_type=\"text-editor.default\">\n\t\t\t\t<div class=\"elementor-widget-container\">\n\t\t\t\t\t\t\t\t\t<p>Uno de los aspectos m\u00e1s evidentes de la edici\u00f3n 2026 es la exhibici\u00f3n expl\u00edcita de la materia.<\/p><p>El hormig\u00f3n visto introduce una base arquitect\u00f3nica neutra, capaz de absorber la luz y definir vol\u00famenes con una presencia casi estructural. Sobre este fondo, las piedras naturales y los m\u00e1rmoles se proyectan hacia una dimensi\u00f3n m\u00e1s conceptual: ya no son solo superficies de valor, sino aut\u00e9nticos planos funcionales, especialmente en la cocina, donde se convierten en elementos continuos y de alto rendimiento. <\/p>\t\t\t\t\t\t\t\t<\/div>\n\t\t\t\t<\/div>\n\t\t\t\t<div class=\"elementor-element elementor-element-6963e89 elementor-widget elementor-widget-image\" data-id=\"6963e89\" data-element_type=\"widget\" data-e-type=\"widget\" data-widget_type=\"image.default\">\n\t\t\t\t<div class=\"elementor-widget-container\">\n\t\t\t\t\t\t\t\t\t\t\t\t\t\t\t<img fetchpriority=\"high\" decoding=\"async\" width=\"1200\" height=\"900\" src=\"https:\/\/renneritalia.com\/wp-content\/uploads\/2026\/04\/1.webp\" class=\"attachment-full size-full wp-image-123753\" alt=\"\" srcset=\"https:\/\/renneritalia.com\/wp-content\/uploads\/2026\/04\/1.webp 1200w, https:\/\/renneritalia.com\/wp-content\/uploads\/2026\/04\/1-300x225.webp 300w, https:\/\/renneritalia.com\/wp-content\/uploads\/2026\/04\/1-1024x768.webp 1024w, https:\/\/renneritalia.com\/wp-content\/uploads\/2026\/04\/1-768x576.webp 768w\" sizes=\"(max-width: 1200px) 100vw, 1200px\" \/>\t\t\t\t\t\t\t\t\t\t\t\t\t\t\t<\/div>\n\t\t\t\t<\/div>\n\t\t\t\t<div class=\"elementor-element elementor-element-e0f7b66 elementor-widget elementor-widget-text-editor\" data-id=\"e0f7b66\" data-element_type=\"widget\" data-e-type=\"widget\" data-widget_type=\"text-editor.default\">\n\t\t\t\t<div class=\"elementor-widget-container\">\n\t\t\t\t\t\t\t\t\t<p>Los metales oxidados, mates y deliberadamente rayados \u2014de forma directa o mediante p\u00e1tina\u2014 siguen siendo protagonistas. Aparecen tanto en muebles de almacenamiento como en capas intermedias que conectan materiales o construyen detalles visibles y declarados.<\/p>\t\t\t\t\t\t\t\t<\/div>\n\t\t\t\t<\/div>\n\t\t\t\t<div class=\"elementor-element elementor-element-4bdfde6 elementor-widget elementor-widget-gallery\" data-id=\"4bdfde6\" data-element_type=\"widget\" data-e-type=\"widget\" data-settings=\"{&quot;columns&quot;:2,&quot;aspect_ratio&quot;:&quot;4:3&quot;,&quot;lazyload&quot;:&quot;yes&quot;,&quot;gallery_layout&quot;:&quot;grid&quot;,&quot;columns_tablet&quot;:2,&quot;columns_mobile&quot;:1,&quot;gap&quot;:{&quot;unit&quot;:&quot;px&quot;,&quot;size&quot;:10,&quot;sizes&quot;:[]},&quot;gap_tablet&quot;:{&quot;unit&quot;:&quot;px&quot;,&quot;size&quot;:10,&quot;sizes&quot;:[]},&quot;gap_mobile&quot;:{&quot;unit&quot;:&quot;px&quot;,&quot;size&quot;:10,&quot;sizes&quot;:[]},&quot;link_to&quot;:&quot;file&quot;,&quot;overlay_background&quot;:&quot;yes&quot;,&quot;content_hover_animation&quot;:&quot;fade-in&quot;}\" data-widget_type=\"gallery.default\">\n\t\t\t\t<div class=\"elementor-widget-container\">\n\t\t\t\t\t\t\t<div class=\"elementor-gallery__container\">\n\t\t\t\t\t\t\t<a class=\"e-gallery-item elementor-gallery-item elementor-animated-content\" href=\"https:\/\/renneritalia.com\/wp-content\/uploads\/2026\/04\/2.webp\" data-elementor-open-lightbox=\"yes\" data-elementor-lightbox-slideshow=\"4bdfde6\" data-elementor-lightbox-title=\"2\" data-e-action-hash=\"#elementor-action%3Aaction%3Dlightbox%26settings%3DeyJpZCI6MTIzNzYzLCJ1cmwiOiJodHRwczpcL1wvcmVubmVyaXRhbGlhLmNvbVwvd3AtY29udGVudFwvdXBsb2Fkc1wvMjAyNlwvMDRcLzIud2VicCIsInNsaWRlc2hvdyI6IjRiZGZkZTYifQ%3D%3D\">\n\t\t\t\t\t<div class=\"e-gallery-image elementor-gallery-item__image\" data-thumbnail=\"https:\/\/renneritalia.com\/wp-content\/uploads\/2026\/04\/2.webp\" data-width=\"1200\" data-height=\"900\" aria-label=\"\" role=\"img\" ><\/div>\n\t\t\t\t\t\t\t\t\t\t\t<div class=\"elementor-gallery-item__overlay\"><\/div>\n\t\t\t\t\t\t\t\t\t\t\t\t\t\t<\/a>\n\t\t\t\t\t\t\t<a class=\"e-gallery-item elementor-gallery-item elementor-animated-content\" href=\"https:\/\/renneritalia.com\/wp-content\/uploads\/2026\/04\/3.webp\" data-elementor-open-lightbox=\"yes\" data-elementor-lightbox-slideshow=\"4bdfde6\" data-elementor-lightbox-title=\"3\" data-e-action-hash=\"#elementor-action%3Aaction%3Dlightbox%26settings%3DeyJpZCI6MTIzNzU4LCJ1cmwiOiJodHRwczpcL1wvcmVubmVyaXRhbGlhLmNvbVwvd3AtY29udGVudFwvdXBsb2Fkc1wvMjAyNlwvMDRcLzMud2VicCIsInNsaWRlc2hvdyI6IjRiZGZkZTYifQ%3D%3D\">\n\t\t\t\t\t<div class=\"e-gallery-image elementor-gallery-item__image\" data-thumbnail=\"https:\/\/renneritalia.com\/wp-content\/uploads\/2026\/04\/3.webp\" data-width=\"1200\" data-height=\"900\" aria-label=\"\" role=\"img\" ><\/div>\n\t\t\t\t\t\t\t\t\t\t\t<div class=\"elementor-gallery-item__overlay\"><\/div>\n\t\t\t\t\t\t\t\t\t\t\t\t\t\t<\/a>\n\t\t\t\t\t<\/div>\n\t\t\t\t\t<\/div>\n\t\t\t\t<\/div>\n\t\t\t\t<div class=\"elementor-element elementor-element-c154c5e elementor-widget elementor-widget-text-editor\" data-id=\"c154c5e\" data-element_type=\"widget\" data-e-type=\"widget\" data-widget_type=\"text-editor.default\">\n\t\t\t\t<div class=\"elementor-widget-container\">\n\t\t\t\t\t\t\t\t\t<p>El vidrio, en sus versiones texturizadas, martilladas o con acabados met\u00e1licos, pierde su neutralidad tradicional para adquirir densidad visual, convirti\u00e9ndose en una superficie activa y no meramente transparente.<\/p>\t\t\t\t\t\t\t\t<\/div>\n\t\t\t\t<\/div>\n\t\t\t\t<div class=\"elementor-element elementor-element-7526128 elementor-widget elementor-widget-gallery\" data-id=\"7526128\" data-element_type=\"widget\" data-e-type=\"widget\" data-settings=\"{&quot;columns&quot;:2,&quot;aspect_ratio&quot;:&quot;4:3&quot;,&quot;lazyload&quot;:&quot;yes&quot;,&quot;gallery_layout&quot;:&quot;grid&quot;,&quot;columns_tablet&quot;:2,&quot;columns_mobile&quot;:1,&quot;gap&quot;:{&quot;unit&quot;:&quot;px&quot;,&quot;size&quot;:10,&quot;sizes&quot;:[]},&quot;gap_tablet&quot;:{&quot;unit&quot;:&quot;px&quot;,&quot;size&quot;:10,&quot;sizes&quot;:[]},&quot;gap_mobile&quot;:{&quot;unit&quot;:&quot;px&quot;,&quot;size&quot;:10,&quot;sizes&quot;:[]},&quot;link_to&quot;:&quot;file&quot;,&quot;overlay_background&quot;:&quot;yes&quot;,&quot;content_hover_animation&quot;:&quot;fade-in&quot;}\" data-widget_type=\"gallery.default\">\n\t\t\t\t<div class=\"elementor-widget-container\">\n\t\t\t\t\t\t\t<div class=\"elementor-gallery__container\">\n\t\t\t\t\t\t\t<a class=\"e-gallery-item elementor-gallery-item elementor-animated-content\" href=\"https:\/\/renneritalia.com\/wp-content\/uploads\/2026\/04\/5.webp\" data-elementor-open-lightbox=\"yes\" data-elementor-lightbox-slideshow=\"7526128\" data-elementor-lightbox-title=\"5\" data-e-action-hash=\"#elementor-action%3Aaction%3Dlightbox%26settings%3DeyJpZCI6MTIzNzY4LCJ1cmwiOiJodHRwczpcL1wvcmVubmVyaXRhbGlhLmNvbVwvd3AtY29udGVudFwvdXBsb2Fkc1wvMjAyNlwvMDRcLzUud2VicCIsInNsaWRlc2hvdyI6Ijc1MjYxMjgifQ%3D%3D\">\n\t\t\t\t\t<div class=\"e-gallery-image elementor-gallery-item__image\" data-thumbnail=\"https:\/\/renneritalia.com\/wp-content\/uploads\/2026\/04\/5.webp\" data-width=\"1200\" data-height=\"900\" aria-label=\"\" role=\"img\" ><\/div>\n\t\t\t\t\t\t\t\t\t\t\t<div class=\"elementor-gallery-item__overlay\"><\/div>\n\t\t\t\t\t\t\t\t\t\t\t\t\t\t<\/a>\n\t\t\t\t\t\t\t<a class=\"e-gallery-item elementor-gallery-item elementor-animated-content\" href=\"https:\/\/renneritalia.com\/wp-content\/uploads\/2026\/04\/4.webp\" data-elementor-open-lightbox=\"yes\" data-elementor-lightbox-slideshow=\"7526128\" data-elementor-lightbox-title=\"4\" data-e-action-hash=\"#elementor-action%3Aaction%3Dlightbox%26settings%3DeyJpZCI6MTIzNzczLCJ1cmwiOiJodHRwczpcL1wvcmVubmVyaXRhbGlhLmNvbVwvd3AtY29udGVudFwvdXBsb2Fkc1wvMjAyNlwvMDRcLzQud2VicCIsInNsaWRlc2hvdyI6Ijc1MjYxMjgifQ%3D%3D\">\n\t\t\t\t\t<div class=\"e-gallery-image elementor-gallery-item__image\" data-thumbnail=\"https:\/\/renneritalia.com\/wp-content\/uploads\/2026\/04\/4.webp\" data-width=\"1200\" data-height=\"900\" aria-label=\"\" role=\"img\" ><\/div>\n\t\t\t\t\t\t\t\t\t\t\t<div class=\"elementor-gallery-item__overlay\"><\/div>\n\t\t\t\t\t\t\t\t\t\t\t\t\t\t<\/a>\n\t\t\t\t\t<\/div>\n\t\t\t\t\t<\/div>\n\t\t\t\t<\/div>\n\t\t\t\t<div class=\"elementor-element elementor-element-522155b elementor-widget elementor-widget-text-editor\" data-id=\"522155b\" data-element_type=\"widget\" data-e-type=\"widget\" data-widget_type=\"text-editor.default\">\n\t\t\t\t<div class=\"elementor-widget-container\">\n\t\t\t\t\t\t\t\t\t<p>En este sistema, la madera no est\u00e1 aislada: entra en relaci\u00f3n con todos los dem\u00e1s materiales, contribuyendo a un equilibrio entre pesos visuales, reflejos y absorciones.<\/p>\t\t\t\t\t\t\t\t<\/div>\n\t\t\t\t<\/div>\n\t\t\t\t<div class=\"elementor-element elementor-element-4e2b894 elementor-widget elementor-widget-heading\" data-id=\"4e2b894\" data-element_type=\"widget\" data-e-type=\"widget\" data-widget_type=\"heading.default\">\n\t\t\t\t<div class=\"elementor-widget-container\">\n\t\t\t\t\t<h2 class=\"elementor-heading-title elementor-size-default\">La madera: materia t\u00e9cnica y emocional<\/h2>\t\t\t\t<\/div>\n\t\t\t\t<\/div>\n\t\t\t\t<div class=\"elementor-element elementor-element-df7a73a elementor-widget elementor-widget-text-editor\" data-id=\"df7a73a\" data-element_type=\"widget\" data-e-type=\"widget\" data-widget_type=\"text-editor.default\">\n\t\t\t\t<div class=\"elementor-widget-container\">\n\t\t\t\t\t\t\t\t\t<p>Dentro de esta gram\u00e1tica, la madera se impone como protagonista absoluta, no por nostalgia, sino por su capacidad \u00fanica de integrar dimensi\u00f3n tecnol\u00f3gica y emocional.<\/p><p>Las especies m\u00e1s presentes \u2014roble, nogal canaletto y nogal americano\u2014 se trabajan preservando su naturalidad: poro abierto, acabados transparentes y bajo brillo. La veta es central, lo que explica el uso extendido de acabados ultramate. En el fresno aparecen tintes en tonos tabaco, negro y gris oscuro.<\/p><p>La madera desempe\u00f1a una funci\u00f3n estrat\u00e9gica.<br \/>Por un lado, introduce calidez y continuidad natural en entornos cada vez m\u00e1s tecnol\u00f3gicos. Por otro, construye una relaci\u00f3n visual y t\u00e1ctil con el usuario, devolviendo el proyecto a una escala m\u00e1s humana.<\/p><p>En s\u00edntesis: innovaci\u00f3n s\u00ed, pero arraigada en un equilibrio natural.<\/p><p>En las mesas se observa una composici\u00f3n h\u00edbrida, donde la madera dialoga con piedra y metal. Este \u00faltimo aparece a menudo como elemento intermedio, una especie de marco o banda perimetral que realza la madera. <\/p>\t\t\t\t\t\t\t\t<\/div>\n\t\t\t\t<\/div>\n\t\t\t\t<div class=\"elementor-element elementor-element-6fa0b6b elementor-widget elementor-widget-image\" data-id=\"6fa0b6b\" data-element_type=\"widget\" data-e-type=\"widget\" data-widget_type=\"image.default\">\n\t\t\t\t<div class=\"elementor-widget-container\">\n\t\t\t\t\t\t\t\t\t\t\t\t\t\t\t<img decoding=\"async\" width=\"1200\" height=\"900\" src=\"https:\/\/renneritalia.com\/wp-content\/uploads\/2026\/04\/6.webp\" class=\"attachment-full size-full wp-image-123778\" alt=\"\" srcset=\"https:\/\/renneritalia.com\/wp-content\/uploads\/2026\/04\/6.webp 1200w, https:\/\/renneritalia.com\/wp-content\/uploads\/2026\/04\/6-300x225.webp 300w, https:\/\/renneritalia.com\/wp-content\/uploads\/2026\/04\/6-1024x768.webp 1024w, https:\/\/renneritalia.com\/wp-content\/uploads\/2026\/04\/6-768x576.webp 768w\" sizes=\"(max-width: 1200px) 100vw, 1200px\" \/>\t\t\t\t\t\t\t\t\t\t\t\t\t\t\t<\/div>\n\t\t\t\t<\/div>\n\t\t\t\t<div class=\"elementor-element elementor-element-5cb2bf3 elementor-widget elementor-widget-text-editor\" data-id=\"5cb2bf3\" data-element_type=\"widget\" data-e-type=\"widget\" data-widget_type=\"text-editor.default\">\n\t\t\t\t<div class=\"elementor-widget-container\">\n\t\t\t\t\t\t\t\t\t<p>En las piezas de asiento, la madera recupera una dimensi\u00f3n casi arquet\u00edpica, convirti\u00e9ndose en la estructura dominante y expl\u00edcita.<\/p>\t\t\t\t\t\t\t\t<\/div>\n\t\t\t\t<\/div>\n\t\t\t\t<div class=\"elementor-element elementor-element-e755d3d elementor-widget elementor-widget-image\" data-id=\"e755d3d\" data-element_type=\"widget\" data-e-type=\"widget\" data-widget_type=\"image.default\">\n\t\t\t\t<div class=\"elementor-widget-container\">\n\t\t\t\t\t\t\t\t\t\t\t\t\t\t\t<img decoding=\"async\" width=\"1200\" height=\"900\" src=\"https:\/\/renneritalia.com\/wp-content\/uploads\/2026\/04\/7.webp\" class=\"attachment-full size-full wp-image-123783\" alt=\"\" srcset=\"https:\/\/renneritalia.com\/wp-content\/uploads\/2026\/04\/7.webp 1200w, https:\/\/renneritalia.com\/wp-content\/uploads\/2026\/04\/7-300x225.webp 300w, https:\/\/renneritalia.com\/wp-content\/uploads\/2026\/04\/7-1024x768.webp 1024w, https:\/\/renneritalia.com\/wp-content\/uploads\/2026\/04\/7-768x576.webp 768w\" sizes=\"(max-width: 1200px) 100vw, 1200px\" \/>\t\t\t\t\t\t\t\t\t\t\t\t\t\t\t<\/div>\n\t\t\t\t<\/div>\n\t\t\t\t<div class=\"elementor-element elementor-element-7f12af2 elementor-widget elementor-widget-text-editor\" data-id=\"7f12af2\" data-element_type=\"widget\" data-e-type=\"widget\" data-widget_type=\"text-editor.default\">\n\t\t\t\t<div class=\"elementor-widget-container\">\n\t\t\t\t\t\t\t\t\t<p>De forma puntual, aparece el bamb\u00fa como material resistente, sostenible y de tramas audaces.<\/p>\t\t\t\t\t\t\t\t<\/div>\n\t\t\t\t<\/div>\n\t\t\t\t<div class=\"elementor-element elementor-element-0d75869 elementor-widget elementor-widget-image\" data-id=\"0d75869\" data-element_type=\"widget\" data-e-type=\"widget\" data-widget_type=\"image.default\">\n\t\t\t\t<div class=\"elementor-widget-container\">\n\t\t\t\t\t\t\t\t\t\t\t\t\t\t\t<img loading=\"lazy\" decoding=\"async\" width=\"1200\" height=\"900\" src=\"https:\/\/renneritalia.com\/wp-content\/uploads\/2026\/04\/8.webp\" class=\"attachment-full size-full wp-image-123788\" alt=\"\" srcset=\"https:\/\/renneritalia.com\/wp-content\/uploads\/2026\/04\/8.webp 1200w, https:\/\/renneritalia.com\/wp-content\/uploads\/2026\/04\/8-300x225.webp 300w, https:\/\/renneritalia.com\/wp-content\/uploads\/2026\/04\/8-1024x768.webp 1024w, https:\/\/renneritalia.com\/wp-content\/uploads\/2026\/04\/8-768x576.webp 768w\" sizes=\"(max-width: 1200px) 100vw, 1200px\" \/>\t\t\t\t\t\t\t\t\t\t\t\t\t\t\t<\/div>\n\t\t\t\t<\/div>\n\t\t\t\t<div class=\"elementor-element elementor-element-665022a elementor-widget elementor-widget-text-editor\" data-id=\"665022a\" data-element_type=\"widget\" data-e-type=\"widget\" data-widget_type=\"text-editor.default\">\n\t\t\t\t<div class=\"elementor-widget-container\">\n\t\t\t\t\t\t\t\t\t<p>La madera tambi\u00e9n es protagonista en el ba\u00f1o, devolviendo este espacio al centro del sistema dom\u00e9stico.<\/p>\t\t\t\t\t\t\t\t<\/div>\n\t\t\t\t<\/div>\n\t\t\t\t<div class=\"elementor-element elementor-element-004b90b elementor-widget elementor-widget-image\" data-id=\"004b90b\" data-element_type=\"widget\" data-e-type=\"widget\" data-widget_type=\"image.default\">\n\t\t\t\t<div class=\"elementor-widget-container\">\n\t\t\t\t\t\t\t\t\t\t\t\t\t\t\t<img loading=\"lazy\" decoding=\"async\" width=\"1200\" height=\"900\" src=\"https:\/\/renneritalia.com\/wp-content\/uploads\/2026\/04\/9.webp\" class=\"attachment-full size-full wp-image-123793\" alt=\"\" srcset=\"https:\/\/renneritalia.com\/wp-content\/uploads\/2026\/04\/9.webp 1200w, https:\/\/renneritalia.com\/wp-content\/uploads\/2026\/04\/9-300x225.webp 300w, https:\/\/renneritalia.com\/wp-content\/uploads\/2026\/04\/9-1024x768.webp 1024w, https:\/\/renneritalia.com\/wp-content\/uploads\/2026\/04\/9-768x576.webp 768w\" sizes=\"(max-width: 1200px) 100vw, 1200px\" \/>\t\t\t\t\t\t\t\t\t\t\t\t\t\t\t<\/div>\n\t\t\t\t<\/div>\n\t\t\t\t\t<\/div>\n\t\t\t\t<\/div>\n\t\t<div class=\"has_eae_slider elementor-element elementor-element-3b01524 e-flex e-con-boxed e-con e-parent\" data-eae-slider=\"33814\" data-id=\"3b01524\" data-element_type=\"container\" data-e-type=\"container\" data-settings=\"{&quot;jet_parallax_layout_list&quot;:[]}\">\n\t\t\t\t\t<div class=\"e-con-inner\">\n\t\t\t\t<div class=\"elementor-element elementor-element-58e6983 elementor-widget elementor-widget-heading\" data-id=\"58e6983\" data-element_type=\"widget\" data-e-type=\"widget\" data-widget_type=\"heading.default\">\n\t\t\t\t<div class=\"elementor-widget-container\">\n\t\t\t\t\t<h2 class=\"elementor-heading-title elementor-size-default\">Neocraft: la artesan\u00eda como sistema evolucionado<\/h2>\t\t\t\t<\/div>\n\t\t\t\t<\/div>\n\t\t\t\t<div class=\"elementor-element elementor-element-2e59568 elementor-widget elementor-widget-text-editor\" data-id=\"2e59568\" data-element_type=\"widget\" data-e-type=\"widget\" data-widget_type=\"text-editor.default\">\n\t\t\t\t<div class=\"elementor-widget-container\">\n\t\t\t\t\t\t\t\t\t<p>Uno de los temas m\u00e1s relevantes del Salone 2026 es el desarrollo del <em>Neocraft<\/em>: una filosof\u00eda proyectual contempor\u00e1nea que fusiona artesan\u00eda tradicional y tecnolog\u00eda avanzada, poniendo en valor la imperfecci\u00f3n, la sostenibilidad y la singularidad.<\/p><p>El Neocraft se plantea como una respuesta \u00e9tica a la homogeneizaci\u00f3n industrial.<\/p><p>Este concepto atraviesa toda la exposici\u00f3n, pero adquiere especial relevancia en el Salone Satellite, dedicado a dise\u00f1adores emergentes menores de 35 a\u00f1os. Aqu\u00ed predominan formas org\u00e1nicas, a menudo biom\u00f3rficas: vol\u00famenes ovoideos, superficies continuas y estructuras de madera con veta visible dialogan con inserciones cromadas o reflectantes. <\/p>\t\t\t\t\t\t\t\t<\/div>\n\t\t\t\t<\/div>\n\t\t\t\t<div class=\"elementor-element elementor-element-8ff1e48 elementor-widget elementor-widget-image\" data-id=\"8ff1e48\" data-element_type=\"widget\" data-e-type=\"widget\" data-widget_type=\"image.default\">\n\t\t\t\t<div class=\"elementor-widget-container\">\n\t\t\t\t\t\t\t\t\t\t\t\t\t\t\t<img loading=\"lazy\" decoding=\"async\" width=\"1200\" height=\"900\" src=\"https:\/\/renneritalia.com\/wp-content\/uploads\/2026\/04\/10.webp\" class=\"attachment-full size-full wp-image-123798\" alt=\"\" srcset=\"https:\/\/renneritalia.com\/wp-content\/uploads\/2026\/04\/10.webp 1200w, https:\/\/renneritalia.com\/wp-content\/uploads\/2026\/04\/10-300x225.webp 300w, https:\/\/renneritalia.com\/wp-content\/uploads\/2026\/04\/10-1024x768.webp 1024w, https:\/\/renneritalia.com\/wp-content\/uploads\/2026\/04\/10-768x576.webp 768w\" sizes=\"(max-width: 1200px) 100vw, 1200px\" \/>\t\t\t\t\t\t\t\t\t\t\t\t\t\t\t<\/div>\n\t\t\t\t<\/div>\n\t\t\t\t<div class=\"elementor-element elementor-element-62e2bc8 elementor-widget elementor-widget-text-editor\" data-id=\"62e2bc8\" data-element_type=\"widget\" data-e-type=\"widget\" data-widget_type=\"text-editor.default\">\n\t\t\t\t<div class=\"elementor-widget-container\">\n\t\t\t\t\t\t\t\t\t<p>No se trata de contraste, sino de coexistencia entre lo natural y lo artificial.<\/p>\t\t\t\t\t\t\t\t<\/div>\n\t\t\t\t<\/div>\n\t\t\t\t<div class=\"elementor-element elementor-element-94b70c9 elementor-widget elementor-widget-heading\" data-id=\"94b70c9\" data-element_type=\"widget\" data-e-type=\"widget\" data-widget_type=\"heading.default\">\n\t\t\t\t<div class=\"elementor-widget-container\">\n\t\t\t\t\t<h2 class=\"elementor-heading-title elementor-size-default\">EuroCucina: la tecnolog\u00eda se retrae<\/h2>\t\t\t\t<\/div>\n\t\t\t\t<\/div>\n\t\t\t\t<div class=\"elementor-element elementor-element-ff8bb9e elementor-widget elementor-widget-text-editor\" data-id=\"ff8bb9e\" data-element_type=\"widget\" data-e-type=\"widget\" data-widget_type=\"text-editor.default\">\n\t\t\t\t<div class=\"elementor-widget-container\">\n\t\t\t\t\t\t\t\t\t<p>En el \u00e1mbito de la cocina, se observa un fen\u00f3meno claro: la tecnolog\u00eda no desaparece, sino que se vuelve invisible.<\/p><p class=\"paragraph\" style=\"vertical-align: baseline;\">Las superficies son continuas, a menudo en piedra natural. Los sistemas de apertura est\u00e1n integrados. La dom\u00f3tica est\u00e1 presente, pero no se exhibe. El objetivo es liberar el espacio, hacerlo m\u00e1s fluido y dom\u00e9stico. <\/p>\t\t\t\t\t\t\t\t<\/div>\n\t\t\t\t<\/div>\n\t\t\t\t<div class=\"elementor-element elementor-element-c1ec7b0 elementor-widget elementor-widget-image\" data-id=\"c1ec7b0\" data-element_type=\"widget\" data-e-type=\"widget\" data-widget_type=\"image.default\">\n\t\t\t\t<div class=\"elementor-widget-container\">\n\t\t\t\t\t\t\t\t\t\t\t\t\t\t\t<img loading=\"lazy\" decoding=\"async\" width=\"1200\" height=\"900\" src=\"https:\/\/renneritalia.com\/wp-content\/uploads\/2026\/04\/11.webp\" class=\"attachment-full size-full wp-image-123803\" alt=\"\" srcset=\"https:\/\/renneritalia.com\/wp-content\/uploads\/2026\/04\/11.webp 1200w, https:\/\/renneritalia.com\/wp-content\/uploads\/2026\/04\/11-300x225.webp 300w, https:\/\/renneritalia.com\/wp-content\/uploads\/2026\/04\/11-1024x768.webp 1024w, https:\/\/renneritalia.com\/wp-content\/uploads\/2026\/04\/11-768x576.webp 768w\" sizes=\"(max-width: 1200px) 100vw, 1200px\" \/>\t\t\t\t\t\t\t\t\t\t\t\t\t\t\t<\/div>\n\t\t\t\t<\/div>\n\t\t\t\t<div class=\"elementor-element elementor-element-fcf3ee3 elementor-widget elementor-widget-text-editor\" data-id=\"fcf3ee3\" data-element_type=\"widget\" data-e-type=\"widget\" data-widget_type=\"text-editor.default\">\n\t\t\t\t<div class=\"elementor-widget-container\">\n\t\t\t\t\t\t\t\t\t<p>En este contexto, la madera desempe\u00f1a un papel clave. Filtra la complejidad tecnol\u00f3gica, la hace m\u00e1s accesible e introduce una dimensi\u00f3n emocional en un entorno altamente t\u00e9cnico.<\/p><p>Se afirma un minimalismo consciente, en el que cada elemento tiene una funci\u00f3n precisa. Nada es superfluo. Nada es puramente decorativo.<\/p>\t\t\t\t\t\t\t\t<\/div>\n\t\t\t\t<\/div>\n\t\t\t\t<div class=\"elementor-element elementor-element-ee6dec7 elementor-widget elementor-widget-heading\" data-id=\"ee6dec7\" data-element_type=\"widget\" data-e-type=\"widget\" data-widget_type=\"heading.default\">\n\t\t\t\t<div class=\"elementor-widget-container\">\n\t\t\t\t\t<h2 class=\"elementor-heading-title elementor-size-default\">Color: equilibrio entre base neutra y acentos intensos<\/h2>\t\t\t\t<\/div>\n\t\t\t\t<\/div>\n\t\t\t\t<div class=\"elementor-element elementor-element-023dff5 elementor-widget elementor-widget-text-editor\" data-id=\"023dff5\" data-element_type=\"widget\" data-e-type=\"widget\" data-widget_type=\"text-editor.default\">\n\t\t\t\t<div class=\"elementor-widget-container\">\n\t\t\t\t\t\t\t\t\t<p>La paleta crom\u00e1tica de 2026 en el Salone de Mil\u00e1n se construye sobre una base de neutros c\u00e1lidos: greige, crema, crudo y tonos cuerda definen espacios continuos y sofisticados que realzan la materia.<\/p><p class=\"paragraph\" style=\"vertical-align: baseline;\">Sobre este fondo se introducen acentos m\u00e1s saturados y decididos: naranja quemado <em>)<\/em>, verde oliva, azul marino, terracota y luminous blue, utilizados como puntos focales.<\/p>\t\t\t\t\t\t\t\t<\/div>\n\t\t\t\t<\/div>\n\t\t\t\t<div class=\"elementor-element elementor-element-3402cc3 elementor-widget elementor-widget-gallery\" data-id=\"3402cc3\" data-element_type=\"widget\" data-e-type=\"widget\" data-settings=\"{&quot;columns&quot;:2,&quot;aspect_ratio&quot;:&quot;4:3&quot;,&quot;lazyload&quot;:&quot;yes&quot;,&quot;gallery_layout&quot;:&quot;grid&quot;,&quot;columns_tablet&quot;:2,&quot;columns_mobile&quot;:1,&quot;gap&quot;:{&quot;unit&quot;:&quot;px&quot;,&quot;size&quot;:10,&quot;sizes&quot;:[]},&quot;gap_tablet&quot;:{&quot;unit&quot;:&quot;px&quot;,&quot;size&quot;:10,&quot;sizes&quot;:[]},&quot;gap_mobile&quot;:{&quot;unit&quot;:&quot;px&quot;,&quot;size&quot;:10,&quot;sizes&quot;:[]},&quot;link_to&quot;:&quot;file&quot;,&quot;overlay_background&quot;:&quot;yes&quot;,&quot;content_hover_animation&quot;:&quot;fade-in&quot;}\" data-widget_type=\"gallery.default\">\n\t\t\t\t<div class=\"elementor-widget-container\">\n\t\t\t\t\t\t\t<div class=\"elementor-gallery__container\">\n\t\t\t\t\t\t\t<a class=\"e-gallery-item elementor-gallery-item elementor-animated-content\" href=\"https:\/\/renneritalia.com\/wp-content\/uploads\/2026\/04\/13.webp\" data-elementor-open-lightbox=\"yes\" data-elementor-lightbox-slideshow=\"3402cc3\" data-elementor-lightbox-title=\"13\" data-e-action-hash=\"#elementor-action%3Aaction%3Dlightbox%26settings%3DeyJpZCI6MTIzODEzLCJ1cmwiOiJodHRwczpcL1wvcmVubmVyaXRhbGlhLmNvbVwvd3AtY29udGVudFwvdXBsb2Fkc1wvMjAyNlwvMDRcLzEzLndlYnAiLCJzbGlkZXNob3ciOiIzNDAyY2MzIn0%3D\">\n\t\t\t\t\t<div class=\"e-gallery-image elementor-gallery-item__image\" data-thumbnail=\"https:\/\/renneritalia.com\/wp-content\/uploads\/2026\/04\/13.webp\" data-width=\"1200\" data-height=\"900\" aria-label=\"\" role=\"img\" ><\/div>\n\t\t\t\t\t\t\t\t\t\t\t<div class=\"elementor-gallery-item__overlay\"><\/div>\n\t\t\t\t\t\t\t\t\t\t\t\t\t\t<\/a>\n\t\t\t\t\t\t\t<a class=\"e-gallery-item elementor-gallery-item elementor-animated-content\" href=\"https:\/\/renneritalia.com\/wp-content\/uploads\/2026\/04\/12.webp\" data-elementor-open-lightbox=\"yes\" data-elementor-lightbox-slideshow=\"3402cc3\" data-elementor-lightbox-title=\"12\" data-e-action-hash=\"#elementor-action%3Aaction%3Dlightbox%26settings%3DeyJpZCI6MTIzODE4LCJ1cmwiOiJodHRwczpcL1wvcmVubmVyaXRhbGlhLmNvbVwvd3AtY29udGVudFwvdXBsb2Fkc1wvMjAyNlwvMDRcLzEyLndlYnAiLCJzbGlkZXNob3ciOiIzNDAyY2MzIn0%3D\">\n\t\t\t\t\t<div class=\"e-gallery-image elementor-gallery-item__image\" data-thumbnail=\"https:\/\/renneritalia.com\/wp-content\/uploads\/2026\/04\/12.webp\" data-width=\"1200\" data-height=\"900\" aria-label=\"\" role=\"img\" ><\/div>\n\t\t\t\t\t\t\t\t\t\t\t<div class=\"elementor-gallery-item__overlay\"><\/div>\n\t\t\t\t\t\t\t\t\t\t\t\t\t\t<\/a>\n\t\t\t\t\t<\/div>\n\t\t\t\t\t<\/div>\n\t\t\t\t<\/div>\n\t\t\t\t<div class=\"elementor-element elementor-element-af8467f elementor-widget elementor-widget-text-editor\" data-id=\"af8467f\" data-element_type=\"widget\" data-e-type=\"widget\" data-widget_type=\"text-editor.default\">\n\t\t\t\t<div class=\"elementor-widget-container\">\n\t\t\t\t\t\t\t\t\t<p>El color estructura el espacio. Construye jerarqu\u00edas, orienta la mirada y genera tensiones controladas.<\/p><p>Las combinaciones se basan en contrastes arm\u00f3nicos: terracota y verde salvia, azul y naranja quemado. El resultado es equilibrado, nunca disonante. <\/p>\t\t\t\t\t\t\t\t<\/div>\n\t\t\t\t<\/div>\n\t\t\t\t<div class=\"elementor-element elementor-element-0cff628 elementor-widget elementor-widget-gallery\" data-id=\"0cff628\" data-element_type=\"widget\" data-e-type=\"widget\" data-settings=\"{&quot;columns&quot;:2,&quot;aspect_ratio&quot;:&quot;4:3&quot;,&quot;lazyload&quot;:&quot;yes&quot;,&quot;gallery_layout&quot;:&quot;grid&quot;,&quot;columns_tablet&quot;:2,&quot;columns_mobile&quot;:1,&quot;gap&quot;:{&quot;unit&quot;:&quot;px&quot;,&quot;size&quot;:10,&quot;sizes&quot;:[]},&quot;gap_tablet&quot;:{&quot;unit&quot;:&quot;px&quot;,&quot;size&quot;:10,&quot;sizes&quot;:[]},&quot;gap_mobile&quot;:{&quot;unit&quot;:&quot;px&quot;,&quot;size&quot;:10,&quot;sizes&quot;:[]},&quot;link_to&quot;:&quot;file&quot;,&quot;overlay_background&quot;:&quot;yes&quot;,&quot;content_hover_animation&quot;:&quot;fade-in&quot;}\" data-widget_type=\"gallery.default\">\n\t\t\t\t<div class=\"elementor-widget-container\">\n\t\t\t\t\t\t\t<div class=\"elementor-gallery__container\">\n\t\t\t\t\t\t\t<a class=\"e-gallery-item elementor-gallery-item elementor-animated-content\" href=\"https:\/\/renneritalia.com\/wp-content\/uploads\/2026\/04\/14.webp\" data-elementor-open-lightbox=\"yes\" data-elementor-lightbox-slideshow=\"0cff628\" data-elementor-lightbox-title=\"14\" data-e-action-hash=\"#elementor-action%3Aaction%3Dlightbox%26settings%3DeyJpZCI6MTIzODIzLCJ1cmwiOiJodHRwczpcL1wvcmVubmVyaXRhbGlhLmNvbVwvd3AtY29udGVudFwvdXBsb2Fkc1wvMjAyNlwvMDRcLzE0LndlYnAiLCJzbGlkZXNob3ciOiIwY2ZmNjI4In0%3D\">\n\t\t\t\t\t<div class=\"e-gallery-image elementor-gallery-item__image\" data-thumbnail=\"https:\/\/renneritalia.com\/wp-content\/uploads\/2026\/04\/14.webp\" data-width=\"1200\" data-height=\"900\" aria-label=\"\" role=\"img\" ><\/div>\n\t\t\t\t\t\t\t\t\t\t\t<div class=\"elementor-gallery-item__overlay\"><\/div>\n\t\t\t\t\t\t\t\t\t\t\t\t\t\t<\/a>\n\t\t\t\t\t\t\t<a class=\"e-gallery-item elementor-gallery-item elementor-animated-content\" href=\"https:\/\/renneritalia.com\/wp-content\/uploads\/2026\/04\/16.webp\" data-elementor-open-lightbox=\"yes\" data-elementor-lightbox-slideshow=\"0cff628\" data-elementor-lightbox-title=\"16\" data-e-action-hash=\"#elementor-action%3Aaction%3Dlightbox%26settings%3DeyJpZCI6MTIzODI4LCJ1cmwiOiJodHRwczpcL1wvcmVubmVyaXRhbGlhLmNvbVwvd3AtY29udGVudFwvdXBsb2Fkc1wvMjAyNlwvMDRcLzE2LndlYnAiLCJzbGlkZXNob3ciOiIwY2ZmNjI4In0%3D\">\n\t\t\t\t\t<div class=\"e-gallery-image elementor-gallery-item__image\" data-thumbnail=\"https:\/\/renneritalia.com\/wp-content\/uploads\/2026\/04\/16.webp\" data-width=\"1200\" data-height=\"900\" aria-label=\"\" role=\"img\" ><\/div>\n\t\t\t\t\t\t\t\t\t\t\t<div class=\"elementor-gallery-item__overlay\"><\/div>\n\t\t\t\t\t\t\t\t\t\t\t\t\t\t<\/a>\n\t\t\t\t\t<\/div>\n\t\t\t\t\t<\/div>\n\t\t\t\t<\/div>\n\t\t\t\t<div class=\"elementor-element elementor-element-2a215bf elementor-widget elementor-widget-text-editor\" data-id=\"2a215bf\" data-element_type=\"widget\" data-e-type=\"widget\" data-widget_type=\"text-editor.default\">\n\t\t\t\t<div class=\"elementor-widget-container\">\n\t\t\t\t\t\t\t\t\t<p>Desde el punto de vista de las superficies, esto implica una gesti\u00f3n m\u00e1s sofisticada de los acabados: cubrici\u00f3n, profundidad crom\u00e1tica y control del brillo se convierten en variables de proyecto.<\/p>\t\t\t\t\t\t\t\t<\/div>\n\t\t\t\t<\/div>\n\t\t\t\t<div class=\"elementor-element elementor-element-0ce2708 elementor-widget elementor-widget-image\" data-id=\"0ce2708\" data-element_type=\"widget\" data-e-type=\"widget\" data-widget_type=\"image.default\">\n\t\t\t\t<div class=\"elementor-widget-container\">\n\t\t\t\t\t\t\t\t\t\t\t\t<figure class=\"wp-caption\">\n\t\t\t\t\t\t\t\t\t\t<img loading=\"lazy\" decoding=\"async\" width=\"1448\" height=\"1086\" src=\"https:\/\/renneritalia.com\/wp-content\/uploads\/2026\/04\/Mappa-dei-colori-laccati.webp\" class=\"attachment-full size-full wp-image-123959\" alt=\"\" srcset=\"https:\/\/renneritalia.com\/wp-content\/uploads\/2026\/04\/Mappa-dei-colori-laccati.webp 1448w, https:\/\/renneritalia.com\/wp-content\/uploads\/2026\/04\/Mappa-dei-colori-laccati-300x225.webp 300w, https:\/\/renneritalia.com\/wp-content\/uploads\/2026\/04\/Mappa-dei-colori-laccati-1024x768.webp 1024w, https:\/\/renneritalia.com\/wp-content\/uploads\/2026\/04\/Mappa-dei-colori-laccati-768x576.webp 768w\" sizes=\"(max-width: 1448px) 100vw, 1448px\" \/>\t\t\t\t\t\t\t\t\t\t\t<figcaption class=\"widget-image-caption wp-caption-text\">Gama de colores lacados<\/figcaption>\n\t\t\t\t\t\t\t\t\t\t<\/figure>\n\t\t\t\t\t\t\t\t\t<\/div>\n\t\t\t\t<\/div>\n\t\t\t\t<div class=\"elementor-element elementor-element-48d4bed elementor-widget elementor-widget-image\" data-id=\"48d4bed\" data-element_type=\"widget\" data-e-type=\"widget\" data-widget_type=\"image.default\">\n\t\t\t\t<div class=\"elementor-widget-container\">\n\t\t\t\t\t\t\t\t\t\t\t\t<figure class=\"wp-caption\">\n\t\t\t\t\t\t\t\t\t\t<img loading=\"lazy\" decoding=\"async\" width=\"1448\" height=\"1086\" src=\"https:\/\/renneritalia.com\/wp-content\/uploads\/2026\/04\/Mappa-dei-colori-mordenzati.webp\" class=\"attachment-full size-full wp-image-123964\" alt=\"\" srcset=\"https:\/\/renneritalia.com\/wp-content\/uploads\/2026\/04\/Mappa-dei-colori-mordenzati.webp 1448w, https:\/\/renneritalia.com\/wp-content\/uploads\/2026\/04\/Mappa-dei-colori-mordenzati-300x225.webp 300w, https:\/\/renneritalia.com\/wp-content\/uploads\/2026\/04\/Mappa-dei-colori-mordenzati-1024x768.webp 1024w, https:\/\/renneritalia.com\/wp-content\/uploads\/2026\/04\/Mappa-dei-colori-mordenzati-768x576.webp 768w\" sizes=\"(max-width: 1448px) 100vw, 1448px\" \/>\t\t\t\t\t\t\t\t\t\t\t<figcaption class=\"widget-image-caption wp-caption-text\">Gama de colores te\u00f1idos<\/figcaption>\n\t\t\t\t\t\t\t\t\t\t<\/figure>\n\t\t\t\t\t\t\t\t\t<\/div>\n\t\t\t\t<\/div>\n\t\t\t\t<div class=\"elementor-element elementor-element-83f3da9 elementor-widget elementor-widget-heading\" data-id=\"83f3da9\" data-element_type=\"widget\" data-e-type=\"widget\" data-widget_type=\"heading.default\">\n\t\t\t\t<div class=\"elementor-widget-container\">\n\t\t\t\t\t<h2 class=\"elementor-heading-title elementor-size-default\">Interior y exterior: un sistema \u00fanico<\/h2>\t\t\t\t<\/div>\n\t\t\t\t<\/div>\n\t\t\t\t<div class=\"elementor-element elementor-element-ff44dfb elementor-widget elementor-widget-text-editor\" data-id=\"ff44dfb\" data-element_type=\"widget\" data-e-type=\"widget\" data-widget_type=\"text-editor.default\">\n\t\t\t\t<div class=\"elementor-widget-container\">\n\t\t\t\t\t\t\t\t\t<p>En 2026 se supera definitivamente la distinci\u00f3n entre interior y exterior. Ya no se trata de di\u00e1logo, sino de continuidad.<\/p><p>Los lenguajes proyectuales son coherentes, los materiales compatibles y las paletas crom\u00e1ticas alineadas. Los espacios exteriores adoptan formas suaves, superficies t\u00e1ctiles y colores naturales. El exterior se convierte en una extensi\u00f3n del habitar.<\/p><p class=\"paragraph\" style=\"vertical-align: baseline;\">Nota estil\u00edstica: ganan presencia las referencias marinas y una est\u00e9tica de sabor artesanal. <\/p>\t\t\t\t\t\t\t\t<\/div>\n\t\t\t\t<\/div>\n\t\t\t\t<div class=\"elementor-element elementor-element-57a93bd elementor-widget elementor-widget-image\" data-id=\"57a93bd\" data-element_type=\"widget\" data-e-type=\"widget\" data-widget_type=\"image.default\">\n\t\t\t\t<div class=\"elementor-widget-container\">\n\t\t\t\t\t\t\t\t\t\t\t\t\t\t\t<img loading=\"lazy\" decoding=\"async\" width=\"1200\" height=\"900\" src=\"https:\/\/renneritalia.com\/wp-content\/uploads\/2026\/04\/15.webp\" class=\"attachment-full size-full wp-image-123833\" alt=\"\" srcset=\"https:\/\/renneritalia.com\/wp-content\/uploads\/2026\/04\/15.webp 1200w, https:\/\/renneritalia.com\/wp-content\/uploads\/2026\/04\/15-300x225.webp 300w, https:\/\/renneritalia.com\/wp-content\/uploads\/2026\/04\/15-1024x768.webp 1024w, https:\/\/renneritalia.com\/wp-content\/uploads\/2026\/04\/15-768x576.webp 768w\" sizes=\"(max-width: 1200px) 100vw, 1200px\" \/>\t\t\t\t\t\t\t\t\t\t\t\t\t\t\t<\/div>\n\t\t\t\t<\/div>\n\t\t\t\t<div class=\"elementor-element elementor-element-a860989 elementor-widget elementor-widget-heading\" data-id=\"a860989\" data-element_type=\"widget\" data-e-type=\"widget\" data-widget_type=\"heading.default\">\n\t\t\t\t<div class=\"elementor-widget-container\">\n\t\t\t\t\t<h2 class=\"elementor-heading-title elementor-size-default\">Los datos confirman el papel del Salone<\/h2>\t\t\t\t<\/div>\n\t\t\t\t<\/div>\n\t\t\t\t<div class=\"elementor-element elementor-element-110a349 elementor-widget elementor-widget-text-editor\" data-id=\"110a349\" data-element_type=\"widget\" data-e-type=\"widget\" data-widget_type=\"text-editor.default\">\n\t\t\t\t<div class=\"elementor-widget-container\">\n\t\t\t\t\t\t\t\t\t<p>Con m\u00e1s de 316.000 asistentes y una fuerte presencia internacional \u2014estable en el 68 %\u2014, la edici\u00f3n 2026 confirma al Salone de Mil\u00e1n como una plataforma clave de conexi\u00f3n entre industria, proyecto y mercado.<\/p><p>En seis d\u00edas se activ\u00f3 un ecosistema de alta densidad relacional, capaz de poner en di\u00e1logo a 1.900 marcas con una cadena global formada por compradores, inversores, dise\u00f1adores y medios.<\/p><p>Destaca especialmente el reequilibrio geogr\u00e1fico de la demanda: a la solidez europea se suma una creciente vitalidad de los mercados extracomunitarios, como Estados Unidos, Reino Unido, Canad\u00e1, M\u00e9xico, Brasil y Corea del Sur.<\/p><p>En este contexto, sectores como ba\u00f1o y cocina se consolidan como nodos centrales, donde la innovaci\u00f3n tecnol\u00f3gica y la calidad industrial se cruzan con la evoluci\u00f3n de los estilos de vida contempor\u00e1neos.<\/p><p>El Salone 2026 ofrece as\u00ed la imagen de un sector reactivo, competitivo y cada vez m\u00e1s interconectado.<\/p>\t\t\t\t\t\t\t\t<\/div>\n\t\t\t\t<\/div>\n\t\t\t\t<div class=\"elementor-element elementor-element-4ebdb42 elementor-alert-info elementor-widget elementor-widget-alert\" data-id=\"4ebdb42\" data-element_type=\"widget\" data-e-type=\"widget\" data-widget_type=\"alert.default\">\n\t\t\t\t<div class=\"elementor-widget-container\">\n\t\t\t\t\t\t\t<div class=\"elementor-alert\" role=\"alert\">\n\n\t\t\t\n\t\t\t\t\t\t<span class=\"elementor-alert-description\">Las im\u00e1genes de este reportaje se han generado con IA<\/span>\n\t\t\t\n\t\t\t\n\t\t<\/div>\n\t\t\t\t\t\t<\/div>\n\t\t\t\t<\/div>\n\t\t\t\t\t<\/div>\n\t\t\t\t<\/div>\n\t\t\t\t<\/div>\n\t\t","protected":false},"excerpt":{"rendered":"<p>Salone 2026 marca un cambio de paradigma: el dise\u00f1o vuelve a la materia, a su autenticidad y a su capacidad de generar valor. Superficies imperfectas, maderas naturales y paletas sofisticadas expresan un nuevo equilibrio entre tecnolog\u00eda y dimensi\u00f3n humana. En este contexto, los recubrimientos evolucionan: de simples coberturas a herramientas de dise\u00f1o que interpretan y ponen en valor.<\/p>\n","protected":false},"author":7,"featured_media":123914,"comment_status":"closed","ping_status":"closed","sticky":false,"template":"","format":"standard","meta":{"footnotes":""},"categories":[1],"tags":[],"class_list":["post-123863","post","type-post","status-publish","format-standard","has-post-thumbnail","hentry","category-renner-blog"],"yoast_head":"<!-- This site is optimized with the Yoast SEO plugin v27.5 - https:\/\/yoast.com\/product\/yoast-seo-wordpress\/ -->\n<title>Salone 2026: el dise\u00f1o vuelve a lo real \u2014 materiales, imperfecciones y jerarqu\u00edas del color - Renner Italia<\/title>\n<meta name=\"robots\" content=\"index, follow, max-snippet:-1, max-image-preview:large, max-video-preview:-1\" \/>\n<link rel=\"canonical\" href=\"https:\/\/renneritalia.com\/salone-2026-il-design-torna-reale-materiali-imperfezioni-e-gerarchie-del-colore\/\" \/>\n<meta property=\"og:locale\" content=\"es_ES\" \/>\n<meta property=\"og:type\" content=\"article\" \/>\n<meta property=\"og:title\" content=\"Salone 2026: el dise\u00f1o vuelve a lo real \u2014 materiales, imperfecciones y jerarqu\u00edas del color - Renner Italia\" \/>\n<meta property=\"og:description\" content=\"Salone 2026 marca un cambio de paradigma: el dise\u00f1o vuelve a la materia, a su autenticidad y a su capacidad de generar valor. Superficies imperfectas, maderas naturales y paletas sofisticadas expresan un nuevo equilibrio entre tecnolog\u00eda y dimensi\u00f3n humana. En este contexto, los recubrimientos evolucionan: de simples coberturas a herramientas de dise\u00f1o que interpretan y ponen en valor.\" \/>\n<meta property=\"og:url\" content=\"https:\/\/renneritalia.com\/salone-2026-il-design-torna-reale-materiali-imperfezioni-e-gerarchie-del-colore\/\" \/>\n<meta property=\"og:site_name\" content=\"Renner Italia\" \/>\n<meta property=\"article:published_time\" content=\"2026-04-28T08:03:02+00:00\" \/>\n<meta property=\"article:modified_time\" content=\"2026-04-28T14:10:56+00:00\" \/>\n<meta property=\"og:image\" content=\"https:\/\/renneritalia.com\/wp-content\/uploads\/2026\/04\/salone26.webp\" \/>\n\t<meta property=\"og:image:width\" content=\"1200\" \/>\n\t<meta property=\"og:image:height\" content=\"900\" \/>\n\t<meta property=\"og:image:type\" content=\"image\/webp\" \/>\n<meta name=\"author\" content=\"Developer\" \/>\n<meta name=\"twitter:card\" content=\"summary_large_image\" \/>\n<meta name=\"twitter:label1\" content=\"Escrito por\" \/>\n\t<meta name=\"twitter:data1\" content=\"Developer\" \/>\n\t<meta name=\"twitter:label2\" content=\"Tiempo de lectura\" \/>\n\t<meta name=\"twitter:data2\" content=\"8 minutos\" \/>\n<script type=\"application\/ld+json\" class=\"yoast-schema-graph\">{\"@context\":\"https:\\\/\\\/schema.org\",\"@graph\":[{\"@type\":\"Article\",\"@id\":\"https:\\\/\\\/renneritalia.com\\\/salone-2026-il-design-torna-reale-materiali-imperfezioni-e-gerarchie-del-colore\\\/#article\",\"isPartOf\":{\"@id\":\"https:\\\/\\\/renneritalia.com\\\/salone-2026-il-design-torna-reale-materiali-imperfezioni-e-gerarchie-del-colore\\\/\"},\"author\":{\"name\":\"Developer\",\"@id\":\"https:\\\/\\\/renneritalia.com\\\/#\\\/schema\\\/person\\\/2b55983c242bb8bca0fc96b0953ee07a\"},\"headline\":\"Salone 2026: el dise\u00f1o vuelve a lo real \u2014 materiales, imperfecciones y jerarqu\u00edas del color\",\"datePublished\":\"2026-04-28T08:03:02+00:00\",\"dateModified\":\"2026-04-28T14:10:56+00:00\",\"mainEntityOfPage\":{\"@id\":\"https:\\\/\\\/renneritalia.com\\\/salone-2026-il-design-torna-reale-materiali-imperfezioni-e-gerarchie-del-colore\\\/\"},\"wordCount\":1291,\"publisher\":{\"@id\":\"https:\\\/\\\/renneritalia.com\\\/#organization\"},\"image\":{\"@id\":\"https:\\\/\\\/renneritalia.com\\\/salone-2026-il-design-torna-reale-materiali-imperfezioni-e-gerarchie-del-colore\\\/#primaryimage\"},\"thumbnailUrl\":\"https:\\\/\\\/renneritalia.com\\\/wp-content\\\/uploads\\\/2026\\\/04\\\/salone26.webp\",\"articleSection\":[\"Renner Blog\"],\"inLanguage\":\"es\"},{\"@type\":\"WebPage\",\"@id\":\"https:\\\/\\\/renneritalia.com\\\/salone-2026-il-design-torna-reale-materiali-imperfezioni-e-gerarchie-del-colore\\\/\",\"url\":\"https:\\\/\\\/renneritalia.com\\\/salone-2026-il-design-torna-reale-materiali-imperfezioni-e-gerarchie-del-colore\\\/\",\"name\":\"Salone 2026: el dise\u00f1o vuelve a lo real \u2014 materiales, imperfecciones y jerarqu\u00edas del color - Renner Italia\",\"isPartOf\":{\"@id\":\"https:\\\/\\\/renneritalia.com\\\/#website\"},\"primaryImageOfPage\":{\"@id\":\"https:\\\/\\\/renneritalia.com\\\/salone-2026-il-design-torna-reale-materiali-imperfezioni-e-gerarchie-del-colore\\\/#primaryimage\"},\"image\":{\"@id\":\"https:\\\/\\\/renneritalia.com\\\/salone-2026-il-design-torna-reale-materiali-imperfezioni-e-gerarchie-del-colore\\\/#primaryimage\"},\"thumbnailUrl\":\"https:\\\/\\\/renneritalia.com\\\/wp-content\\\/uploads\\\/2026\\\/04\\\/salone26.webp\",\"datePublished\":\"2026-04-28T08:03:02+00:00\",\"dateModified\":\"2026-04-28T14:10:56+00:00\",\"breadcrumb\":{\"@id\":\"https:\\\/\\\/renneritalia.com\\\/salone-2026-il-design-torna-reale-materiali-imperfezioni-e-gerarchie-del-colore\\\/#breadcrumb\"},\"inLanguage\":\"es\",\"potentialAction\":[{\"@type\":\"ReadAction\",\"target\":[\"https:\\\/\\\/renneritalia.com\\\/salone-2026-il-design-torna-reale-materiali-imperfezioni-e-gerarchie-del-colore\\\/\"]}]},{\"@type\":\"ImageObject\",\"inLanguage\":\"es\",\"@id\":\"https:\\\/\\\/renneritalia.com\\\/salone-2026-il-design-torna-reale-materiali-imperfezioni-e-gerarchie-del-colore\\\/#primaryimage\",\"url\":\"https:\\\/\\\/renneritalia.com\\\/wp-content\\\/uploads\\\/2026\\\/04\\\/salone26.webp\",\"contentUrl\":\"https:\\\/\\\/renneritalia.com\\\/wp-content\\\/uploads\\\/2026\\\/04\\\/salone26.webp\",\"width\":1200,\"height\":900},{\"@type\":\"BreadcrumbList\",\"@id\":\"https:\\\/\\\/renneritalia.com\\\/salone-2026-il-design-torna-reale-materiali-imperfezioni-e-gerarchie-del-colore\\\/#breadcrumb\",\"itemListElement\":[{\"@type\":\"ListItem\",\"position\":1,\"name\":\"Home\",\"item\":\"https:\\\/\\\/renneritalia.com\\\/es\\\/\"},{\"@type\":\"ListItem\",\"position\":2,\"name\":\"Salone 2026: el dise\u00f1o vuelve a lo real \u2014 materiales, imperfecciones y jerarqu\u00edas del color\"}]},{\"@type\":\"WebSite\",\"@id\":\"https:\\\/\\\/renneritalia.com\\\/#website\",\"url\":\"https:\\\/\\\/renneritalia.com\\\/\",\"name\":\"Renner Italia\",\"description\":\"Le vernici per il legno\",\"publisher\":{\"@id\":\"https:\\\/\\\/renneritalia.com\\\/#organization\"},\"potentialAction\":[{\"@type\":\"SearchAction\",\"target\":{\"@type\":\"EntryPoint\",\"urlTemplate\":\"https:\\\/\\\/renneritalia.com\\\/?s={search_term_string}\"},\"query-input\":{\"@type\":\"PropertyValueSpecification\",\"valueRequired\":true,\"valueName\":\"search_term_string\"}}],\"inLanguage\":\"es\"},{\"@type\":\"Organization\",\"@id\":\"https:\\\/\\\/renneritalia.com\\\/#organization\",\"name\":\"Renner Italia\",\"url\":\"https:\\\/\\\/renneritalia.com\\\/\",\"logo\":{\"@type\":\"ImageObject\",\"inLanguage\":\"es\",\"@id\":\"https:\\\/\\\/renneritalia.com\\\/#\\\/schema\\\/logo\\\/image\\\/\",\"url\":\"https:\\\/\\\/renneritalia.com\\\/wp-content\\\/uploads\\\/2025\\\/03\\\/logo_renner_italia.svg\",\"contentUrl\":\"https:\\\/\\\/renneritalia.com\\\/wp-content\\\/uploads\\\/2025\\\/03\\\/logo_renner_italia.svg\",\"caption\":\"Renner Italia\"},\"image\":{\"@id\":\"https:\\\/\\\/renneritalia.com\\\/#\\\/schema\\\/logo\\\/image\\\/\"}},{\"@type\":\"Person\",\"@id\":\"https:\\\/\\\/renneritalia.com\\\/#\\\/schema\\\/person\\\/2b55983c242bb8bca0fc96b0953ee07a\",\"name\":\"Developer\",\"image\":{\"@type\":\"ImageObject\",\"inLanguage\":\"es\",\"@id\":\"https:\\\/\\\/secure.gravatar.com\\\/avatar\\\/75827445886b10456c49d0746eecca232159a239bd272d6e522b9ff49457f88d?s=96&d=mm&r=g\",\"url\":\"https:\\\/\\\/secure.gravatar.com\\\/avatar\\\/75827445886b10456c49d0746eecca232159a239bd272d6e522b9ff49457f88d?s=96&d=mm&r=g\",\"contentUrl\":\"https:\\\/\\\/secure.gravatar.com\\\/avatar\\\/75827445886b10456c49d0746eecca232159a239bd272d6e522b9ff49457f88d?s=96&d=mm&r=g\",\"caption\":\"Developer\"},\"url\":\"https:\\\/\\\/renneritalia.com\\\/es\\\/author\\\/marco-ruisi\\\/\"}]}<\/script>\n<!-- \/ Yoast SEO plugin. -->","yoast_head_json":{"title":"Salone 2026: el dise\u00f1o vuelve a lo real \u2014 materiales, imperfecciones y jerarqu\u00edas del color - Renner Italia","robots":{"index":"index","follow":"follow","max-snippet":"max-snippet:-1","max-image-preview":"max-image-preview:large","max-video-preview":"max-video-preview:-1"},"canonical":"https:\/\/renneritalia.com\/salone-2026-il-design-torna-reale-materiali-imperfezioni-e-gerarchie-del-colore\/","og_locale":"es_ES","og_type":"article","og_title":"Salone 2026: el dise\u00f1o vuelve a lo real \u2014 materiales, imperfecciones y jerarqu\u00edas del color - Renner Italia","og_description":"Salone 2026 marca un cambio de paradigma: el dise\u00f1o vuelve a la materia, a su autenticidad y a su capacidad de generar valor. Superficies imperfectas, maderas naturales y paletas sofisticadas expresan un nuevo equilibrio entre tecnolog\u00eda y dimensi\u00f3n humana. En este contexto, los recubrimientos evolucionan: de simples coberturas a herramientas de dise\u00f1o que interpretan y ponen en valor.","og_url":"https:\/\/renneritalia.com\/salone-2026-il-design-torna-reale-materiali-imperfezioni-e-gerarchie-del-colore\/","og_site_name":"Renner Italia","article_published_time":"2026-04-28T08:03:02+00:00","article_modified_time":"2026-04-28T14:10:56+00:00","og_image":[{"width":1200,"height":900,"url":"https:\/\/renneritalia.com\/wp-content\/uploads\/2026\/04\/salone26.webp","type":"image\/webp"}],"author":"Developer","twitter_card":"summary_large_image","twitter_misc":{"Escrito por":"Developer","Tiempo de lectura":"8 minutos"},"schema":{"@context":"https:\/\/schema.org","@graph":[{"@type":"Article","@id":"https:\/\/renneritalia.com\/salone-2026-il-design-torna-reale-materiali-imperfezioni-e-gerarchie-del-colore\/#article","isPartOf":{"@id":"https:\/\/renneritalia.com\/salone-2026-il-design-torna-reale-materiali-imperfezioni-e-gerarchie-del-colore\/"},"author":{"name":"Developer","@id":"https:\/\/renneritalia.com\/#\/schema\/person\/2b55983c242bb8bca0fc96b0953ee07a"},"headline":"Salone 2026: el dise\u00f1o vuelve a lo real \u2014 materiales, imperfecciones y jerarqu\u00edas del color","datePublished":"2026-04-28T08:03:02+00:00","dateModified":"2026-04-28T14:10:56+00:00","mainEntityOfPage":{"@id":"https:\/\/renneritalia.com\/salone-2026-il-design-torna-reale-materiali-imperfezioni-e-gerarchie-del-colore\/"},"wordCount":1291,"publisher":{"@id":"https:\/\/renneritalia.com\/#organization"},"image":{"@id":"https:\/\/renneritalia.com\/salone-2026-il-design-torna-reale-materiali-imperfezioni-e-gerarchie-del-colore\/#primaryimage"},"thumbnailUrl":"https:\/\/renneritalia.com\/wp-content\/uploads\/2026\/04\/salone26.webp","articleSection":["Renner Blog"],"inLanguage":"es"},{"@type":"WebPage","@id":"https:\/\/renneritalia.com\/salone-2026-il-design-torna-reale-materiali-imperfezioni-e-gerarchie-del-colore\/","url":"https:\/\/renneritalia.com\/salone-2026-il-design-torna-reale-materiali-imperfezioni-e-gerarchie-del-colore\/","name":"Salone 2026: el dise\u00f1o vuelve a lo real \u2014 materiales, imperfecciones y jerarqu\u00edas del color - Renner Italia","isPartOf":{"@id":"https:\/\/renneritalia.com\/#website"},"primaryImageOfPage":{"@id":"https:\/\/renneritalia.com\/salone-2026-il-design-torna-reale-materiali-imperfezioni-e-gerarchie-del-colore\/#primaryimage"},"image":{"@id":"https:\/\/renneritalia.com\/salone-2026-il-design-torna-reale-materiali-imperfezioni-e-gerarchie-del-colore\/#primaryimage"},"thumbnailUrl":"https:\/\/renneritalia.com\/wp-content\/uploads\/2026\/04\/salone26.webp","datePublished":"2026-04-28T08:03:02+00:00","dateModified":"2026-04-28T14:10:56+00:00","breadcrumb":{"@id":"https:\/\/renneritalia.com\/salone-2026-il-design-torna-reale-materiali-imperfezioni-e-gerarchie-del-colore\/#breadcrumb"},"inLanguage":"es","potentialAction":[{"@type":"ReadAction","target":["https:\/\/renneritalia.com\/salone-2026-il-design-torna-reale-materiali-imperfezioni-e-gerarchie-del-colore\/"]}]},{"@type":"ImageObject","inLanguage":"es","@id":"https:\/\/renneritalia.com\/salone-2026-il-design-torna-reale-materiali-imperfezioni-e-gerarchie-del-colore\/#primaryimage","url":"https:\/\/renneritalia.com\/wp-content\/uploads\/2026\/04\/salone26.webp","contentUrl":"https:\/\/renneritalia.com\/wp-content\/uploads\/2026\/04\/salone26.webp","width":1200,"height":900},{"@type":"BreadcrumbList","@id":"https:\/\/renneritalia.com\/salone-2026-il-design-torna-reale-materiali-imperfezioni-e-gerarchie-del-colore\/#breadcrumb","itemListElement":[{"@type":"ListItem","position":1,"name":"Home","item":"https:\/\/renneritalia.com\/es\/"},{"@type":"ListItem","position":2,"name":"Salone 2026: el dise\u00f1o vuelve a lo real \u2014 materiales, imperfecciones y jerarqu\u00edas del color"}]},{"@type":"WebSite","@id":"https:\/\/renneritalia.com\/#website","url":"https:\/\/renneritalia.com\/","name":"Renner Italia","description":"Le vernici per il legno","publisher":{"@id":"https:\/\/renneritalia.com\/#organization"},"potentialAction":[{"@type":"SearchAction","target":{"@type":"EntryPoint","urlTemplate":"https:\/\/renneritalia.com\/?s={search_term_string}"},"query-input":{"@type":"PropertyValueSpecification","valueRequired":true,"valueName":"search_term_string"}}],"inLanguage":"es"},{"@type":"Organization","@id":"https:\/\/renneritalia.com\/#organization","name":"Renner Italia","url":"https:\/\/renneritalia.com\/","logo":{"@type":"ImageObject","inLanguage":"es","@id":"https:\/\/renneritalia.com\/#\/schema\/logo\/image\/","url":"https:\/\/renneritalia.com\/wp-content\/uploads\/2025\/03\/logo_renner_italia.svg","contentUrl":"https:\/\/renneritalia.com\/wp-content\/uploads\/2025\/03\/logo_renner_italia.svg","caption":"Renner Italia"},"image":{"@id":"https:\/\/renneritalia.com\/#\/schema\/logo\/image\/"}},{"@type":"Person","@id":"https:\/\/renneritalia.com\/#\/schema\/person\/2b55983c242bb8bca0fc96b0953ee07a","name":"Developer","image":{"@type":"ImageObject","inLanguage":"es","@id":"https:\/\/secure.gravatar.com\/avatar\/75827445886b10456c49d0746eecca232159a239bd272d6e522b9ff49457f88d?s=96&d=mm&r=g","url":"https:\/\/secure.gravatar.com\/avatar\/75827445886b10456c49d0746eecca232159a239bd272d6e522b9ff49457f88d?s=96&d=mm&r=g","contentUrl":"https:\/\/secure.gravatar.com\/avatar\/75827445886b10456c49d0746eecca232159a239bd272d6e522b9ff49457f88d?s=96&d=mm&r=g","caption":"Developer"},"url":"https:\/\/renneritalia.com\/es\/author\/marco-ruisi\/"}]}},"_links":{"self":[{"href":"https:\/\/renneritalia.com\/es\/wp-json\/wp\/v2\/posts\/123863","targetHints":{"allow":["GET"]}}],"collection":[{"href":"https:\/\/renneritalia.com\/es\/wp-json\/wp\/v2\/posts"}],"about":[{"href":"https:\/\/renneritalia.com\/es\/wp-json\/wp\/v2\/types\/post"}],"author":[{"embeddable":true,"href":"https:\/\/renneritalia.com\/es\/wp-json\/wp\/v2\/users\/7"}],"replies":[{"embeddable":true,"href":"https:\/\/renneritalia.com\/es\/wp-json\/wp\/v2\/comments?post=123863"}],"version-history":[{"count":18,"href":"https:\/\/renneritalia.com\/es\/wp-json\/wp\/v2\/posts\/123863\/revisions"}],"predecessor-version":[{"id":123973,"href":"https:\/\/renneritalia.com\/es\/wp-json\/wp\/v2\/posts\/123863\/revisions\/123973"}],"wp:featuredmedia":[{"embeddable":true,"href":"https:\/\/renneritalia.com\/es\/wp-json\/wp\/v2\/media\/123914"}],"wp:attachment":[{"href":"https:\/\/renneritalia.com\/es\/wp-json\/wp\/v2\/media?parent=123863"}],"wp:term":[{"taxonomy":"category","embeddable":true,"href":"https:\/\/renneritalia.com\/es\/wp-json\/wp\/v2\/categories?post=123863"},{"taxonomy":"post_tag","embeddable":true,"href":"https:\/\/renneritalia.com\/es\/wp-json\/wp\/v2\/tags?post=123863"}],"curies":[{"name":"wp","href":"https:\/\/api.w.org\/{rel}","templated":true}]}}