{"id":97549,"date":"2024-02-09T15:00:47","date_gmt":"2024-02-09T14:00:47","guid":{"rendered":"https:\/\/renneritalia.com\/der-corriere-della-sera-ueber-die-viereinhalb-tage-woche-bei-renner-italia\/"},"modified":"2024-04-30T12:34:13","modified_gmt":"2024-04-30T10:34:13","slug":"der-corriere-della-sera-ueber-die-viereinhalb-tage-woche-bei-renner-italia","status":"publish","type":"post","link":"https:\/\/renneritalia.com\/de\/der-corriere-della-sera-ueber-die-viereinhalb-tage-woche-bei-renner-italia\/","title":{"rendered":"Der Corriere della Sera \u00fcber die Viereinhalb-Tage-Woche bei Renner Italia"},"content":{"rendered":"\t\t<div data-elementor-type=\"wp-post\" data-elementor-id=\"97549\" class=\"elementor elementor-97549 elementor-88295\" data-elementor-post-type=\"post\">\n\t\t\t\t\t\t<section class=\"has_eae_slider elementor-section elementor-top-section elementor-element elementor-element-2256959c elementor-section-boxed elementor-section-height-default elementor-section-height-default\" data-eae-slider=\"88171\" data-id=\"2256959c\" data-element_type=\"section\" data-e-type=\"section\" data-settings=\"{&quot;jet_parallax_layout_list&quot;:[]}\">\n\t\t\t\t\t\t<div class=\"elementor-container elementor-column-gap-default\">\n\t\t\t\t\t<div class=\"has_eae_slider elementor-column elementor-col-100 elementor-top-column elementor-element elementor-element-224268b7\" data-eae-slider=\"45024\" data-id=\"224268b7\" data-element_type=\"column\" data-e-type=\"column\">\n\t\t\t<div class=\"elementor-widget-wrap elementor-element-populated\">\n\t\t\t\t\t\t<div class=\"elementor-element elementor-element-65c2fb9b elementor-widget elementor-widget-text-editor\" data-id=\"65c2fb9b\" data-element_type=\"widget\" data-e-type=\"widget\" data-widget_type=\"text-editor.default\">\n\t\t\t\t<div class=\"elementor-widget-container\">\n\t\t\t\t\t\t\t\t\t<p><strong>Marco Madonia<\/strong> interviewt den Gesch\u00e4ftsf\u00fchrer Lindo Aldrovandi f\u00fcr den <a href=\"https:\/\/corrieredibologna.corriere.it\/notizie\/economia\/24_febbraio_09\/la-settimana-corta-alla-renner-venerdi-si-stacchera-alle-13-per-lavorare-meno-e-meglio-devi-assumere-noi-lo-facciamo-203b7556-b327-41bb-a915-ffc2b2f71xlk.shtml\">Corriere della Sera<\/a>, Ausgabe f\u00fcr Bologna.<\/p>\n\t\t\t\t\t\t\t\t<\/div>\n\t\t\t\t<\/div>\n\t\t\t\t<div class=\"elementor-element elementor-element-86154e9 elementor-blockquote--skin-border elementor-widget elementor-widget-blockquote\" data-id=\"86154e9\" data-element_type=\"widget\" data-e-type=\"widget\" data-widget_type=\"blockquote.default\">\n\t\t\t\t<div class=\"elementor-widget-container\">\n\t\t\t\t\t\t\t<blockquote class=\"elementor-blockquote\">\n\t\t\t<p class=\"elementor-blockquote__content\">\n\t\t\t\t<h2>Die Viereinhalb-Tage Woche bei Renner: \u201eFreitags ist um 13 Uhr Schluss. Um weniger und besser zu arbeiten, muss man Personal einstellen. Wir machen das\u201c<\/h2>\n<h3>Lindo Aldrovandi, Gesch\u00e4ftsf\u00fchrer des Unternehmens f\u00fcr Beschichtungen mit Firmensitz in Minerbio bei Bologna: \u201eIch war ein Arbeiter, der mit 51 entlassen wurde. Heute bin ich CEO eines Unternehmens mit einem Umsatz von 178 Millionen Euro, das Branchenf\u00fchrer ist.\u201c<\/h3>\n<p>Renner, das multinationale Unternehmen aus Minerbio im Taschenformat, in dem Holzbeschichtungen hergestellt werden, ist - nach Lamborghini - das zweite Unternehmen aus dem Gebiet um Bologna, das die Arbeitszeit bei gleichem Lohn reduziert. Ab Juni startet ein Experiment mit den Angestellten, bei dem innerhalb von zwei Jahren erreicht wird, dass sie freitags nur noch bis 13 Uhr arbeiten. Der neue Zusatzvertrag enth\u00e4lt mehrere Zuschl\u00e4ge: eine Produktionspr\u00e4mie von 1.700 Euro, eine Pr\u00e4mie f\u00fcr diejenigen, die freiwillig samstags arbeiten (100 Euro f\u00fcr einen halben Tag, 200 f\u00fcr eine ganze Schicht), Anwesenheitspr\u00e4mie, 700 Euro Welfare-Leistungen, Mensa und sogar die M\u00f6glichkeit, die Abfindung, die in Italien Arbeitnehmern bei Beendigung ihres Arbeitsverh\u00e4ltnisses zusteht, im Voraus ausbezahlt zu bekommen. Die Neuheit ist die verk\u00fcrzte Arbeitszeit: Ab Juni ist an einem Freitag pro Monat schon um 13 Uhr Schluss. Jedes halbe Jahr kommt ein weiterer Freitag dazu. Dadurch werden nach Ablauf der 2 Jahre jeden Freitag um 13 Uhr alle nach Hause gehen. \u201eDie Beispiele von Luxottica und Lamborghini haben uns zum Nachdenken gebracht und wir haben beschlossen, es auszuprobieren\u201c, sagt Lindo Aldrovandi, Gesch\u00e4ftsf\u00fchrer und Gr\u00fcnder des Unternehmens.<\/p>\n<p><b>Die Verk\u00fcrzung der Arbeitszeit ist eine Forderung, die eher von Ihnen kam als von den Gewerkschaften. Wie kam es dazu?<\/b><br>\u201eWir setzen alles daran, die Fertigung attraktiv zu gestalten - dieser Bereich ist f\u00fcr junge Menschen am wenigsten interessant. Heutzutage haben fast alle einen h\u00f6heren Schulabschluss und streben eine Karriere als Angestellter an - auch durch die herrschende Kultur und oft aufgrund der Erwartungen der Familien. Es ist, als w\u00e4re manuelle Arbeit weniger wert, aber das stimmt nicht.\u201c<\/p>\n<p><b>Wie viele Arbeiter haben Sie im Unternehmen?<\/b><br>\u201eWir haben etwa 370 Angestellte, 150 in der Produktion. Sie ist unser Mittelpunkt. Wir haben immer versucht, der Arbeit ihren Wert zu geben, in diesem Fall haben wir die Gelegenheit ergriffen und verk\u00fcrzen die Arbeitszeit. Das setzen wir nicht pl\u00f6tzlich um, sondern mit einer langen Testphase. In zwei Jahren werden wir jeden Freitagnachmittag zu Hause sein, bei gleichem Lohn, gleichem Urlaubsanspruch und gleichen zus\u00e4tzlichen freien Tagen.\u201c<\/p>\n<p><b>Und wie schaffen Sie es, Ihre Produktion zu garantieren?<\/b><br>\u201eGanz einfach: Wir stellen ein. Bis Jahresende werden in der Produktion 40 Neue sein. Zwanzig Personen arbeiten wir gerade ein, sieben kommen demn\u00e4chst und 13 werden wir noch ausw\u00e4hlen.\u201c<\/p>\n<p><b>Ende des Jahres haben Sie eine Kampagne auf den Socal Media und in den Zeitungen gestartet, um Personal zu finden. Wie ist sie gelaufen?<\/b><br>\u201eWir haben \u00fcber tausend Lebensl\u00e4ufe erhalten; wir sind f\u00f6rmlich bombardiert worden.\u201c<\/p>\n<p><b>Immerhin bereitet es Ihnen keine M\u00fche, Personal zu finden<\/b><br>\u201eUnser Einzugsgebiet umfasst Minerbio, Ferrara, alle kleinen Orte, in denen sich Renner im Laufe dieser 20 Jahre einen Namen gemacht hat.\u201c<\/p>\n<p><b>Sind Sie sicher, dass es sich lohnt, weniger zu arbeiten?<br><\/b>\u201eJa, eindeutig. Allen, die eine Runde durch die Fabrik drehen, ist das sofort klar. Wir denken, dass wir eine gro\u00dfe Familie sind, in der wir miteinander klarkommen und versuchen, dass es allen gut geht. Diese Kultur f\u00fchrt zu einer proaktiven Haltung.\u201c<\/p>\n<p><b>Stimmt es, dass eine Arbeitszeitverk\u00fcrzung nur in gro\u00dfen Firmen funktionieren kann?<\/b><br>\u201eNein, das stimmt nicht.\u201c<\/p>\n<p><b>Aber lohnt es sich?<br><\/b>\u201eWenn die Menschen weniger gestresst sind, leisten sie innerhalb ihrer Arbeitszeit mehr.\u201c<\/p>\n<p><b>Wie ist es Ihnen vor 20 Jahren gelungen, die Firma zu gr\u00fcnden?<\/b><br>\u201eDas war eine Idee zu einem dramatischen Zeitpunkt. Ich habe 1980 als Arbeiter in einer Firma in Pianoro begonnen, die in derselben Branche ist wie wir. Dort bin ich bis 2003 geblieben - 17 Jahre als Gesch\u00e4ftsf\u00fchrer.\u201c<\/p>\n<p><b>Vom Arbeiter zum CEO?<br><\/b>\u201eIch hatte Gl\u00fcck. Ich habe meinen Teil geleistet, der Rest kam von selbst.\u201c<\/p>\n<p><b>Und dann?<br><\/b>\u201eIm Juni 2003 wurde ich entlassen, weil die Firma an Amerikaner verkauft wurde. In 17 Jahren wechselte mein Chef 14 Mal. Jedes Mal musste man von vorne anfangen. Und doch sind wir enorm gewachsen, bis ich entlassen wurde.\u201c<\/p>\n<p><b>Und was ist dann geschehen?<br><\/b>\u201eDa sitzt man pl\u00f6tzlich da, mit 51 Jahren, ohne Arbeit und mit Frau und zwei Kindern zu Hause. Einige N\u00e4chte fiel es mir schwer, zu schlafen, dann habe ich mir \u00fcberlegt, wieder das zu machen, was ich immer gemacht habe. Und ich bin nach Brasilien geflogen.\u201c<\/p>\n<p><b>Warum?<br><\/b>\u201eIn Brasilien hatte der Gr\u00fcnder der Firma in Pianoro ein weiteres Unternehmen gegr\u00fcndet, an das wir Rezepturen verkauften und mit dem wir einen Konzessionsvertrag hatten. Dort kannten sie mich und ich habe mir \u00fcberlegt, die Kinder - drei Jungen - und die Brasilianer mit ins Boot zu holen. Ich brauchte Geld. 2004 haben wir 2,5 Millionen gemacht; wir waren 14 Leute. Die ersten drei Chemiker haben gek\u00fcndigt und sind zum Arbeiten zu mir nach Hause gekommen. Sie k\u00f6nnen sich vorstellen, was meine Frau und die Eltern dazu gesagt haben.\u201c<\/p>\n<p><b>Und jetzt?<br><\/b>\u201eSeit drei Jahren sind wir weltweit das umsatzst\u00e4rkste Unternehmen. Vergangenes Jahr haben wir 178 Millionen erwirtschaftet und haben 20 wegen der Sanktionen gegen Russland verloren.\u201c<\/p>\n<p><b>Welchen Einfluss hatte die Erfahrung der Entlassung auf Sie?<br><\/b>\u201eIch wei\u00df es nicht, ich sage nur, dass die Arbeit und die Menschen, die dahinter stehen, wichtiger sind als die Blechdose und der Lack. Andernfalls k\u00f6nnte ich mir nicht erkl\u00e4ren, warum unsere Gewinne immer h\u00f6her sind als die der Mitbewerber.\u201c<\/p>\n<p><b>Und was geschieht mit den Gewinnen?<br><\/b>\u201eSie wurden schon immer zu 60\u00a0% wieder ins Unternehmen investiert. Das wird auch die n\u00e4chsten vier Jahre so bleiben.\u201c<\/p>\t\t\t<\/p>\n\t\t\t\t\t\t\t<div class=\"e-q-footer\">\n\t\t\t\t\t\t\t\t\t\t\t<cite class=\"elementor-blockquote__author\">Marco Madonia<\/cite>\n\t\t\t\t\t\t\t\t\t\t\t\t\t\t<\/div>\n\t\t\t\t\t<\/blockquote>\n\t\t\t\t\t\t<\/div>\n\t\t\t\t<\/div>\n\t\t\t\t\t<\/div>\n\t\t<\/div>\n\t\t\t\t\t<\/div>\n\t\t<\/section>\n\t\t\t\t<section class=\"has_eae_slider elementor-section elementor-top-section elementor-element elementor-element-4cd4f2a elementor-section-boxed elementor-section-height-default elementor-section-height-default\" data-eae-slider=\"95652\" data-id=\"4cd4f2a\" data-element_type=\"section\" data-e-type=\"section\" data-settings=\"{&quot;jet_parallax_layout_list&quot;:[]}\">\n\t\t\t\t\t\t<div class=\"elementor-container elementor-column-gap-default\">\n\t\t\t\t\t<div class=\"has_eae_slider elementor-column elementor-col-100 elementor-top-column elementor-element elementor-element-b9f85f9\" data-eae-slider=\"67757\" data-id=\"b9f85f9\" data-element_type=\"column\" data-e-type=\"column\">\n\t\t\t<div class=\"elementor-widget-wrap elementor-element-populated\">\n\t\t\t\t\t\t<div class=\"elementor-element elementor-element-af0906b elementor-widget elementor-widget-gallery\" data-id=\"af0906b\" data-element_type=\"widget\" data-e-type=\"widget\" data-settings=\"{&quot;gallery_layout&quot;:&quot;masonry&quot;,&quot;columns&quot;:2,&quot;gap&quot;:{&quot;unit&quot;:&quot;px&quot;,&quot;size&quot;:30,&quot;sizes&quot;:[]},&quot;lazyload&quot;:&quot;yes&quot;,&quot;columns_tablet&quot;:2,&quot;columns_mobile&quot;:1,&quot;gap_tablet&quot;:{&quot;unit&quot;:&quot;px&quot;,&quot;size&quot;:10,&quot;sizes&quot;:[]},&quot;gap_mobile&quot;:{&quot;unit&quot;:&quot;px&quot;,&quot;size&quot;:10,&quot;sizes&quot;:[]},&quot;link_to&quot;:&quot;file&quot;,&quot;overlay_background&quot;:&quot;yes&quot;,&quot;content_hover_animation&quot;:&quot;fade-in&quot;}\" data-widget_type=\"gallery.default\">\n\t\t\t\t<div class=\"elementor-widget-container\">\n\t\t\t\t\t\t\t<div class=\"elementor-gallery__container\">\n\t\t\t\t\t\t\t<a class=\"e-gallery-item elementor-gallery-item elementor-animated-content\" href=\"https:\/\/renneritalia.com\/wp-content\/uploads\/2024\/02\/La_settimana_corta_alla_Renner_-_Venerdi_si_stacchera_alle_13._Per_lavorare_meno_e_meglio_devi_assumere_noi_lo_facciamo_-_Corriere_prima.png\" data-elementor-open-lightbox=\"yes\" data-elementor-lightbox-slideshow=\"af0906b\" data-elementor-lightbox-title=\"La_settimana_corta_alla_Renner_-_Venerdi_si_stacchera_alle_13._Per_lavorare_meno_e_meglio_devi_assumere_noi_lo_facciamo_-_Corriere_prima\" data-e-action-hash=\"#elementor-action%3Aaction%3Dlightbox%26settings%3DeyJpZCI6OTc1NTAsInVybCI6Imh0dHBzOlwvXC9yZW5uZXJpdGFsaWEuY29tXC93cC1jb250ZW50XC91cGxvYWRzXC8yMDI0XC8wMlwvTGFfc2V0dGltYW5hX2NvcnRhX2FsbGFfUmVubmVyXy1fVmVuZXJkaV9zaV9zdGFjY2hlcmFfYWxsZV8xMy5fUGVyX2xhdm9yYXJlX21lbm9fZV9tZWdsaW9fZGV2aV9hc3N1bWVyZV9ub2lfbG9fZmFjY2lhbW9fLV9Db3JyaWVyZV9wcmltYS5wbmciLCJzbGlkZXNob3ciOiJhZjA5MDZiIn0%3D\">\n\t\t\t\t\t<div class=\"e-gallery-image elementor-gallery-item__image\" data-thumbnail=\"https:\/\/renneritalia.com\/wp-content\/uploads\/2024\/02\/La_settimana_corta_alla_Renner_-_Venerdi_si_stacchera_alle_13._Per_lavorare_meno_e_meglio_devi_assumere_noi_lo_facciamo_-_Corriere_prima.png\" data-width=\"440\" data-height=\"500\" aria-label=\"\" role=\"img\" ><\/div>\n\t\t\t\t\t\t\t\t\t\t\t<div class=\"elementor-gallery-item__overlay\"><\/div>\n\t\t\t\t\t\t\t\t\t\t\t\t\t\t<\/a>\n\t\t\t\t\t\t\t<a class=\"e-gallery-item elementor-gallery-item elementor-animated-content\" href=\"https:\/\/renneritalia.com\/wp-content\/uploads\/2024\/02\/La_settimana_corta_alla_Renner_-_Venerdi_si_stacchera_alle_13._Per_lavorare_meno_e_meglio_devi_assumere_noi_lo_facciamo_-_Corriere.jpg\" data-elementor-open-lightbox=\"yes\" data-elementor-lightbox-slideshow=\"af0906b\" data-elementor-lightbox-title=\"La_settimana_corta_alla_Renner_-_Venerdi_si_stacchera_alle_13._Per_lavorare_meno_e_meglio_devi_assumere_noi_lo_facciamo_-_Corriere\" data-e-action-hash=\"#elementor-action%3Aaction%3Dlightbox%26settings%3DeyJpZCI6OTc1NTIsInVybCI6Imh0dHBzOlwvXC9yZW5uZXJpdGFsaWEuY29tXC93cC1jb250ZW50XC91cGxvYWRzXC8yMDI0XC8wMlwvTGFfc2V0dGltYW5hX2NvcnRhX2FsbGFfUmVubmVyXy1fVmVuZXJkaV9zaV9zdGFjY2hlcmFfYWxsZV8xMy5fUGVyX2xhdm9yYXJlX21lbm9fZV9tZWdsaW9fZGV2aV9hc3N1bWVyZV9ub2lfbG9fZmFjY2lhbW9fLV9Db3JyaWVyZS5qcGciLCJzbGlkZXNob3ciOiJhZjA5MDZiIn0%3D\">\n\t\t\t\t\t<div class=\"e-gallery-image elementor-gallery-item__image\" data-thumbnail=\"https:\/\/renneritalia.com\/wp-content\/uploads\/2024\/02\/La_settimana_corta_alla_Renner_-_Venerdi_si_stacchera_alle_13._Per_lavorare_meno_e_meglio_devi_assumere_noi_lo_facciamo_-_Corriere.jpg\" data-width=\"1039\" data-height=\"1036\" aria-label=\"\" role=\"img\" ><\/div>\n\t\t\t\t\t\t\t\t\t\t\t<div class=\"elementor-gallery-item__overlay\"><\/div>\n\t\t\t\t\t\t\t\t\t\t\t\t\t\t<\/a>\n\t\t\t\t\t<\/div>\n\t\t\t\t\t<\/div>\n\t\t\t\t<\/div>\n\t\t\t\t\t<\/div>\n\t\t<\/div>\n\t\t\t\t\t<\/div>\n\t\t<\/section>\n\t\t\t\t<\/div>\n\t\t","protected":false},"excerpt":{"rendered":"<p>Marco Madonia interviewt den Gesch\u00e4ftsf\u00fchrer Lindo Aldrovandi f\u00fcr den Corriere della Sera, Ausgabe f\u00fcr Bologna.<\/p>\n","protected":false},"author":7,"featured_media":97551,"comment_status":"closed","ping_status":"closed","sticky":false,"template":"","format":"standard","meta":{"footnotes":""},"categories":[3300],"tags":[],"class_list":["post-97549","post","type-post","status-publish","format-standard","has-post-thumbnail","hentry","category-pressespiegel"],"yoast_head":"<!-- This site is optimized with the Yoast SEO plugin v27.5 - https:\/\/yoast.com\/product\/yoast-seo-wordpress\/ -->\n<title>Der Corriere della Sera \u00fcber die Viereinhalb-Tage-Woche bei Renner Italia - Renner Italia<\/title>\n<meta name=\"robots\" content=\"index, follow, max-snippet:-1, max-image-preview:large, max-video-preview:-1\" \/>\n<link rel=\"canonical\" href=\"https:\/\/renneritalia.com\/de\/der-corriere-della-sera-ueber-die-viereinhalb-tage-woche-bei-renner-italia\/\" \/>\n<meta property=\"og:locale\" content=\"de_DE\" \/>\n<meta property=\"og:type\" content=\"article\" \/>\n<meta property=\"og:title\" content=\"Der Corriere della Sera \u00fcber die Viereinhalb-Tage-Woche bei Renner Italia - Renner Italia\" \/>\n<meta property=\"og:description\" content=\"Marco Madonia interviewt den Gesch\u00e4ftsf\u00fchrer Lindo Aldrovandi f\u00fcr den Corriere della Sera, Ausgabe f\u00fcr Bologna.\" \/>\n<meta property=\"og:url\" content=\"https:\/\/renneritalia.com\/de\/der-corriere-della-sera-ueber-die-viereinhalb-tage-woche-bei-renner-italia\/\" \/>\n<meta property=\"og:site_name\" content=\"Renner Italia\" \/>\n<meta property=\"article:published_time\" content=\"2024-02-09T14:00:47+00:00\" \/>\n<meta property=\"article:modified_time\" content=\"2024-04-30T10:34:13+00:00\" \/>\n<meta property=\"og:image\" content=\"https:\/\/renneritalia.com\/wp-content\/uploads\/2024\/02\/La-settimana-corta-alla-Renner.jpg\" \/>\n\t<meta property=\"og:image:width\" content=\"1200\" \/>\n\t<meta property=\"og:image:height\" content=\"800\" \/>\n\t<meta property=\"og:image:type\" content=\"image\/jpeg\" \/>\n<meta name=\"author\" content=\"Developer\" \/>\n<meta name=\"twitter:card\" content=\"summary_large_image\" \/>\n<meta name=\"twitter:label1\" content=\"Verfasst von\" \/>\n\t<meta name=\"twitter:data1\" content=\"Developer\" \/>\n\t<meta name=\"twitter:label2\" content=\"Gesch\u00e4tzte Lesezeit\" \/>\n\t<meta name=\"twitter:data2\" content=\"5\u00a0Minuten\" \/>\n<script type=\"application\/ld+json\" class=\"yoast-schema-graph\">{\"@context\":\"https:\\\/\\\/schema.org\",\"@graph\":[{\"@type\":\"Article\",\"@id\":\"https:\\\/\\\/renneritalia.com\\\/de\\\/der-corriere-della-sera-ueber-die-viereinhalb-tage-woche-bei-renner-italia\\\/#article\",\"isPartOf\":{\"@id\":\"https:\\\/\\\/renneritalia.com\\\/de\\\/der-corriere-della-sera-ueber-die-viereinhalb-tage-woche-bei-renner-italia\\\/\"},\"author\":{\"name\":\"Developer\",\"@id\":\"https:\\\/\\\/renneritalia.com\\\/#\\\/schema\\\/person\\\/2b55983c242bb8bca0fc96b0953ee07a\"},\"headline\":\"Der Corriere della Sera \u00fcber die Viereinhalb-Tage-Woche bei Renner Italia\",\"datePublished\":\"2024-02-09T14:00:47+00:00\",\"dateModified\":\"2024-04-30T10:34:13+00:00\",\"mainEntityOfPage\":{\"@id\":\"https:\\\/\\\/renneritalia.com\\\/de\\\/der-corriere-della-sera-ueber-die-viereinhalb-tage-woche-bei-renner-italia\\\/\"},\"wordCount\":977,\"publisher\":{\"@id\":\"https:\\\/\\\/renneritalia.com\\\/#organization\"},\"image\":{\"@id\":\"https:\\\/\\\/renneritalia.com\\\/de\\\/der-corriere-della-sera-ueber-die-viereinhalb-tage-woche-bei-renner-italia\\\/#primaryimage\"},\"thumbnailUrl\":\"https:\\\/\\\/renneritalia.com\\\/wp-content\\\/uploads\\\/2024\\\/02\\\/La-settimana-corta-alla-Renner.jpg\",\"articleSection\":[\"Pressespiegel\"],\"inLanguage\":\"de\"},{\"@type\":\"WebPage\",\"@id\":\"https:\\\/\\\/renneritalia.com\\\/de\\\/der-corriere-della-sera-ueber-die-viereinhalb-tage-woche-bei-renner-italia\\\/\",\"url\":\"https:\\\/\\\/renneritalia.com\\\/de\\\/der-corriere-della-sera-ueber-die-viereinhalb-tage-woche-bei-renner-italia\\\/\",\"name\":\"Der Corriere della Sera \u00fcber die Viereinhalb-Tage-Woche bei Renner Italia - Renner Italia\",\"isPartOf\":{\"@id\":\"https:\\\/\\\/renneritalia.com\\\/#website\"},\"primaryImageOfPage\":{\"@id\":\"https:\\\/\\\/renneritalia.com\\\/de\\\/der-corriere-della-sera-ueber-die-viereinhalb-tage-woche-bei-renner-italia\\\/#primaryimage\"},\"image\":{\"@id\":\"https:\\\/\\\/renneritalia.com\\\/de\\\/der-corriere-della-sera-ueber-die-viereinhalb-tage-woche-bei-renner-italia\\\/#primaryimage\"},\"thumbnailUrl\":\"https:\\\/\\\/renneritalia.com\\\/wp-content\\\/uploads\\\/2024\\\/02\\\/La-settimana-corta-alla-Renner.jpg\",\"datePublished\":\"2024-02-09T14:00:47+00:00\",\"dateModified\":\"2024-04-30T10:34:13+00:00\",\"breadcrumb\":{\"@id\":\"https:\\\/\\\/renneritalia.com\\\/de\\\/der-corriere-della-sera-ueber-die-viereinhalb-tage-woche-bei-renner-italia\\\/#breadcrumb\"},\"inLanguage\":\"de\",\"potentialAction\":[{\"@type\":\"ReadAction\",\"target\":[\"https:\\\/\\\/renneritalia.com\\\/de\\\/der-corriere-della-sera-ueber-die-viereinhalb-tage-woche-bei-renner-italia\\\/\"]}]},{\"@type\":\"ImageObject\",\"inLanguage\":\"de\",\"@id\":\"https:\\\/\\\/renneritalia.com\\\/de\\\/der-corriere-della-sera-ueber-die-viereinhalb-tage-woche-bei-renner-italia\\\/#primaryimage\",\"url\":\"https:\\\/\\\/renneritalia.com\\\/wp-content\\\/uploads\\\/2024\\\/02\\\/La-settimana-corta-alla-Renner.jpg\",\"contentUrl\":\"https:\\\/\\\/renneritalia.com\\\/wp-content\\\/uploads\\\/2024\\\/02\\\/La-settimana-corta-alla-Renner.jpg\",\"width\":1200,\"height\":800},{\"@type\":\"BreadcrumbList\",\"@id\":\"https:\\\/\\\/renneritalia.com\\\/de\\\/der-corriere-della-sera-ueber-die-viereinhalb-tage-woche-bei-renner-italia\\\/#breadcrumb\",\"itemListElement\":[{\"@type\":\"ListItem\",\"position\":1,\"name\":\"Home\",\"item\":\"https:\\\/\\\/renneritalia.com\\\/de\\\/\"},{\"@type\":\"ListItem\",\"position\":2,\"name\":\"Der Corriere della Sera \u00fcber die Viereinhalb-Tage-Woche bei Renner Italia\"}]},{\"@type\":\"WebSite\",\"@id\":\"https:\\\/\\\/renneritalia.com\\\/#website\",\"url\":\"https:\\\/\\\/renneritalia.com\\\/\",\"name\":\"Renner Italia\",\"description\":\"Coatings\",\"publisher\":{\"@id\":\"https:\\\/\\\/renneritalia.com\\\/#organization\"},\"potentialAction\":[{\"@type\":\"SearchAction\",\"target\":{\"@type\":\"EntryPoint\",\"urlTemplate\":\"https:\\\/\\\/renneritalia.com\\\/?s={search_term_string}\"},\"query-input\":{\"@type\":\"PropertyValueSpecification\",\"valueRequired\":true,\"valueName\":\"search_term_string\"}}],\"inLanguage\":\"de\"},{\"@type\":\"Organization\",\"@id\":\"https:\\\/\\\/renneritalia.com\\\/#organization\",\"name\":\"Renner Italia\",\"url\":\"https:\\\/\\\/renneritalia.com\\\/\",\"logo\":{\"@type\":\"ImageObject\",\"inLanguage\":\"de\",\"@id\":\"https:\\\/\\\/renneritalia.com\\\/#\\\/schema\\\/logo\\\/image\\\/\",\"url\":\"https:\\\/\\\/renneritalia.com\\\/wp-content\\\/uploads\\\/2025\\\/03\\\/logo_renner_italia.svg\",\"contentUrl\":\"https:\\\/\\\/renneritalia.com\\\/wp-content\\\/uploads\\\/2025\\\/03\\\/logo_renner_italia.svg\",\"caption\":\"Renner Italia\"},\"image\":{\"@id\":\"https:\\\/\\\/renneritalia.com\\\/#\\\/schema\\\/logo\\\/image\\\/\"}},{\"@type\":\"Person\",\"@id\":\"https:\\\/\\\/renneritalia.com\\\/#\\\/schema\\\/person\\\/2b55983c242bb8bca0fc96b0953ee07a\",\"name\":\"Developer\",\"image\":{\"@type\":\"ImageObject\",\"inLanguage\":\"de\",\"@id\":\"https:\\\/\\\/secure.gravatar.com\\\/avatar\\\/75827445886b10456c49d0746eecca232159a239bd272d6e522b9ff49457f88d?s=96&d=mm&r=g\",\"url\":\"https:\\\/\\\/secure.gravatar.com\\\/avatar\\\/75827445886b10456c49d0746eecca232159a239bd272d6e522b9ff49457f88d?s=96&d=mm&r=g\",\"contentUrl\":\"https:\\\/\\\/secure.gravatar.com\\\/avatar\\\/75827445886b10456c49d0746eecca232159a239bd272d6e522b9ff49457f88d?s=96&d=mm&r=g\",\"caption\":\"Developer\"},\"url\":\"https:\\\/\\\/renneritalia.com\\\/de\\\/author\\\/marco-ruisi\\\/\"}]}<\/script>\n<!-- \/ Yoast SEO plugin. -->","yoast_head_json":{"title":"Der Corriere della Sera \u00fcber die Viereinhalb-Tage-Woche bei Renner Italia - Renner Italia","robots":{"index":"index","follow":"follow","max-snippet":"max-snippet:-1","max-image-preview":"max-image-preview:large","max-video-preview":"max-video-preview:-1"},"canonical":"https:\/\/renneritalia.com\/de\/der-corriere-della-sera-ueber-die-viereinhalb-tage-woche-bei-renner-italia\/","og_locale":"de_DE","og_type":"article","og_title":"Der Corriere della Sera \u00fcber die Viereinhalb-Tage-Woche bei Renner Italia - Renner Italia","og_description":"Marco Madonia interviewt den Gesch\u00e4ftsf\u00fchrer Lindo Aldrovandi f\u00fcr den Corriere della Sera, Ausgabe f\u00fcr Bologna.","og_url":"https:\/\/renneritalia.com\/de\/der-corriere-della-sera-ueber-die-viereinhalb-tage-woche-bei-renner-italia\/","og_site_name":"Renner Italia","article_published_time":"2024-02-09T14:00:47+00:00","article_modified_time":"2024-04-30T10:34:13+00:00","og_image":[{"width":1200,"height":800,"url":"https:\/\/renneritalia.com\/wp-content\/uploads\/2024\/02\/La-settimana-corta-alla-Renner.jpg","type":"image\/jpeg"}],"author":"Developer","twitter_card":"summary_large_image","twitter_misc":{"Verfasst von":"Developer","Gesch\u00e4tzte Lesezeit":"5\u00a0Minuten"},"schema":{"@context":"https:\/\/schema.org","@graph":[{"@type":"Article","@id":"https:\/\/renneritalia.com\/de\/der-corriere-della-sera-ueber-die-viereinhalb-tage-woche-bei-renner-italia\/#article","isPartOf":{"@id":"https:\/\/renneritalia.com\/de\/der-corriere-della-sera-ueber-die-viereinhalb-tage-woche-bei-renner-italia\/"},"author":{"name":"Developer","@id":"https:\/\/renneritalia.com\/#\/schema\/person\/2b55983c242bb8bca0fc96b0953ee07a"},"headline":"Der Corriere della Sera \u00fcber die Viereinhalb-Tage-Woche bei Renner Italia","datePublished":"2024-02-09T14:00:47+00:00","dateModified":"2024-04-30T10:34:13+00:00","mainEntityOfPage":{"@id":"https:\/\/renneritalia.com\/de\/der-corriere-della-sera-ueber-die-viereinhalb-tage-woche-bei-renner-italia\/"},"wordCount":977,"publisher":{"@id":"https:\/\/renneritalia.com\/#organization"},"image":{"@id":"https:\/\/renneritalia.com\/de\/der-corriere-della-sera-ueber-die-viereinhalb-tage-woche-bei-renner-italia\/#primaryimage"},"thumbnailUrl":"https:\/\/renneritalia.com\/wp-content\/uploads\/2024\/02\/La-settimana-corta-alla-Renner.jpg","articleSection":["Pressespiegel"],"inLanguage":"de"},{"@type":"WebPage","@id":"https:\/\/renneritalia.com\/de\/der-corriere-della-sera-ueber-die-viereinhalb-tage-woche-bei-renner-italia\/","url":"https:\/\/renneritalia.com\/de\/der-corriere-della-sera-ueber-die-viereinhalb-tage-woche-bei-renner-italia\/","name":"Der Corriere della Sera \u00fcber die Viereinhalb-Tage-Woche bei Renner Italia - Renner Italia","isPartOf":{"@id":"https:\/\/renneritalia.com\/#website"},"primaryImageOfPage":{"@id":"https:\/\/renneritalia.com\/de\/der-corriere-della-sera-ueber-die-viereinhalb-tage-woche-bei-renner-italia\/#primaryimage"},"image":{"@id":"https:\/\/renneritalia.com\/de\/der-corriere-della-sera-ueber-die-viereinhalb-tage-woche-bei-renner-italia\/#primaryimage"},"thumbnailUrl":"https:\/\/renneritalia.com\/wp-content\/uploads\/2024\/02\/La-settimana-corta-alla-Renner.jpg","datePublished":"2024-02-09T14:00:47+00:00","dateModified":"2024-04-30T10:34:13+00:00","breadcrumb":{"@id":"https:\/\/renneritalia.com\/de\/der-corriere-della-sera-ueber-die-viereinhalb-tage-woche-bei-renner-italia\/#breadcrumb"},"inLanguage":"de","potentialAction":[{"@type":"ReadAction","target":["https:\/\/renneritalia.com\/de\/der-corriere-della-sera-ueber-die-viereinhalb-tage-woche-bei-renner-italia\/"]}]},{"@type":"ImageObject","inLanguage":"de","@id":"https:\/\/renneritalia.com\/de\/der-corriere-della-sera-ueber-die-viereinhalb-tage-woche-bei-renner-italia\/#primaryimage","url":"https:\/\/renneritalia.com\/wp-content\/uploads\/2024\/02\/La-settimana-corta-alla-Renner.jpg","contentUrl":"https:\/\/renneritalia.com\/wp-content\/uploads\/2024\/02\/La-settimana-corta-alla-Renner.jpg","width":1200,"height":800},{"@type":"BreadcrumbList","@id":"https:\/\/renneritalia.com\/de\/der-corriere-della-sera-ueber-die-viereinhalb-tage-woche-bei-renner-italia\/#breadcrumb","itemListElement":[{"@type":"ListItem","position":1,"name":"Home","item":"https:\/\/renneritalia.com\/de\/"},{"@type":"ListItem","position":2,"name":"Der Corriere della Sera \u00fcber die Viereinhalb-Tage-Woche bei Renner Italia"}]},{"@type":"WebSite","@id":"https:\/\/renneritalia.com\/#website","url":"https:\/\/renneritalia.com\/","name":"Renner Italia","description":"Coatings","publisher":{"@id":"https:\/\/renneritalia.com\/#organization"},"potentialAction":[{"@type":"SearchAction","target":{"@type":"EntryPoint","urlTemplate":"https:\/\/renneritalia.com\/?s={search_term_string}"},"query-input":{"@type":"PropertyValueSpecification","valueRequired":true,"valueName":"search_term_string"}}],"inLanguage":"de"},{"@type":"Organization","@id":"https:\/\/renneritalia.com\/#organization","name":"Renner Italia","url":"https:\/\/renneritalia.com\/","logo":{"@type":"ImageObject","inLanguage":"de","@id":"https:\/\/renneritalia.com\/#\/schema\/logo\/image\/","url":"https:\/\/renneritalia.com\/wp-content\/uploads\/2025\/03\/logo_renner_italia.svg","contentUrl":"https:\/\/renneritalia.com\/wp-content\/uploads\/2025\/03\/logo_renner_italia.svg","caption":"Renner Italia"},"image":{"@id":"https:\/\/renneritalia.com\/#\/schema\/logo\/image\/"}},{"@type":"Person","@id":"https:\/\/renneritalia.com\/#\/schema\/person\/2b55983c242bb8bca0fc96b0953ee07a","name":"Developer","image":{"@type":"ImageObject","inLanguage":"de","@id":"https:\/\/secure.gravatar.com\/avatar\/75827445886b10456c49d0746eecca232159a239bd272d6e522b9ff49457f88d?s=96&d=mm&r=g","url":"https:\/\/secure.gravatar.com\/avatar\/75827445886b10456c49d0746eecca232159a239bd272d6e522b9ff49457f88d?s=96&d=mm&r=g","contentUrl":"https:\/\/secure.gravatar.com\/avatar\/75827445886b10456c49d0746eecca232159a239bd272d6e522b9ff49457f88d?s=96&d=mm&r=g","caption":"Developer"},"url":"https:\/\/renneritalia.com\/de\/author\/marco-ruisi\/"}]}},"_links":{"self":[{"href":"https:\/\/renneritalia.com\/de\/wp-json\/wp\/v2\/posts\/97549","targetHints":{"allow":["GET"]}}],"collection":[{"href":"https:\/\/renneritalia.com\/de\/wp-json\/wp\/v2\/posts"}],"about":[{"href":"https:\/\/renneritalia.com\/de\/wp-json\/wp\/v2\/types\/post"}],"author":[{"embeddable":true,"href":"https:\/\/renneritalia.com\/de\/wp-json\/wp\/v2\/users\/7"}],"replies":[{"embeddable":true,"href":"https:\/\/renneritalia.com\/de\/wp-json\/wp\/v2\/comments?post=97549"}],"version-history":[{"count":4,"href":"https:\/\/renneritalia.com\/de\/wp-json\/wp\/v2\/posts\/97549\/revisions"}],"predecessor-version":[{"id":97572,"href":"https:\/\/renneritalia.com\/de\/wp-json\/wp\/v2\/posts\/97549\/revisions\/97572"}],"wp:featuredmedia":[{"embeddable":true,"href":"https:\/\/renneritalia.com\/de\/wp-json\/wp\/v2\/media\/97551"}],"wp:attachment":[{"href":"https:\/\/renneritalia.com\/de\/wp-json\/wp\/v2\/media?parent=97549"}],"wp:term":[{"taxonomy":"category","embeddable":true,"href":"https:\/\/renneritalia.com\/de\/wp-json\/wp\/v2\/categories?post=97549"},{"taxonomy":"post_tag","embeddable":true,"href":"https:\/\/renneritalia.com\/de\/wp-json\/wp\/v2\/tags?post=97549"}],"curies":[{"name":"wp","href":"https:\/\/api.w.org\/{rel}","templated":true}]}}