{"id":96436,"date":"2024-04-23T12:59:09","date_gmt":"2024-04-23T10:59:09","guid":{"rendered":"https:\/\/renneritalia.com\/salone-del-mobile-2024-il-mattone-soppianta-il-marmo\/"},"modified":"2024-05-22T15:33:04","modified_gmt":"2024-05-22T13:33:04","slug":"salone-del-mobile-2024-il-mattone-soppianta-il-marmo","status":"publish","type":"post","link":"https:\/\/renneritalia.com\/de\/salone-del-mobile-2024-il-mattone-soppianta-il-marmo\/","title":{"rendered":"Salone del Mobile 2024, Ziegelstein ersetzt Marmor"},"content":{"rendered":"\t\t<div data-elementor-type=\"wp-post\" data-elementor-id=\"96436\" class=\"elementor elementor-96436 elementor-96344\" data-elementor-post-type=\"post\">\n\t\t\t\t<div class=\"has_eae_slider elementor-element elementor-element-6d1e124 e-flex e-con-boxed e-con e-parent\" data-eae-slider=\"65087\" data-id=\"6d1e124\" data-element_type=\"container\" data-e-type=\"container\" data-settings=\"{&quot;jet_parallax_layout_list&quot;:[]}\">\n\t\t\t\t\t<div class=\"e-con-inner\">\n\t\t<div class=\"has_eae_slider elementor-element elementor-element-cd198e3 e-flex e-con-boxed e-con e-child\" data-eae-slider=\"97679\" data-id=\"cd198e3\" data-element_type=\"container\" data-e-type=\"container\" data-settings=\"{&quot;jet_parallax_layout_list&quot;:[]}\">\n\t\t\t\t\t<div class=\"e-con-inner\">\n\t\t<div class=\"has_eae_slider elementor-element elementor-element-4a22a5d e-con-full e-flex e-con e-child\" data-eae-slider=\"53681\" data-id=\"4a22a5d\" data-element_type=\"container\" data-e-type=\"container\" data-settings=\"{&quot;background_background&quot;:&quot;classic&quot;,&quot;jet_parallax_layout_list&quot;:[]}\">\n\t\t\t\t<div class=\"elementor-element elementor-element-3bfe4e0 elementor-widget elementor-widget-spacer\" data-id=\"3bfe4e0\" data-element_type=\"widget\" data-e-type=\"widget\" data-widget_type=\"spacer.default\">\n\t\t\t\t<div class=\"elementor-widget-container\">\n\t\t\t\t\t\t\t<div class=\"elementor-spacer\">\n\t\t\t<div class=\"elementor-spacer-inner\"><\/div>\n\t\t<\/div>\n\t\t\t\t\t\t<\/div>\n\t\t\t\t<\/div>\n\t\t\t\t<\/div>\n\t\t<div class=\"has_eae_slider elementor-element elementor-element-5e6ccac e-flex e-con-boxed e-con e-child\" data-eae-slider=\"20291\" data-id=\"5e6ccac\" data-element_type=\"container\" data-e-type=\"container\" data-settings=\"{&quot;jet_parallax_layout_list&quot;:[]}\">\n\t\t\t\t\t<div class=\"e-con-inner\">\n\t\t\t\t<div class=\"elementor-element elementor-element-e9c1e9f elementor-widget elementor-widget-text-editor\" data-id=\"e9c1e9f\" data-element_type=\"widget\" data-e-type=\"widget\" data-widget_type=\"text-editor.default\">\n\t\t\t\t<div class=\"elementor-widget-container\">\n\t\t\t\t\t\t\t\t\t<p>Eine Vielzahl von Besuchern hat der <a href=\"https:\/\/www.salonemilano.it\/it\" target=\"_blank\" rel=\"noopener\">Mail\u00e4nder M\u00f6belmesse<\/a> wieder zu ihrem fr\u00fcheren Glanz verholfen. Die 62. Ausgabe, die letzte Woche stattfand, verzeichnete einen Anstieg der Besucherzahlen um 17% im Vergleich zu 2023. In absoluten Zahlen wurden 361.417 Eintrittskarten rund um Rho Fiera verkauft. Das ist nicht weit entfernt vom Rekord von 2018 (434.000 Coupons). Was die Veranstalter betrifft, so kamen 65,8% aus dem Ausland. Hervorzuheben ist die gro\u00dfe R\u00fcckkehr Chinas, gefolgt von Deutschland, Spanien, Brasilien, Frankreich und den Vereinigten Staaten.   <\/p>\n\t\t\t\t\t\t\t\t<\/div>\n\t\t\t\t<\/div>\n\t\t\t\t\t<\/div>\n\t\t\t\t<\/div>\n\t\t\t\t\t<\/div>\n\t\t\t\t<\/div>\n\t\t\t\t<div class=\"elementor-element elementor-element-8244e88 elementor-widget elementor-widget-image\" data-id=\"8244e88\" data-element_type=\"widget\" data-e-type=\"widget\" data-widget_type=\"image.default\">\n\t\t\t\t<div class=\"elementor-widget-container\">\n\t\t\t\t\t\t\t\t\t\t\t\t\t\t\t<img fetchpriority=\"high\" decoding=\"async\" width=\"1024\" height=\"1024\" src=\"https:\/\/renneritalia.com\/wp-content\/uploads\/2024\/04\/moodboard.jpg\" class=\"attachment-full size-full wp-image-96426\" alt=\"\" srcset=\"https:\/\/renneritalia.com\/wp-content\/uploads\/2024\/04\/moodboard.jpg 1024w, https:\/\/renneritalia.com\/wp-content\/uploads\/2024\/04\/moodboard-300x300.jpg 300w, https:\/\/renneritalia.com\/wp-content\/uploads\/2024\/04\/moodboard-150x150.jpg 150w, https:\/\/renneritalia.com\/wp-content\/uploads\/2024\/04\/moodboard-768x768.jpg 768w\" sizes=\"(max-width: 1024px) 100vw, 1024px\" \/>\t\t\t\t\t\t\t\t\t\t\t\t\t\t\t<\/div>\n\t\t\t\t<\/div>\n\t\t\t\t<div class=\"elementor-element elementor-element-ddb24c8 elementor-widget elementor-widget-heading\" data-id=\"ddb24c8\" data-element_type=\"widget\" data-e-type=\"widget\" data-widget_type=\"heading.default\">\n\t\t\t\t<div class=\"elementor-widget-container\">\n\t\t\t\t\t<h4 class=\"elementor-heading-title elementor-size-default\">Die Palette<\/h4>\t\t\t\t<\/div>\n\t\t\t\t<\/div>\n\t\t\t\t<div class=\"elementor-element elementor-element-19513eb elementor-widget elementor-widget-text-editor\" data-id=\"19513eb\" data-element_type=\"widget\" data-e-type=\"widget\" data-widget_type=\"text-editor.default\">\n\t\t\t\t<div class=\"elementor-widget-container\">\n\t\t\t\t\t\t\t\t\t<p>Die Protagonisten der Ausgabe 2024 waren die warmen Erdt\u00f6ne. Ziegel- und Oxidrot machen den L\u00f6wenanteil aus. Im Schlepptau folgen Rost und Ocker. Nuancen, die wir auf vielen Oberfl\u00e4chen finden, sowohl bei Innen- als auch bei Au\u00dfenm\u00f6beln, vor allem in gl\u00e4nzenden Versionen. Die Designer haben sich auf Kombinationen mit v\u00f6llig matten Naturt\u00f6nen eingelassen. Wir verweisen insbesondere auf Eiche, Esche und Canaletto-Nussbaum.     <\/p>\n\t\t\t\t\t\t\t\t<\/div>\n\t\t\t\t<\/div>\n\t\t\t\t<div class=\"elementor-element elementor-element-bd3dc2c elementor-widget elementor-widget-gallery\" data-id=\"bd3dc2c\" data-element_type=\"widget\" data-e-type=\"widget\" data-settings=\"{&quot;columns&quot;:3,&quot;lazyload&quot;:&quot;yes&quot;,&quot;gallery_layout&quot;:&quot;grid&quot;,&quot;columns_tablet&quot;:2,&quot;columns_mobile&quot;:1,&quot;gap&quot;:{&quot;unit&quot;:&quot;px&quot;,&quot;size&quot;:10,&quot;sizes&quot;:[]},&quot;gap_tablet&quot;:{&quot;unit&quot;:&quot;px&quot;,&quot;size&quot;:10,&quot;sizes&quot;:[]},&quot;gap_mobile&quot;:{&quot;unit&quot;:&quot;px&quot;,&quot;size&quot;:10,&quot;sizes&quot;:[]},&quot;link_to&quot;:&quot;file&quot;,&quot;aspect_ratio&quot;:&quot;3:2&quot;,&quot;overlay_background&quot;:&quot;yes&quot;,&quot;content_hover_animation&quot;:&quot;fade-in&quot;}\" data-widget_type=\"gallery.default\">\n\t\t\t\t<div class=\"elementor-widget-container\">\n\t\t\t\t\t\t\t<div class=\"elementor-gallery__container\">\n\t\t\t\t\t\t\t<a class=\"e-gallery-item elementor-gallery-item elementor-animated-content\" href=\"https:\/\/renneritalia.com\/wp-content\/uploads\/2024\/04\/FOTO-2.webp\" data-elementor-open-lightbox=\"yes\" data-elementor-lightbox-slideshow=\"bd3dc2c\" data-elementor-lightbox-title=\"FOTO 2\" data-e-action-hash=\"#elementor-action%3Aaction%3Dlightbox%26settings%3DeyJpZCI6OTYzNjksInVybCI6Imh0dHBzOlwvXC9yZW5uZXJpdGFsaWEuY29tXC93cC1jb250ZW50XC91cGxvYWRzXC8yMDI0XC8wNFwvRk9UTy0yLndlYnAiLCJzbGlkZXNob3ciOiJiZDNkYzJjIn0%3D\">\n\t\t\t\t\t<div class=\"e-gallery-image elementor-gallery-item__image\" data-thumbnail=\"https:\/\/renneritalia.com\/wp-content\/uploads\/2024\/04\/FOTO-2.webp\" data-width=\"1024\" data-height=\"1024\" aria-label=\"\" role=\"img\" ><\/div>\n\t\t\t\t\t\t\t\t\t\t\t<div class=\"elementor-gallery-item__overlay\"><\/div>\n\t\t\t\t\t\t\t\t\t\t\t\t\t\t<\/a>\n\t\t\t\t\t\t\t<a class=\"e-gallery-item elementor-gallery-item elementor-animated-content\" href=\"https:\/\/renneritalia.com\/wp-content\/uploads\/2024\/04\/FOTO-3.jpg\" data-elementor-open-lightbox=\"yes\" data-elementor-lightbox-slideshow=\"bd3dc2c\" data-elementor-lightbox-title=\"FOTO 3\" data-e-action-hash=\"#elementor-action%3Aaction%3Dlightbox%26settings%3DeyJpZCI6OTYzNzQsInVybCI6Imh0dHBzOlwvXC9yZW5uZXJpdGFsaWEuY29tXC93cC1jb250ZW50XC91cGxvYWRzXC8yMDI0XC8wNFwvRk9UTy0zLmpwZyIsInNsaWRlc2hvdyI6ImJkM2RjMmMifQ%3D%3D\">\n\t\t\t\t\t<div class=\"e-gallery-image elementor-gallery-item__image\" data-thumbnail=\"https:\/\/renneritalia.com\/wp-content\/uploads\/2024\/04\/FOTO-3.jpg\" data-width=\"1024\" data-height=\"1024\" aria-label=\"\" role=\"img\" ><\/div>\n\t\t\t\t\t\t\t\t\t\t\t<div class=\"elementor-gallery-item__overlay\"><\/div>\n\t\t\t\t\t\t\t\t\t\t\t\t\t\t<\/a>\n\t\t\t\t\t\t\t<a class=\"e-gallery-item elementor-gallery-item elementor-animated-content\" href=\"https:\/\/renneritalia.com\/wp-content\/uploads\/2024\/04\/FOTO-4.webp\" data-elementor-open-lightbox=\"yes\" data-elementor-lightbox-slideshow=\"bd3dc2c\" data-elementor-lightbox-title=\"FOTO 4\" data-e-action-hash=\"#elementor-action%3Aaction%3Dlightbox%26settings%3DeyJpZCI6OTYzNzksInVybCI6Imh0dHBzOlwvXC9yZW5uZXJpdGFsaWEuY29tXC93cC1jb250ZW50XC91cGxvYWRzXC8yMDI0XC8wNFwvRk9UTy00LndlYnAiLCJzbGlkZXNob3ciOiJiZDNkYzJjIn0%3D\">\n\t\t\t\t\t<div class=\"e-gallery-image elementor-gallery-item__image\" data-thumbnail=\"https:\/\/renneritalia.com\/wp-content\/uploads\/2024\/04\/FOTO-4.webp\" data-width=\"1024\" data-height=\"1024\" aria-label=\"\" role=\"img\" ><\/div>\n\t\t\t\t\t\t\t\t\t\t\t<div class=\"elementor-gallery-item__overlay\"><\/div>\n\t\t\t\t\t\t\t\t\t\t\t\t\t\t<\/a>\n\t\t\t\t\t<\/div>\n\t\t\t\t\t<\/div>\n\t\t\t\t<\/div>\n\t\t\t\t<div class=\"elementor-element elementor-element-515577f elementor-widget elementor-widget-heading\" data-id=\"515577f\" data-element_type=\"widget\" data-e-type=\"widget\" data-widget_type=\"heading.default\">\n\t\t\t\t<div class=\"elementor-widget-container\">\n\t\t\t\t\t<h4 class=\"elementor-heading-title elementor-size-default\">Nebendarsteller<\/h4>\t\t\t\t<\/div>\n\t\t\t\t<\/div>\n\t\t\t\t<div class=\"elementor-element elementor-element-7d947de elementor-widget elementor-widget-text-editor\" data-id=\"7d947de\" data-element_type=\"widget\" data-e-type=\"widget\" data-widget_type=\"text-editor.default\">\n\t\t\t\t<div class=\"elementor-widget-container\">\n\t\t\t\t\t\t\t\t\t<p>Wiederkehrend sind auch die so genannten &#8222;staubigen&#8220; Pastellt\u00f6ne. N\u00e4mlich Salbei, Puder und Zuckerpapier in einer streng matten Version. Die letztgenannten Chromatikt\u00f6ne werden aufgrund ihrer Komplementarit\u00e4t besonders gesch\u00e4tzt. Wir bezeichnen sie als &#8222;staubig&#8220; wegen der grauen Komponente, die f\u00fcr ein Gef\u00fchl von Komfort und Entspannung sorgt. Durch den geschickten Einsatz von Grau wird Gr\u00fcn zu Salbei. Rosa wird zu Puder. Hellblau wird zu Zuckerpapier.      <\/p>\n\t\t\t\t\t\t\t\t<\/div>\n\t\t\t\t<\/div>\n\t\t\t\t<div class=\"elementor-element elementor-element-c51cc00 elementor-widget elementor-widget-gallery\" data-id=\"c51cc00\" data-element_type=\"widget\" data-e-type=\"widget\" data-settings=\"{&quot;columns&quot;:1,&quot;lazyload&quot;:&quot;yes&quot;,&quot;gallery_layout&quot;:&quot;grid&quot;,&quot;columns_tablet&quot;:2,&quot;columns_mobile&quot;:1,&quot;gap&quot;:{&quot;unit&quot;:&quot;px&quot;,&quot;size&quot;:10,&quot;sizes&quot;:[]},&quot;gap_tablet&quot;:{&quot;unit&quot;:&quot;px&quot;,&quot;size&quot;:10,&quot;sizes&quot;:[]},&quot;gap_mobile&quot;:{&quot;unit&quot;:&quot;px&quot;,&quot;size&quot;:10,&quot;sizes&quot;:[]},&quot;link_to&quot;:&quot;file&quot;,&quot;aspect_ratio&quot;:&quot;3:2&quot;,&quot;overlay_background&quot;:&quot;yes&quot;,&quot;content_hover_animation&quot;:&quot;fade-in&quot;}\" data-widget_type=\"gallery.default\">\n\t\t\t\t<div class=\"elementor-widget-container\">\n\t\t\t\t\t\t\t<div class=\"elementor-gallery__container\">\n\t\t\t\t\t\t\t<a class=\"e-gallery-item elementor-gallery-item elementor-animated-content\" href=\"https:\/\/renneritalia.com\/wp-content\/uploads\/2024\/04\/FOTO-5.webp\" data-elementor-open-lightbox=\"yes\" data-elementor-lightbox-slideshow=\"c51cc00\" data-elementor-lightbox-title=\"FOTO 5\" data-e-action-hash=\"#elementor-action%3Aaction%3Dlightbox%26settings%3DeyJpZCI6OTYzODQsInVybCI6Imh0dHBzOlwvXC9yZW5uZXJpdGFsaWEuY29tXC93cC1jb250ZW50XC91cGxvYWRzXC8yMDI0XC8wNFwvRk9UTy01LndlYnAiLCJzbGlkZXNob3ciOiJjNTFjYzAwIn0%3D\">\n\t\t\t\t\t<div class=\"e-gallery-image elementor-gallery-item__image\" data-thumbnail=\"https:\/\/renneritalia.com\/wp-content\/uploads\/2024\/04\/FOTO-5.webp\" data-width=\"1024\" data-height=\"1024\" aria-label=\"\" role=\"img\" ><\/div>\n\t\t\t\t\t\t\t\t\t\t\t<div class=\"elementor-gallery-item__overlay\"><\/div>\n\t\t\t\t\t\t\t\t\t\t\t\t\t\t<\/a>\n\t\t\t\t\t<\/div>\n\t\t\t\t\t<\/div>\n\t\t\t\t<\/div>\n\t\t\t\t<div class=\"elementor-element elementor-element-982fb65 elementor-widget elementor-widget-heading\" data-id=\"982fb65\" data-element_type=\"widget\" data-e-type=\"widget\" data-widget_type=\"heading.default\">\n\t\t\t\t<div class=\"elementor-widget-container\">\n\t\t\t\t\t<h4 class=\"elementor-heading-title elementor-size-default\">Die Suche nach Luxus<\/h4>\t\t\t\t<\/div>\n\t\t\t\t<\/div>\n\t\t\t\t<div class=\"elementor-element elementor-element-6ab9b42 elementor-widget elementor-widget-text-editor\" data-id=\"6ab9b42\" data-element_type=\"widget\" data-e-type=\"widget\" data-widget_type=\"text-editor.default\">\n\t\t\t\t<div class=\"elementor-widget-container\">\n\t\t\t\t\t\t\t\t\t<p>Es ist eine Kirmes, die des Salone del Mobile, die sich immer mehr als ein Container des Luxus pr\u00e4sentiert. Sie ist f\u00fcr M\u00f6bel das, was die Fashion Week f\u00fcr die Modebranche ist. Auch hier spielt das Finish eine entscheidende Rolle: verkratztes Metall geh\u00f6rt zu den beliebtesten Effekten. Bei den Materialien gesellt sich Glas in einer ger\u00e4ucherten, entsteinten Version zu Metall und Lack. Marmor, der die vorherige Ausgabe dominiert hatte, scheint auf dem Dachboden zu verschwinden.    <\/p>\n\t\t\t\t\t\t\t\t<\/div>\n\t\t\t\t<\/div>\n\t\t\t\t<div class=\"elementor-element elementor-element-467777a elementor-widget elementor-widget-gallery\" data-id=\"467777a\" data-element_type=\"widget\" data-e-type=\"widget\" data-settings=\"{&quot;columns&quot;:1,&quot;lazyload&quot;:&quot;yes&quot;,&quot;gallery_layout&quot;:&quot;grid&quot;,&quot;columns_tablet&quot;:2,&quot;columns_mobile&quot;:1,&quot;gap&quot;:{&quot;unit&quot;:&quot;px&quot;,&quot;size&quot;:10,&quot;sizes&quot;:[]},&quot;gap_tablet&quot;:{&quot;unit&quot;:&quot;px&quot;,&quot;size&quot;:10,&quot;sizes&quot;:[]},&quot;gap_mobile&quot;:{&quot;unit&quot;:&quot;px&quot;,&quot;size&quot;:10,&quot;sizes&quot;:[]},&quot;link_to&quot;:&quot;file&quot;,&quot;aspect_ratio&quot;:&quot;3:2&quot;,&quot;overlay_background&quot;:&quot;yes&quot;,&quot;content_hover_animation&quot;:&quot;fade-in&quot;}\" data-widget_type=\"gallery.default\">\n\t\t\t\t<div class=\"elementor-widget-container\">\n\t\t\t\t\t\t\t<div class=\"elementor-gallery__container\">\n\t\t\t\t\t\t\t<a class=\"e-gallery-item elementor-gallery-item elementor-animated-content\" href=\"https:\/\/renneritalia.com\/wp-content\/uploads\/2024\/04\/foto-6.webp\" data-elementor-open-lightbox=\"yes\" data-elementor-lightbox-slideshow=\"467777a\" data-elementor-lightbox-title=\"foto 6\" data-e-action-hash=\"#elementor-action%3Aaction%3Dlightbox%26settings%3DeyJpZCI6OTY0MDUsInVybCI6Imh0dHBzOlwvXC9yZW5uZXJpdGFsaWEuY29tXC93cC1jb250ZW50XC91cGxvYWRzXC8yMDI0XC8wNFwvZm90by02LndlYnAiLCJzbGlkZXNob3ciOiI0Njc3NzdhIn0%3D\">\n\t\t\t\t\t<div class=\"e-gallery-image elementor-gallery-item__image\" data-thumbnail=\"https:\/\/renneritalia.com\/wp-content\/uploads\/2024\/04\/foto-6.webp\" data-width=\"1024\" data-height=\"1024\" aria-label=\"\" role=\"img\" ><\/div>\n\t\t\t\t\t\t\t\t\t\t\t<div class=\"elementor-gallery-item__overlay\"><\/div>\n\t\t\t\t\t\t\t\t\t\t\t\t\t\t<\/a>\n\t\t\t\t\t<\/div>\n\t\t\t\t\t<\/div>\n\t\t\t\t<\/div>\n\t\t\t\t<div class=\"elementor-element elementor-element-5fc16ff elementor-widget elementor-widget-heading\" data-id=\"5fc16ff\" data-element_type=\"widget\" data-e-type=\"widget\" data-widget_type=\"heading.default\">\n\t\t\t\t<div class=\"elementor-widget-container\">\n\t\t\t\t\t<h4 class=\"elementor-heading-title elementor-size-default\">Das Jahr der K\u00fcchen<\/h4>\t\t\t\t<\/div>\n\t\t\t\t<\/div>\n\t\t\t\t<div class=\"elementor-element elementor-element-9c390b7 elementor-widget elementor-widget-text-editor\" data-id=\"9c390b7\" data-element_type=\"widget\" data-e-type=\"widget\" data-widget_type=\"text-editor.default\">\n\t\t\t\t<div class=\"elementor-widget-container\">\n\t\t\t\t\t\t\t\t\t<p>2024 markiert auch die R\u00fcckkehr der Eurocucina. Wir berichten \u00fcber einen Trend, der verspricht, das Leitmotiv in der Zusammensetzung der R\u00e4ume zu sein. Die Halbinsel wird allumfassend, d.h. sie erh\u00e4lt betr\u00e4chtliche Ausma\u00dfe, um endg\u00fcltig die Rolle des Trenners zum Wohnbereich zu \u00fcbernehmen. Viele Marken haben auch Outdoor-K\u00fcchen vorgeschlagen. Dabei handelt es sich nicht um einfache Grills, sondern um echte Innenraumkonzepte, die nach drau\u00dfen \u00fcbertragen werden.    <\/p>\n\t\t\t\t\t\t\t\t<\/div>\n\t\t\t\t<\/div>\n\t\t\t\t<div class=\"elementor-element elementor-element-68e9d04 elementor-widget elementor-widget-gallery\" data-id=\"68e9d04\" data-element_type=\"widget\" data-e-type=\"widget\" data-settings=\"{&quot;columns&quot;:2,&quot;lazyload&quot;:&quot;yes&quot;,&quot;gallery_layout&quot;:&quot;grid&quot;,&quot;columns_tablet&quot;:2,&quot;columns_mobile&quot;:1,&quot;gap&quot;:{&quot;unit&quot;:&quot;px&quot;,&quot;size&quot;:10,&quot;sizes&quot;:[]},&quot;gap_tablet&quot;:{&quot;unit&quot;:&quot;px&quot;,&quot;size&quot;:10,&quot;sizes&quot;:[]},&quot;gap_mobile&quot;:{&quot;unit&quot;:&quot;px&quot;,&quot;size&quot;:10,&quot;sizes&quot;:[]},&quot;link_to&quot;:&quot;file&quot;,&quot;aspect_ratio&quot;:&quot;3:2&quot;,&quot;overlay_background&quot;:&quot;yes&quot;,&quot;content_hover_animation&quot;:&quot;fade-in&quot;}\" data-widget_type=\"gallery.default\">\n\t\t\t\t<div class=\"elementor-widget-container\">\n\t\t\t\t\t\t\t<div class=\"elementor-gallery__container\">\n\t\t\t\t\t\t\t<a class=\"e-gallery-item elementor-gallery-item elementor-animated-content\" href=\"https:\/\/renneritalia.com\/wp-content\/uploads\/2024\/04\/FOTO-8.webp\" data-elementor-open-lightbox=\"yes\" data-elementor-lightbox-slideshow=\"68e9d04\" data-elementor-lightbox-title=\"FOTO 8\" data-e-action-hash=\"#elementor-action%3Aaction%3Dlightbox%26settings%3DeyJpZCI6OTYzODksInVybCI6Imh0dHBzOlwvXC9yZW5uZXJpdGFsaWEuY29tXC93cC1jb250ZW50XC91cGxvYWRzXC8yMDI0XC8wNFwvRk9UTy04LndlYnAiLCJzbGlkZXNob3ciOiI2OGU5ZDA0In0%3D\">\n\t\t\t\t\t<div class=\"e-gallery-image elementor-gallery-item__image\" data-thumbnail=\"https:\/\/renneritalia.com\/wp-content\/uploads\/2024\/04\/FOTO-8.webp\" data-width=\"1024\" data-height=\"1024\" aria-label=\"\" role=\"img\" ><\/div>\n\t\t\t\t\t\t\t\t\t\t\t<div class=\"elementor-gallery-item__overlay\"><\/div>\n\t\t\t\t\t\t\t\t\t\t\t\t\t\t<\/a>\n\t\t\t\t\t\t\t<a class=\"e-gallery-item elementor-gallery-item elementor-animated-content\" href=\"https:\/\/renneritalia.com\/wp-content\/uploads\/2024\/04\/FOTO-7.webp\" data-elementor-open-lightbox=\"yes\" data-elementor-lightbox-slideshow=\"68e9d04\" data-elementor-lightbox-title=\"FOTO 7\" data-e-action-hash=\"#elementor-action%3Aaction%3Dlightbox%26settings%3DeyJpZCI6OTYzOTQsInVybCI6Imh0dHBzOlwvXC9yZW5uZXJpdGFsaWEuY29tXC93cC1jb250ZW50XC91cGxvYWRzXC8yMDI0XC8wNFwvRk9UTy03LndlYnAiLCJzbGlkZXNob3ciOiI2OGU5ZDA0In0%3D\">\n\t\t\t\t\t<div class=\"e-gallery-image elementor-gallery-item__image\" data-thumbnail=\"https:\/\/renneritalia.com\/wp-content\/uploads\/2024\/04\/FOTO-7.webp\" data-width=\"1024\" data-height=\"1024\" aria-label=\"\" role=\"img\" ><\/div>\n\t\t\t\t\t\t\t\t\t\t\t<div class=\"elementor-gallery-item__overlay\"><\/div>\n\t\t\t\t\t\t\t\t\t\t\t\t\t\t<\/a>\n\t\t\t\t\t<\/div>\n\t\t\t\t\t<\/div>\n\t\t\t\t<\/div>\n\t\t\t\t<div class=\"elementor-element elementor-element-7cd4a87 elementor-widget elementor-widget-heading\" data-id=\"7cd4a87\" data-element_type=\"widget\" data-e-type=\"widget\" data-widget_type=\"heading.default\">\n\t\t\t\t<div class=\"elementor-widget-container\">\n\t\t\t\t\t<h4 class=\"elementor-heading-title elementor-size-default\">Formen und Details<\/h4>\t\t\t\t<\/div>\n\t\t\t\t<\/div>\n\t\t\t\t<div class=\"elementor-element elementor-element-be82c97 elementor-widget elementor-widget-text-editor\" data-id=\"be82c97\" data-element_type=\"widget\" data-e-type=\"widget\" data-widget_type=\"text-editor.default\">\n\t\t\t\t<div class=\"elementor-widget-container\">\n\t\t\t\t\t\t\t\t\t<p>Mit mehr \u00dcberzeugung als noch vor zw\u00f6lf Monaten haben sich die Designer abgerundeten, weichen und gem\u00fctlichen Formen zugewandt. Bei Sofas, St\u00fchlen, Tischen und M\u00f6beln im Allgemeinen sind die Kanten verschwunden. Wir haben auch die Verflechtung verschiedener Materialien bei der Zusammenstellung einzigartiger Sitzm\u00f6bel \u00fcberarbeitet.  <br \/>Neu f\u00fcr April 2024 sind dagegen die durchbrochenen Oberfl\u00e4chen (schmale Lamellenverkleidungen) f\u00fcr K\u00fcchen und Schr\u00e4nke. Interessant sind auch die Kombinationen von niedrigen Couchtischen in verschiedenen Formen, Gr\u00f6\u00dfen und Ausf\u00fchrungen. Schlie\u00dflich stellen wir fest, dass einige gro\u00dfe Marken Kristallf\u00fc\u00dfe sowohl f\u00fcr Betten als auch f\u00fcr Tische verwenden. Leichtigkeit und Unsichtbarkeit sind hier gefragt.   <\/p>\n\t\t\t\t\t\t\t\t<\/div>\n\t\t\t\t<\/div>\n\t\t\t\t<div class=\"elementor-element elementor-element-cc49bcd elementor-widget elementor-widget-text-editor\" data-id=\"cc49bcd\" data-element_type=\"widget\" data-e-type=\"widget\" data-widget_type=\"text-editor.default\">\n\t\t\t\t<div class=\"elementor-widget-container\">\n\t\t\t\t\t\t\t\t\t<p><em>KI-generierte Bilder<\/em><\/p>\n\t\t\t\t\t\t\t\t<\/div>\n\t\t\t\t<\/div>\n\t\t\t\t\t<\/div>\n\t\t\t\t<\/div>\n\t\t\t\t<\/div>\n\t\t","protected":false},"excerpt":{"rendered":"<p>Warme Erdt\u00f6ne sind die Protagonisten der Ausgabe 2024. Ziegel- und Oxidrot machen den L\u00f6wenanteil aus. Im Schlepptau folgen Rost und Ocker.<\/p>\n","protected":false},"author":7,"featured_media":96349,"comment_status":"closed","ping_status":"closed","sticky":false,"template":"","format":"standard","meta":{"footnotes":""},"categories":[3290],"tags":[],"class_list":["post-96436","post","type-post","status-publish","format-standard","has-post-thumbnail","hentry","category-rennerblog"],"yoast_head":"<!-- This site is optimized with the Yoast SEO plugin v27.5 - https:\/\/yoast.com\/product\/yoast-seo-wordpress\/ -->\n<title>Salone del Mobile 2024, Ziegelstein ersetzt Marmor - Renner Italia<\/title>\n<meta name=\"robots\" content=\"index, follow, max-snippet:-1, max-image-preview:large, max-video-preview:-1\" \/>\n<link rel=\"canonical\" href=\"https:\/\/renneritalia.com\/de\/salone-del-mobile-2024-il-mattone-soppianta-il-marmo\/\" \/>\n<meta property=\"og:locale\" content=\"de_DE\" \/>\n<meta property=\"og:type\" content=\"article\" \/>\n<meta property=\"og:title\" content=\"Salone del Mobile 2024, Ziegelstein ersetzt Marmor - Renner Italia\" \/>\n<meta property=\"og:description\" content=\"Warme Erdt\u00f6ne sind die Protagonisten der Ausgabe 2024. Ziegel- und Oxidrot machen den L\u00f6wenanteil aus. Im Schlepptau folgen Rost und Ocker.\" \/>\n<meta property=\"og:url\" content=\"https:\/\/renneritalia.com\/de\/salone-del-mobile-2024-il-mattone-soppianta-il-marmo\/\" \/>\n<meta property=\"og:site_name\" content=\"Renner Italia\" \/>\n<meta property=\"article:published_time\" content=\"2024-04-23T10:59:09+00:00\" \/>\n<meta property=\"article:modified_time\" content=\"2024-05-22T13:33:04+00:00\" \/>\n<meta property=\"og:image\" content=\"https:\/\/renneritalia.com\/wp-content\/uploads\/2024\/04\/FOTO-ANTEPRIMA.jpeg\" \/>\n\t<meta property=\"og:image:width\" content=\"1024\" \/>\n\t<meta property=\"og:image:height\" content=\"1024\" \/>\n\t<meta property=\"og:image:type\" content=\"image\/jpeg\" \/>\n<meta name=\"author\" content=\"Developer\" \/>\n<meta name=\"twitter:card\" content=\"summary_large_image\" \/>\n<meta name=\"twitter:label1\" content=\"Verfasst von\" \/>\n\t<meta name=\"twitter:data1\" content=\"Developer\" \/>\n\t<meta name=\"twitter:label2\" content=\"Gesch\u00e4tzte Lesezeit\" \/>\n\t<meta name=\"twitter:data2\" content=\"2\u00a0Minuten\" \/>\n<script type=\"application\/ld+json\" class=\"yoast-schema-graph\">{\"@context\":\"https:\\\/\\\/schema.org\",\"@graph\":[{\"@type\":\"Article\",\"@id\":\"https:\\\/\\\/renneritalia.com\\\/de\\\/salone-del-mobile-2024-il-mattone-soppianta-il-marmo\\\/#article\",\"isPartOf\":{\"@id\":\"https:\\\/\\\/renneritalia.com\\\/de\\\/salone-del-mobile-2024-il-mattone-soppianta-il-marmo\\\/\"},\"author\":{\"name\":\"Developer\",\"@id\":\"https:\\\/\\\/renneritalia.com\\\/#\\\/schema\\\/person\\\/2b55983c242bb8bca0fc96b0953ee07a\"},\"headline\":\"Salone del Mobile 2024, Ziegelstein ersetzt Marmor\",\"datePublished\":\"2024-04-23T10:59:09+00:00\",\"dateModified\":\"2024-05-22T13:33:04+00:00\",\"mainEntityOfPage\":{\"@id\":\"https:\\\/\\\/renneritalia.com\\\/de\\\/salone-del-mobile-2024-il-mattone-soppianta-il-marmo\\\/\"},\"wordCount\":504,\"publisher\":{\"@id\":\"https:\\\/\\\/renneritalia.com\\\/#organization\"},\"image\":{\"@id\":\"https:\\\/\\\/renneritalia.com\\\/de\\\/salone-del-mobile-2024-il-mattone-soppianta-il-marmo\\\/#primaryimage\"},\"thumbnailUrl\":\"https:\\\/\\\/renneritalia.com\\\/wp-content\\\/uploads\\\/2024\\\/04\\\/FOTO-ANTEPRIMA.jpeg\",\"articleSection\":[\"Rennerblog\"],\"inLanguage\":\"de\"},{\"@type\":\"WebPage\",\"@id\":\"https:\\\/\\\/renneritalia.com\\\/de\\\/salone-del-mobile-2024-il-mattone-soppianta-il-marmo\\\/\",\"url\":\"https:\\\/\\\/renneritalia.com\\\/de\\\/salone-del-mobile-2024-il-mattone-soppianta-il-marmo\\\/\",\"name\":\"Salone del Mobile 2024, Ziegelstein ersetzt Marmor - Renner Italia\",\"isPartOf\":{\"@id\":\"https:\\\/\\\/renneritalia.com\\\/#website\"},\"primaryImageOfPage\":{\"@id\":\"https:\\\/\\\/renneritalia.com\\\/de\\\/salone-del-mobile-2024-il-mattone-soppianta-il-marmo\\\/#primaryimage\"},\"image\":{\"@id\":\"https:\\\/\\\/renneritalia.com\\\/de\\\/salone-del-mobile-2024-il-mattone-soppianta-il-marmo\\\/#primaryimage\"},\"thumbnailUrl\":\"https:\\\/\\\/renneritalia.com\\\/wp-content\\\/uploads\\\/2024\\\/04\\\/FOTO-ANTEPRIMA.jpeg\",\"datePublished\":\"2024-04-23T10:59:09+00:00\",\"dateModified\":\"2024-05-22T13:33:04+00:00\",\"breadcrumb\":{\"@id\":\"https:\\\/\\\/renneritalia.com\\\/de\\\/salone-del-mobile-2024-il-mattone-soppianta-il-marmo\\\/#breadcrumb\"},\"inLanguage\":\"de\",\"potentialAction\":[{\"@type\":\"ReadAction\",\"target\":[\"https:\\\/\\\/renneritalia.com\\\/de\\\/salone-del-mobile-2024-il-mattone-soppianta-il-marmo\\\/\"]}]},{\"@type\":\"ImageObject\",\"inLanguage\":\"de\",\"@id\":\"https:\\\/\\\/renneritalia.com\\\/de\\\/salone-del-mobile-2024-il-mattone-soppianta-il-marmo\\\/#primaryimage\",\"url\":\"https:\\\/\\\/renneritalia.com\\\/wp-content\\\/uploads\\\/2024\\\/04\\\/FOTO-ANTEPRIMA.jpeg\",\"contentUrl\":\"https:\\\/\\\/renneritalia.com\\\/wp-content\\\/uploads\\\/2024\\\/04\\\/FOTO-ANTEPRIMA.jpeg\",\"width\":1024,\"height\":1024},{\"@type\":\"BreadcrumbList\",\"@id\":\"https:\\\/\\\/renneritalia.com\\\/de\\\/salone-del-mobile-2024-il-mattone-soppianta-il-marmo\\\/#breadcrumb\",\"itemListElement\":[{\"@type\":\"ListItem\",\"position\":1,\"name\":\"Home\",\"item\":\"https:\\\/\\\/renneritalia.com\\\/de\\\/\"},{\"@type\":\"ListItem\",\"position\":2,\"name\":\"Salone del Mobile 2024, Ziegelstein ersetzt Marmor\"}]},{\"@type\":\"WebSite\",\"@id\":\"https:\\\/\\\/renneritalia.com\\\/#website\",\"url\":\"https:\\\/\\\/renneritalia.com\\\/\",\"name\":\"Renner Italia\",\"description\":\"Coatings\",\"publisher\":{\"@id\":\"https:\\\/\\\/renneritalia.com\\\/#organization\"},\"potentialAction\":[{\"@type\":\"SearchAction\",\"target\":{\"@type\":\"EntryPoint\",\"urlTemplate\":\"https:\\\/\\\/renneritalia.com\\\/?s={search_term_string}\"},\"query-input\":{\"@type\":\"PropertyValueSpecification\",\"valueRequired\":true,\"valueName\":\"search_term_string\"}}],\"inLanguage\":\"de\"},{\"@type\":\"Organization\",\"@id\":\"https:\\\/\\\/renneritalia.com\\\/#organization\",\"name\":\"Renner Italia\",\"url\":\"https:\\\/\\\/renneritalia.com\\\/\",\"logo\":{\"@type\":\"ImageObject\",\"inLanguage\":\"de\",\"@id\":\"https:\\\/\\\/renneritalia.com\\\/#\\\/schema\\\/logo\\\/image\\\/\",\"url\":\"https:\\\/\\\/renneritalia.com\\\/wp-content\\\/uploads\\\/2025\\\/03\\\/logo_renner_italia.svg\",\"contentUrl\":\"https:\\\/\\\/renneritalia.com\\\/wp-content\\\/uploads\\\/2025\\\/03\\\/logo_renner_italia.svg\",\"caption\":\"Renner Italia\"},\"image\":{\"@id\":\"https:\\\/\\\/renneritalia.com\\\/#\\\/schema\\\/logo\\\/image\\\/\"}},{\"@type\":\"Person\",\"@id\":\"https:\\\/\\\/renneritalia.com\\\/#\\\/schema\\\/person\\\/2b55983c242bb8bca0fc96b0953ee07a\",\"name\":\"Developer\",\"image\":{\"@type\":\"ImageObject\",\"inLanguage\":\"de\",\"@id\":\"https:\\\/\\\/secure.gravatar.com\\\/avatar\\\/75827445886b10456c49d0746eecca232159a239bd272d6e522b9ff49457f88d?s=96&d=mm&r=g\",\"url\":\"https:\\\/\\\/secure.gravatar.com\\\/avatar\\\/75827445886b10456c49d0746eecca232159a239bd272d6e522b9ff49457f88d?s=96&d=mm&r=g\",\"contentUrl\":\"https:\\\/\\\/secure.gravatar.com\\\/avatar\\\/75827445886b10456c49d0746eecca232159a239bd272d6e522b9ff49457f88d?s=96&d=mm&r=g\",\"caption\":\"Developer\"},\"url\":\"https:\\\/\\\/renneritalia.com\\\/de\\\/author\\\/marco-ruisi\\\/\"}]}<\/script>\n<!-- \/ Yoast SEO plugin. -->","yoast_head_json":{"title":"Salone del Mobile 2024, Ziegelstein ersetzt Marmor - Renner Italia","robots":{"index":"index","follow":"follow","max-snippet":"max-snippet:-1","max-image-preview":"max-image-preview:large","max-video-preview":"max-video-preview:-1"},"canonical":"https:\/\/renneritalia.com\/de\/salone-del-mobile-2024-il-mattone-soppianta-il-marmo\/","og_locale":"de_DE","og_type":"article","og_title":"Salone del Mobile 2024, Ziegelstein ersetzt Marmor - Renner Italia","og_description":"Warme Erdt\u00f6ne sind die Protagonisten der Ausgabe 2024. Ziegel- und Oxidrot machen den L\u00f6wenanteil aus. Im Schlepptau folgen Rost und Ocker.","og_url":"https:\/\/renneritalia.com\/de\/salone-del-mobile-2024-il-mattone-soppianta-il-marmo\/","og_site_name":"Renner Italia","article_published_time":"2024-04-23T10:59:09+00:00","article_modified_time":"2024-05-22T13:33:04+00:00","og_image":[{"width":1024,"height":1024,"url":"https:\/\/renneritalia.com\/wp-content\/uploads\/2024\/04\/FOTO-ANTEPRIMA.jpeg","type":"image\/jpeg"}],"author":"Developer","twitter_card":"summary_large_image","twitter_misc":{"Verfasst von":"Developer","Gesch\u00e4tzte Lesezeit":"2\u00a0Minuten"},"schema":{"@context":"https:\/\/schema.org","@graph":[{"@type":"Article","@id":"https:\/\/renneritalia.com\/de\/salone-del-mobile-2024-il-mattone-soppianta-il-marmo\/#article","isPartOf":{"@id":"https:\/\/renneritalia.com\/de\/salone-del-mobile-2024-il-mattone-soppianta-il-marmo\/"},"author":{"name":"Developer","@id":"https:\/\/renneritalia.com\/#\/schema\/person\/2b55983c242bb8bca0fc96b0953ee07a"},"headline":"Salone del Mobile 2024, Ziegelstein ersetzt Marmor","datePublished":"2024-04-23T10:59:09+00:00","dateModified":"2024-05-22T13:33:04+00:00","mainEntityOfPage":{"@id":"https:\/\/renneritalia.com\/de\/salone-del-mobile-2024-il-mattone-soppianta-il-marmo\/"},"wordCount":504,"publisher":{"@id":"https:\/\/renneritalia.com\/#organization"},"image":{"@id":"https:\/\/renneritalia.com\/de\/salone-del-mobile-2024-il-mattone-soppianta-il-marmo\/#primaryimage"},"thumbnailUrl":"https:\/\/renneritalia.com\/wp-content\/uploads\/2024\/04\/FOTO-ANTEPRIMA.jpeg","articleSection":["Rennerblog"],"inLanguage":"de"},{"@type":"WebPage","@id":"https:\/\/renneritalia.com\/de\/salone-del-mobile-2024-il-mattone-soppianta-il-marmo\/","url":"https:\/\/renneritalia.com\/de\/salone-del-mobile-2024-il-mattone-soppianta-il-marmo\/","name":"Salone del Mobile 2024, Ziegelstein ersetzt Marmor - Renner Italia","isPartOf":{"@id":"https:\/\/renneritalia.com\/#website"},"primaryImageOfPage":{"@id":"https:\/\/renneritalia.com\/de\/salone-del-mobile-2024-il-mattone-soppianta-il-marmo\/#primaryimage"},"image":{"@id":"https:\/\/renneritalia.com\/de\/salone-del-mobile-2024-il-mattone-soppianta-il-marmo\/#primaryimage"},"thumbnailUrl":"https:\/\/renneritalia.com\/wp-content\/uploads\/2024\/04\/FOTO-ANTEPRIMA.jpeg","datePublished":"2024-04-23T10:59:09+00:00","dateModified":"2024-05-22T13:33:04+00:00","breadcrumb":{"@id":"https:\/\/renneritalia.com\/de\/salone-del-mobile-2024-il-mattone-soppianta-il-marmo\/#breadcrumb"},"inLanguage":"de","potentialAction":[{"@type":"ReadAction","target":["https:\/\/renneritalia.com\/de\/salone-del-mobile-2024-il-mattone-soppianta-il-marmo\/"]}]},{"@type":"ImageObject","inLanguage":"de","@id":"https:\/\/renneritalia.com\/de\/salone-del-mobile-2024-il-mattone-soppianta-il-marmo\/#primaryimage","url":"https:\/\/renneritalia.com\/wp-content\/uploads\/2024\/04\/FOTO-ANTEPRIMA.jpeg","contentUrl":"https:\/\/renneritalia.com\/wp-content\/uploads\/2024\/04\/FOTO-ANTEPRIMA.jpeg","width":1024,"height":1024},{"@type":"BreadcrumbList","@id":"https:\/\/renneritalia.com\/de\/salone-del-mobile-2024-il-mattone-soppianta-il-marmo\/#breadcrumb","itemListElement":[{"@type":"ListItem","position":1,"name":"Home","item":"https:\/\/renneritalia.com\/de\/"},{"@type":"ListItem","position":2,"name":"Salone del Mobile 2024, Ziegelstein ersetzt Marmor"}]},{"@type":"WebSite","@id":"https:\/\/renneritalia.com\/#website","url":"https:\/\/renneritalia.com\/","name":"Renner Italia","description":"Coatings","publisher":{"@id":"https:\/\/renneritalia.com\/#organization"},"potentialAction":[{"@type":"SearchAction","target":{"@type":"EntryPoint","urlTemplate":"https:\/\/renneritalia.com\/?s={search_term_string}"},"query-input":{"@type":"PropertyValueSpecification","valueRequired":true,"valueName":"search_term_string"}}],"inLanguage":"de"},{"@type":"Organization","@id":"https:\/\/renneritalia.com\/#organization","name":"Renner Italia","url":"https:\/\/renneritalia.com\/","logo":{"@type":"ImageObject","inLanguage":"de","@id":"https:\/\/renneritalia.com\/#\/schema\/logo\/image\/","url":"https:\/\/renneritalia.com\/wp-content\/uploads\/2025\/03\/logo_renner_italia.svg","contentUrl":"https:\/\/renneritalia.com\/wp-content\/uploads\/2025\/03\/logo_renner_italia.svg","caption":"Renner Italia"},"image":{"@id":"https:\/\/renneritalia.com\/#\/schema\/logo\/image\/"}},{"@type":"Person","@id":"https:\/\/renneritalia.com\/#\/schema\/person\/2b55983c242bb8bca0fc96b0953ee07a","name":"Developer","image":{"@type":"ImageObject","inLanguage":"de","@id":"https:\/\/secure.gravatar.com\/avatar\/75827445886b10456c49d0746eecca232159a239bd272d6e522b9ff49457f88d?s=96&d=mm&r=g","url":"https:\/\/secure.gravatar.com\/avatar\/75827445886b10456c49d0746eecca232159a239bd272d6e522b9ff49457f88d?s=96&d=mm&r=g","contentUrl":"https:\/\/secure.gravatar.com\/avatar\/75827445886b10456c49d0746eecca232159a239bd272d6e522b9ff49457f88d?s=96&d=mm&r=g","caption":"Developer"},"url":"https:\/\/renneritalia.com\/de\/author\/marco-ruisi\/"}]}},"_links":{"self":[{"href":"https:\/\/renneritalia.com\/de\/wp-json\/wp\/v2\/posts\/96436","targetHints":{"allow":["GET"]}}],"collection":[{"href":"https:\/\/renneritalia.com\/de\/wp-json\/wp\/v2\/posts"}],"about":[{"href":"https:\/\/renneritalia.com\/de\/wp-json\/wp\/v2\/types\/post"}],"author":[{"embeddable":true,"href":"https:\/\/renneritalia.com\/de\/wp-json\/wp\/v2\/users\/7"}],"replies":[{"embeddable":true,"href":"https:\/\/renneritalia.com\/de\/wp-json\/wp\/v2\/comments?post=96436"}],"version-history":[{"count":5,"href":"https:\/\/renneritalia.com\/de\/wp-json\/wp\/v2\/posts\/96436\/revisions"}],"predecessor-version":[{"id":98981,"href":"https:\/\/renneritalia.com\/de\/wp-json\/wp\/v2\/posts\/96436\/revisions\/98981"}],"wp:featuredmedia":[{"embeddable":true,"href":"https:\/\/renneritalia.com\/de\/wp-json\/wp\/v2\/media\/96349"}],"wp:attachment":[{"href":"https:\/\/renneritalia.com\/de\/wp-json\/wp\/v2\/media?parent=96436"}],"wp:term":[{"taxonomy":"category","embeddable":true,"href":"https:\/\/renneritalia.com\/de\/wp-json\/wp\/v2\/categories?post=96436"},{"taxonomy":"post_tag","embeddable":true,"href":"https:\/\/renneritalia.com\/de\/wp-json\/wp\/v2\/tags?post=96436"}],"curies":[{"name":"wp","href":"https:\/\/api.w.org\/{rel}","templated":true}]}}