{"id":123867,"date":"2026-04-28T10:03:02","date_gmt":"2026-04-28T08:03:02","guid":{"rendered":"https:\/\/renneritalia.com\/?p=123867"},"modified":"2026-04-28T16:09:58","modified_gmt":"2026-04-28T14:09:58","slug":"salone-2026-design-kehrt-zum-realen-zurueck-materialien-imperfektionen-und-farb-hierarchien","status":"publish","type":"post","link":"https:\/\/renneritalia.com\/de\/salone-2026-design-kehrt-zum-realen-zurueck-materialien-imperfektionen-und-farb-hierarchien\/","title":{"rendered":"Salone 2026: Design kehrt zum Realen zur\u00fcck \u2013 Materialien, Imperfektionen und Farb-Hierarchien"},"content":{"rendered":"\t\t<div data-elementor-type=\"wp-post\" data-elementor-id=\"123867\" class=\"elementor elementor-123867 elementor-123747\" data-elementor-post-type=\"post\">\n\t\t\t\t<div class=\"has_eae_slider elementor-element elementor-element-6b42cb1 e-flex e-con-boxed e-con e-parent\" data-eae-slider=\"99579\" data-id=\"6b42cb1\" data-element_type=\"container\" data-e-type=\"container\" data-settings=\"{&quot;jet_parallax_layout_list&quot;:[]}\">\n\t\t\t\t\t<div class=\"e-con-inner\">\n\t\t\t\t<div class=\"elementor-element elementor-element-53cdbb2 elementor-widget elementor-widget-text-editor\" data-id=\"53cdbb2\" data-element_type=\"widget\" data-e-type=\"widget\" data-widget_type=\"text-editor.default\">\n\t\t\t\t<div class=\"elementor-widget-container\">\n\t\t\t\t\t\t\t\t\t<p>Der Salone del Mobile 2026 zeigt eine klare R\u00fcckkehr zu einem materialzentrierten Design. In einem komplexen internationalen Kontext, gepr\u00e4gt von wirtschaftlicher Instabilit\u00e4t und tiefgreifenden Ver\u00e4nderungen des Wohnens, standen Substanz, Nachhaltigkeit und Langlebigkeit im Mittelpunkt. Der Claim <em>\u201eA Matter of Salone\u201c<\/em> bringt diesen Wandel auf den Punkt \u2013 als Wortspiel, das \u201eMaterie\u201c und \u201edas, was z\u00e4hlt\u201c vereint. Materie als Ursprung, aber auch als Transformation.<\/p><p>In diesem Rahmen wird Design 2026 als ein Prozess verstanden, der Materie in Wert \u00fcbersetzt. Nicht mehr die Form ist leitend, sondern die Substanz. Diese Umkehr spiegelt sich in einer Erz\u00e4hlung wider, in der jede Materialentscheidung eine semantische Funktion \u00fcbernimmt.<\/p><p>Beschichtungen spielen dabei eine zentrale Rolle: Sie verst\u00e4rken die Bedeutung der Materie. Es geht nicht mehr darum, zu verdecken oder zu vereinheitlichen, sondern zu interpretieren \u2013 die Porigkeit hervorzuheben, die Nat\u00fcrlichkeit zu bewahren und langfristige Performance zu gew\u00e4hrleisten. Zeitgen\u00f6ssisches Design verlangt intelligente Beschichtungen: sch\u00fctzend, ohne zu kaschieren, langlebig und kompatibel mit unterschiedlichen Materialien.<\/p><p>Diese Perspektive wird im Rahmen des Aesthetics-Projekts von Renner Italia analysiert.<\/p>\t\t\t\t\t\t\t\t<\/div>\n\t\t\t\t<\/div>\n\t\t\t\t<div class=\"elementor-element elementor-element-03e5afc elementor-widget elementor-widget-heading\" data-id=\"03e5afc\" data-element_type=\"widget\" data-e-type=\"widget\" data-widget_type=\"heading.default\">\n\t\t\t\t<div class=\"elementor-widget-container\">\n\t\t\t\t\t<h2 class=\"elementor-heading-title elementor-size-default\">Erz\u00e4hlerische Oberfl\u00e4chen: Die R\u00fcckkehr der Imperfektion<\/h2>\t\t\t\t<\/div>\n\t\t\t\t<\/div>\n\t\t\t\t<div class=\"elementor-element elementor-element-97ac602 elementor-widget elementor-widget-text-editor\" data-id=\"97ac602\" data-element_type=\"widget\" data-e-type=\"widget\" data-widget_type=\"text-editor.default\">\n\t\t\t\t<div class=\"elementor-widget-container\">\n\t\t\t\t\t\t\t\t\t<p>Ein zentrales Merkmal der Ausgabe 2026 ist die explizite Inszenierung von Materialit\u00e4t.<\/p><p>Sichtbeton schafft eine neutrale architektonische Basis, die Licht absorbiert und Volumen mit nahezu struktureller Pr\u00e4senz definiert. Vor diesem Hintergrund werden Natursteine und Marmor in eine st\u00e4rker projektbezogene Dimension \u00fcberf\u00fchrt: nicht mehr nur hochwertige Oberfl\u00e4chen, sondern funktionale Fl\u00e4chen \u2013 insbesondere in der K\u00fcche, wo sie zu durchgehenden, leistungsf\u00e4higen Elementen werden. <\/p>\t\t\t\t\t\t\t\t<\/div>\n\t\t\t\t<\/div>\n\t\t\t\t<div class=\"elementor-element elementor-element-6963e89 elementor-widget elementor-widget-image\" data-id=\"6963e89\" data-element_type=\"widget\" data-e-type=\"widget\" data-widget_type=\"image.default\">\n\t\t\t\t<div class=\"elementor-widget-container\">\n\t\t\t\t\t\t\t\t\t\t\t\t\t\t\t<img fetchpriority=\"high\" decoding=\"async\" width=\"1200\" height=\"900\" src=\"https:\/\/renneritalia.com\/wp-content\/uploads\/2026\/04\/1.webp\" class=\"attachment-full size-full wp-image-123752\" alt=\"\" srcset=\"https:\/\/renneritalia.com\/wp-content\/uploads\/2026\/04\/1.webp 1200w, https:\/\/renneritalia.com\/wp-content\/uploads\/2026\/04\/1-300x225.webp 300w, https:\/\/renneritalia.com\/wp-content\/uploads\/2026\/04\/1-1024x768.webp 1024w, https:\/\/renneritalia.com\/wp-content\/uploads\/2026\/04\/1-768x576.webp 768w\" sizes=\"(max-width: 1200px) 100vw, 1200px\" \/>\t\t\t\t\t\t\t\t\t\t\t\t\t\t\t<\/div>\n\t\t\t\t<\/div>\n\t\t\t\t<div class=\"elementor-element elementor-element-e0f7b66 elementor-widget elementor-widget-text-editor\" data-id=\"e0f7b66\" data-element_type=\"widget\" data-e-type=\"widget\" data-widget_type=\"text-editor.default\">\n\t\t\t\t<div class=\"elementor-widget-container\">\n\t\t\t\t\t\t\t\t\t<p>Oxidierte Metalle, matt und bewusst verkratzt \u2013 direkt oder durch Patinierung \u2013, bleiben pr\u00e4gend. Sie treten sowohl als Hauptbestandteil von Stauraumm\u00f6beln auf als auch als Zwischenschichten, die Materialien verbinden oder sichtbare, bewusst gestaltete Details erzeugen.<\/p>\t\t\t\t\t\t\t\t<\/div>\n\t\t\t\t<\/div>\n\t\t\t\t<div class=\"elementor-element elementor-element-4bdfde6 elementor-widget elementor-widget-gallery\" data-id=\"4bdfde6\" data-element_type=\"widget\" data-e-type=\"widget\" data-settings=\"{&quot;columns&quot;:2,&quot;aspect_ratio&quot;:&quot;4:3&quot;,&quot;lazyload&quot;:&quot;yes&quot;,&quot;gallery_layout&quot;:&quot;grid&quot;,&quot;columns_tablet&quot;:2,&quot;columns_mobile&quot;:1,&quot;gap&quot;:{&quot;unit&quot;:&quot;px&quot;,&quot;size&quot;:10,&quot;sizes&quot;:[]},&quot;gap_tablet&quot;:{&quot;unit&quot;:&quot;px&quot;,&quot;size&quot;:10,&quot;sizes&quot;:[]},&quot;gap_mobile&quot;:{&quot;unit&quot;:&quot;px&quot;,&quot;size&quot;:10,&quot;sizes&quot;:[]},&quot;link_to&quot;:&quot;file&quot;,&quot;overlay_background&quot;:&quot;yes&quot;,&quot;content_hover_animation&quot;:&quot;fade-in&quot;}\" data-widget_type=\"gallery.default\">\n\t\t\t\t<div class=\"elementor-widget-container\">\n\t\t\t\t\t\t\t<div class=\"elementor-gallery__container\">\n\t\t\t\t\t\t\t<a class=\"e-gallery-item elementor-gallery-item elementor-animated-content\" href=\"https:\/\/renneritalia.com\/wp-content\/uploads\/2026\/04\/2.webp\" data-elementor-open-lightbox=\"yes\" data-elementor-lightbox-slideshow=\"4bdfde6\" data-elementor-lightbox-title=\"2\" data-e-action-hash=\"#elementor-action%3Aaction%3Dlightbox%26settings%3DeyJpZCI6MTIzNzYyLCJ1cmwiOiJodHRwczpcL1wvcmVubmVyaXRhbGlhLmNvbVwvd3AtY29udGVudFwvdXBsb2Fkc1wvMjAyNlwvMDRcLzIud2VicCIsInNsaWRlc2hvdyI6IjRiZGZkZTYifQ%3D%3D\">\n\t\t\t\t\t<div class=\"e-gallery-image elementor-gallery-item__image\" data-thumbnail=\"https:\/\/renneritalia.com\/wp-content\/uploads\/2026\/04\/2.webp\" data-width=\"1200\" data-height=\"900\" aria-label=\"\" role=\"img\" ><\/div>\n\t\t\t\t\t\t\t\t\t\t\t<div class=\"elementor-gallery-item__overlay\"><\/div>\n\t\t\t\t\t\t\t\t\t\t\t\t\t\t<\/a>\n\t\t\t\t\t\t\t<a class=\"e-gallery-item elementor-gallery-item elementor-animated-content\" href=\"https:\/\/renneritalia.com\/wp-content\/uploads\/2026\/04\/3.webp\" data-elementor-open-lightbox=\"yes\" data-elementor-lightbox-slideshow=\"4bdfde6\" data-elementor-lightbox-title=\"3\" data-e-action-hash=\"#elementor-action%3Aaction%3Dlightbox%26settings%3DeyJpZCI6MTIzNzU3LCJ1cmwiOiJodHRwczpcL1wvcmVubmVyaXRhbGlhLmNvbVwvd3AtY29udGVudFwvdXBsb2Fkc1wvMjAyNlwvMDRcLzMud2VicCIsInNsaWRlc2hvdyI6IjRiZGZkZTYifQ%3D%3D\">\n\t\t\t\t\t<div class=\"e-gallery-image elementor-gallery-item__image\" data-thumbnail=\"https:\/\/renneritalia.com\/wp-content\/uploads\/2026\/04\/3.webp\" data-width=\"1200\" data-height=\"900\" aria-label=\"\" role=\"img\" ><\/div>\n\t\t\t\t\t\t\t\t\t\t\t<div class=\"elementor-gallery-item__overlay\"><\/div>\n\t\t\t\t\t\t\t\t\t\t\t\t\t\t<\/a>\n\t\t\t\t\t<\/div>\n\t\t\t\t\t<\/div>\n\t\t\t\t<\/div>\n\t\t\t\t<div class=\"elementor-element elementor-element-c154c5e elementor-widget elementor-widget-text-editor\" data-id=\"c154c5e\" data-element_type=\"widget\" data-e-type=\"widget\" data-widget_type=\"text-editor.default\">\n\t\t\t\t<div class=\"elementor-widget-container\">\n\t\t\t\t\t\t\t\t\t<p>Glas verliert in seinen strukturierten, geh\u00e4mmerten oder metallisch veredelten Varianten seine traditionelle Neutralit\u00e4t und gewinnt an visueller Dichte. Es wird zu einer aktiven Oberfl\u00e4che statt zu einem rein transparenten Medium.<\/p>\t\t\t\t\t\t\t\t<\/div>\n\t\t\t\t<\/div>\n\t\t\t\t<div class=\"elementor-element elementor-element-7526128 elementor-widget elementor-widget-gallery\" data-id=\"7526128\" data-element_type=\"widget\" data-e-type=\"widget\" data-settings=\"{&quot;columns&quot;:2,&quot;aspect_ratio&quot;:&quot;4:3&quot;,&quot;lazyload&quot;:&quot;yes&quot;,&quot;gallery_layout&quot;:&quot;grid&quot;,&quot;columns_tablet&quot;:2,&quot;columns_mobile&quot;:1,&quot;gap&quot;:{&quot;unit&quot;:&quot;px&quot;,&quot;size&quot;:10,&quot;sizes&quot;:[]},&quot;gap_tablet&quot;:{&quot;unit&quot;:&quot;px&quot;,&quot;size&quot;:10,&quot;sizes&quot;:[]},&quot;gap_mobile&quot;:{&quot;unit&quot;:&quot;px&quot;,&quot;size&quot;:10,&quot;sizes&quot;:[]},&quot;link_to&quot;:&quot;file&quot;,&quot;overlay_background&quot;:&quot;yes&quot;,&quot;content_hover_animation&quot;:&quot;fade-in&quot;}\" data-widget_type=\"gallery.default\">\n\t\t\t\t<div class=\"elementor-widget-container\">\n\t\t\t\t\t\t\t<div class=\"elementor-gallery__container\">\n\t\t\t\t\t\t\t<a class=\"e-gallery-item elementor-gallery-item elementor-animated-content\" href=\"https:\/\/renneritalia.com\/wp-content\/uploads\/2026\/04\/5.webp\" data-elementor-open-lightbox=\"yes\" data-elementor-lightbox-slideshow=\"7526128\" data-elementor-lightbox-title=\"5\" data-e-action-hash=\"#elementor-action%3Aaction%3Dlightbox%26settings%3DeyJpZCI6MTIzNzY3LCJ1cmwiOiJodHRwczpcL1wvcmVubmVyaXRhbGlhLmNvbVwvd3AtY29udGVudFwvdXBsb2Fkc1wvMjAyNlwvMDRcLzUud2VicCIsInNsaWRlc2hvdyI6Ijc1MjYxMjgifQ%3D%3D\">\n\t\t\t\t\t<div class=\"e-gallery-image elementor-gallery-item__image\" data-thumbnail=\"https:\/\/renneritalia.com\/wp-content\/uploads\/2026\/04\/5.webp\" data-width=\"1200\" data-height=\"900\" aria-label=\"\" role=\"img\" ><\/div>\n\t\t\t\t\t\t\t\t\t\t\t<div class=\"elementor-gallery-item__overlay\"><\/div>\n\t\t\t\t\t\t\t\t\t\t\t\t\t\t<\/a>\n\t\t\t\t\t\t\t<a class=\"e-gallery-item elementor-gallery-item elementor-animated-content\" href=\"https:\/\/renneritalia.com\/wp-content\/uploads\/2026\/04\/4.webp\" data-elementor-open-lightbox=\"yes\" data-elementor-lightbox-slideshow=\"7526128\" data-elementor-lightbox-title=\"4\" data-e-action-hash=\"#elementor-action%3Aaction%3Dlightbox%26settings%3DeyJpZCI6MTIzNzcyLCJ1cmwiOiJodHRwczpcL1wvcmVubmVyaXRhbGlhLmNvbVwvd3AtY29udGVudFwvdXBsb2Fkc1wvMjAyNlwvMDRcLzQud2VicCIsInNsaWRlc2hvdyI6Ijc1MjYxMjgifQ%3D%3D\">\n\t\t\t\t\t<div class=\"e-gallery-image elementor-gallery-item__image\" data-thumbnail=\"https:\/\/renneritalia.com\/wp-content\/uploads\/2026\/04\/4.webp\" data-width=\"1200\" data-height=\"900\" aria-label=\"\" role=\"img\" ><\/div>\n\t\t\t\t\t\t\t\t\t\t\t<div class=\"elementor-gallery-item__overlay\"><\/div>\n\t\t\t\t\t\t\t\t\t\t\t\t\t\t<\/a>\n\t\t\t\t\t<\/div>\n\t\t\t\t\t<\/div>\n\t\t\t\t<\/div>\n\t\t\t\t<div class=\"elementor-element elementor-element-522155b elementor-widget elementor-widget-text-editor\" data-id=\"522155b\" data-element_type=\"widget\" data-e-type=\"widget\" data-widget_type=\"text-editor.default\">\n\t\t\t\t<div class=\"elementor-widget-container\">\n\t\t\t\t\t\t\t\t\t<p>In diesem System ist Holz kein isoliertes Element, sondern tritt in Beziehung zu allen anderen Materialien und tr\u00e4gt zum Gleichgewicht von visuellen Gewichten, Reflexionen und Absorptionen bei.<\/p>\t\t\t\t\t\t\t\t<\/div>\n\t\t\t\t<\/div>\n\t\t\t\t<div class=\"elementor-element elementor-element-4e2b894 elementor-widget elementor-widget-heading\" data-id=\"4e2b894\" data-element_type=\"widget\" data-e-type=\"widget\" data-widget_type=\"heading.default\">\n\t\t\t\t<div class=\"elementor-widget-container\">\n\t\t\t\t\t<h2 class=\"elementor-heading-title elementor-size-default\">Holz: Technisches und emotionales Material<\/h2>\t\t\t\t<\/div>\n\t\t\t\t<\/div>\n\t\t\t\t<div class=\"elementor-element elementor-element-df7a73a elementor-widget elementor-widget-text-editor\" data-id=\"df7a73a\" data-element_type=\"widget\" data-e-type=\"widget\" data-widget_type=\"text-editor.default\">\n\t\t\t\t<div class=\"elementor-widget-container\">\n\t\t\t\t\t\t\t\t\t<p>Innerhalb dieser Grammatik etabliert sich Holz als zentraler Protagonist \u2013 nicht aus Nostalgie, sondern aufgrund seiner F\u00e4higkeit, technologische und emotionale Dimensionen zu verbinden.<\/p><p>Die dominierenden Holzarten \u2013 Eiche, Canaletto-Nussbaum und amerikanischer Nussbaum \u2013 werden so verarbeitet, dass ihre Nat\u00fcrlichkeit erhalten bleibt: offene Poren, transparente Oberfl\u00e4chen, niedriger Glanzgrad. Die Maserung steht im Mittelpunkt, weshalb ultramatte, transparente Oberfl\u00e4chen vorherrschen. Esche wird h\u00e4ufig in Tabak-, Schwarz- und Dunkelgraut\u00f6nen gebeizt.<\/p><p>Holz erf\u00fcllt eine strategische Funktion.<br \/>Einerseits bringt es W\u00e4rme und nat\u00fcrliche Kontinuit\u00e4t in zunehmend technologische Umgebungen. Andererseits schafft es eine visuelle und haptische Verbindung zum Nutzer und f\u00fchrt das Design auf eine menschlichere Ebene zur\u00fcck.<\/p><p>Zusammengefasst: Innovation \u2013 ja, aber verankert in nat\u00fcrlichem Gleichgewicht.<\/p><p>Bei Tischen zeigt sich h\u00e4ufig eine hybride Komposition, in der Holz mit Stein und Metall interagiert. Metall fungiert dabei oft als verbindendes Element \u2013 als Rahmen oder umlaufendes Band, das das Holz aufwertet. <\/p>\t\t\t\t\t\t\t\t<\/div>\n\t\t\t\t<\/div>\n\t\t\t\t<div class=\"elementor-element elementor-element-6fa0b6b elementor-widget elementor-widget-image\" data-id=\"6fa0b6b\" data-element_type=\"widget\" data-e-type=\"widget\" data-widget_type=\"image.default\">\n\t\t\t\t<div class=\"elementor-widget-container\">\n\t\t\t\t\t\t\t\t\t\t\t\t\t\t\t<img decoding=\"async\" width=\"1200\" height=\"900\" src=\"https:\/\/renneritalia.com\/wp-content\/uploads\/2026\/04\/6.webp\" class=\"attachment-full size-full wp-image-123777\" alt=\"\" srcset=\"https:\/\/renneritalia.com\/wp-content\/uploads\/2026\/04\/6.webp 1200w, https:\/\/renneritalia.com\/wp-content\/uploads\/2026\/04\/6-300x225.webp 300w, https:\/\/renneritalia.com\/wp-content\/uploads\/2026\/04\/6-1024x768.webp 1024w, https:\/\/renneritalia.com\/wp-content\/uploads\/2026\/04\/6-768x576.webp 768w\" sizes=\"(max-width: 1200px) 100vw, 1200px\" \/>\t\t\t\t\t\t\t\t\t\t\t\t\t\t\t<\/div>\n\t\t\t\t<\/div>\n\t\t\t\t<div class=\"elementor-element elementor-element-5cb2bf3 elementor-widget elementor-widget-text-editor\" data-id=\"5cb2bf3\" data-element_type=\"widget\" data-e-type=\"widget\" data-widget_type=\"text-editor.default\">\n\t\t\t\t<div class=\"elementor-widget-container\">\n\t\t\t\t\t\t\t\t\t<p>Bei Sitzm\u00f6beln nimmt Holz eine nahezu archetypische Rolle ein und wird zur dominanten, offen gezeigten Struktur.<\/p>\t\t\t\t\t\t\t\t<\/div>\n\t\t\t\t<\/div>\n\t\t\t\t<div class=\"elementor-element elementor-element-e755d3d elementor-widget elementor-widget-image\" data-id=\"e755d3d\" data-element_type=\"widget\" data-e-type=\"widget\" data-widget_type=\"image.default\">\n\t\t\t\t<div class=\"elementor-widget-container\">\n\t\t\t\t\t\t\t\t\t\t\t\t\t\t\t<img decoding=\"async\" width=\"1200\" height=\"900\" src=\"https:\/\/renneritalia.com\/wp-content\/uploads\/2026\/04\/7.webp\" class=\"attachment-full size-full wp-image-123782\" alt=\"\" srcset=\"https:\/\/renneritalia.com\/wp-content\/uploads\/2026\/04\/7.webp 1200w, https:\/\/renneritalia.com\/wp-content\/uploads\/2026\/04\/7-300x225.webp 300w, https:\/\/renneritalia.com\/wp-content\/uploads\/2026\/04\/7-1024x768.webp 1024w, https:\/\/renneritalia.com\/wp-content\/uploads\/2026\/04\/7-768x576.webp 768w\" sizes=\"(max-width: 1200px) 100vw, 1200px\" \/>\t\t\t\t\t\t\t\t\t\t\t\t\t\t\t<\/div>\n\t\t\t\t<\/div>\n\t\t\t\t<div class=\"elementor-element elementor-element-7f12af2 elementor-widget elementor-widget-text-editor\" data-id=\"7f12af2\" data-element_type=\"widget\" data-e-type=\"widget\" data-widget_type=\"text-editor.default\">\n\t\t\t\t<div class=\"elementor-widget-container\">\n\t\t\t\t\t\t\t\t\t<p>Vereinzelt tritt Bambus als widerstandsf\u00e4higes, nachhaltiges Material mit markanter Flechtstruktur auf.<\/p>\t\t\t\t\t\t\t\t<\/div>\n\t\t\t\t<\/div>\n\t\t\t\t<div class=\"elementor-element elementor-element-0d75869 elementor-widget elementor-widget-image\" data-id=\"0d75869\" data-element_type=\"widget\" data-e-type=\"widget\" data-widget_type=\"image.default\">\n\t\t\t\t<div class=\"elementor-widget-container\">\n\t\t\t\t\t\t\t\t\t\t\t\t\t\t\t<img loading=\"lazy\" decoding=\"async\" width=\"1200\" height=\"900\" src=\"https:\/\/renneritalia.com\/wp-content\/uploads\/2026\/04\/8.webp\" class=\"attachment-full size-full wp-image-123787\" alt=\"\" srcset=\"https:\/\/renneritalia.com\/wp-content\/uploads\/2026\/04\/8.webp 1200w, https:\/\/renneritalia.com\/wp-content\/uploads\/2026\/04\/8-300x225.webp 300w, https:\/\/renneritalia.com\/wp-content\/uploads\/2026\/04\/8-1024x768.webp 1024w, https:\/\/renneritalia.com\/wp-content\/uploads\/2026\/04\/8-768x576.webp 768w\" sizes=\"(max-width: 1200px) 100vw, 1200px\" \/>\t\t\t\t\t\t\t\t\t\t\t\t\t\t\t<\/div>\n\t\t\t\t<\/div>\n\t\t\t\t<div class=\"elementor-element elementor-element-665022a elementor-widget elementor-widget-text-editor\" data-id=\"665022a\" data-element_type=\"widget\" data-e-type=\"widget\" data-widget_type=\"text-editor.default\">\n\t\t\t\t<div class=\"elementor-widget-container\">\n\t\t\t\t\t\t\t\t\t<p>Auch im Badezimmer spielt Holz eine zentrale Rolle und r\u00fcckt diesen Raum wieder in den Fokus des Wohnsystems.<\/p>\t\t\t\t\t\t\t\t<\/div>\n\t\t\t\t<\/div>\n\t\t\t\t<div class=\"elementor-element elementor-element-004b90b elementor-widget elementor-widget-image\" data-id=\"004b90b\" data-element_type=\"widget\" data-e-type=\"widget\" data-widget_type=\"image.default\">\n\t\t\t\t<div class=\"elementor-widget-container\">\n\t\t\t\t\t\t\t\t\t\t\t\t\t\t\t<img loading=\"lazy\" decoding=\"async\" width=\"1200\" height=\"900\" src=\"https:\/\/renneritalia.com\/wp-content\/uploads\/2026\/04\/9.webp\" class=\"attachment-full size-full wp-image-123792\" alt=\"\" srcset=\"https:\/\/renneritalia.com\/wp-content\/uploads\/2026\/04\/9.webp 1200w, https:\/\/renneritalia.com\/wp-content\/uploads\/2026\/04\/9-300x225.webp 300w, https:\/\/renneritalia.com\/wp-content\/uploads\/2026\/04\/9-1024x768.webp 1024w, https:\/\/renneritalia.com\/wp-content\/uploads\/2026\/04\/9-768x576.webp 768w\" sizes=\"(max-width: 1200px) 100vw, 1200px\" \/>\t\t\t\t\t\t\t\t\t\t\t\t\t\t\t<\/div>\n\t\t\t\t<\/div>\n\t\t\t\t\t<\/div>\n\t\t\t\t<\/div>\n\t\t<div class=\"has_eae_slider elementor-element elementor-element-3b01524 e-flex e-con-boxed e-con e-parent\" data-eae-slider=\"18639\" data-id=\"3b01524\" data-element_type=\"container\" data-e-type=\"container\" data-settings=\"{&quot;jet_parallax_layout_list&quot;:[]}\">\n\t\t\t\t\t<div class=\"e-con-inner\">\n\t\t\t\t<div class=\"elementor-element elementor-element-58e6983 elementor-widget elementor-widget-heading\" data-id=\"58e6983\" data-element_type=\"widget\" data-e-type=\"widget\" data-widget_type=\"heading.default\">\n\t\t\t\t<div class=\"elementor-widget-container\">\n\t\t\t\t\t<h2 class=\"elementor-heading-title elementor-size-default\">Neocraft: Handwerk als weiterentwickeltes System<\/h2>\t\t\t\t<\/div>\n\t\t\t\t<\/div>\n\t\t\t\t<div class=\"elementor-element elementor-element-2e59568 elementor-widget elementor-widget-text-editor\" data-id=\"2e59568\" data-element_type=\"widget\" data-e-type=\"widget\" data-widget_type=\"text-editor.default\">\n\t\t\t\t<div class=\"elementor-widget-container\">\n\t\t\t\t\t\t\t\t\t<p>Ein zentrales Thema des Salone 2026 ist die Entwicklung des <em>Neocraft<\/em>: eine zeitgen\u00f6ssische Designphilosophie, die traditionelles Handwerk mit fortschrittlicher Technologie verbindet und Imperfektion, Nachhaltigkeit sowie Einzigartigkeit in den Vordergrund stellt.<\/p><p>Neocraft versteht sich als ethische Antwort auf industrielle Standardisierung.<\/p><p>Dieses Konzept durchzieht die gesamte Ausstellung, findet jedoch im Salone Satellite \u2013 dem Bereich f\u00fcr Designer unter 35 \u2013 seine st\u00e4rkste Auspr\u00e4gung. Hier dominieren organische, oft biomorphe Formen: ovale Volumen, kontinuierliche Fl\u00e4chen und Holzstrukturen mit sichtbarer Maserung treten in Dialog mit verchromten oder reflektierenden Elementen. <\/p>\t\t\t\t\t\t\t\t<\/div>\n\t\t\t\t<\/div>\n\t\t\t\t<div class=\"elementor-element elementor-element-8ff1e48 elementor-widget elementor-widget-image\" data-id=\"8ff1e48\" data-element_type=\"widget\" data-e-type=\"widget\" data-widget_type=\"image.default\">\n\t\t\t\t<div class=\"elementor-widget-container\">\n\t\t\t\t\t\t\t\t\t\t\t\t\t\t\t<img loading=\"lazy\" decoding=\"async\" width=\"1200\" height=\"900\" src=\"https:\/\/renneritalia.com\/wp-content\/uploads\/2026\/04\/10.webp\" class=\"attachment-full size-full wp-image-123797\" alt=\"\" srcset=\"https:\/\/renneritalia.com\/wp-content\/uploads\/2026\/04\/10.webp 1200w, https:\/\/renneritalia.com\/wp-content\/uploads\/2026\/04\/10-300x225.webp 300w, https:\/\/renneritalia.com\/wp-content\/uploads\/2026\/04\/10-1024x768.webp 1024w, https:\/\/renneritalia.com\/wp-content\/uploads\/2026\/04\/10-768x576.webp 768w\" sizes=\"(max-width: 1200px) 100vw, 1200px\" \/>\t\t\t\t\t\t\t\t\t\t\t\t\t\t\t<\/div>\n\t\t\t\t<\/div>\n\t\t\t\t<div class=\"elementor-element elementor-element-62e2bc8 elementor-widget elementor-widget-text-editor\" data-id=\"62e2bc8\" data-element_type=\"widget\" data-e-type=\"widget\" data-widget_type=\"text-editor.default\">\n\t\t\t\t<div class=\"elementor-widget-container\">\n\t\t\t\t\t\t\t\t\t<p>Es entsteht kein Gegensatz, sondern eine Koexistenz von Natur und Technik.<\/p>\t\t\t\t\t\t\t\t<\/div>\n\t\t\t\t<\/div>\n\t\t\t\t<div class=\"elementor-element elementor-element-94b70c9 elementor-widget elementor-widget-heading\" data-id=\"94b70c9\" data-element_type=\"widget\" data-e-type=\"widget\" data-widget_type=\"heading.default\">\n\t\t\t\t<div class=\"elementor-widget-container\">\n\t\t\t\t\t<h2 class=\"elementor-heading-title elementor-size-default\">EuroCucina: Technologie tritt zur\u00fcck<\/h2>\t\t\t\t<\/div>\n\t\t\t\t<\/div>\n\t\t\t\t<div class=\"elementor-element elementor-element-ff8bb9e elementor-widget elementor-widget-text-editor\" data-id=\"ff8bb9e\" data-element_type=\"widget\" data-e-type=\"widget\" data-widget_type=\"text-editor.default\">\n\t\t\t\t<div class=\"elementor-widget-container\">\n\t\t\t\t\t\t\t\t\t<p>Im K\u00fcchenbereich zeigt sich ein klarer Trend: Technologie verschwindet nicht \u2013 sie wird unsichtbar.<\/p><p class=\"paragraph\" style=\"vertical-align: baseline;\">Die Oberfl\u00e4chen sind durchgehend, h\u00e4ufig aus Naturstein. \u00d6ffnungssysteme sind integriert. Smart-Home-Technologien sind vorhanden, aber nicht sichtbar inszeniert. Ziel ist es, den Raum zu befreien und flie\u00dfender, wohnlicher zu gestalten. <\/p>\t\t\t\t\t\t\t\t<\/div>\n\t\t\t\t<\/div>\n\t\t\t\t<div class=\"elementor-element elementor-element-c1ec7b0 elementor-widget elementor-widget-image\" data-id=\"c1ec7b0\" data-element_type=\"widget\" data-e-type=\"widget\" data-widget_type=\"image.default\">\n\t\t\t\t<div class=\"elementor-widget-container\">\n\t\t\t\t\t\t\t\t\t\t\t\t\t\t\t<img loading=\"lazy\" decoding=\"async\" width=\"1200\" height=\"900\" src=\"https:\/\/renneritalia.com\/wp-content\/uploads\/2026\/04\/11.webp\" class=\"attachment-full size-full wp-image-123802\" alt=\"\" srcset=\"https:\/\/renneritalia.com\/wp-content\/uploads\/2026\/04\/11.webp 1200w, https:\/\/renneritalia.com\/wp-content\/uploads\/2026\/04\/11-300x225.webp 300w, https:\/\/renneritalia.com\/wp-content\/uploads\/2026\/04\/11-1024x768.webp 1024w, https:\/\/renneritalia.com\/wp-content\/uploads\/2026\/04\/11-768x576.webp 768w\" sizes=\"(max-width: 1200px) 100vw, 1200px\" \/>\t\t\t\t\t\t\t\t\t\t\t\t\t\t\t<\/div>\n\t\t\t\t<\/div>\n\t\t\t\t<div class=\"elementor-element elementor-element-fcf3ee3 elementor-widget elementor-widget-text-editor\" data-id=\"fcf3ee3\" data-element_type=\"widget\" data-e-type=\"widget\" data-widget_type=\"text-editor.default\">\n\t\t\t\t<div class=\"elementor-widget-container\">\n\t\t\t\t\t\t\t\t\t<p>In diesem Kontext \u00fcbernimmt Holz eine Schl\u00fcsselrolle. Es filtert technologische Komplexit\u00e4t und macht sie zug\u00e4nglich, w\u00e4hrend es gleichzeitig eine emotionale Dimension in eine stark technisch gepr\u00e4gte Umgebung einf\u00fchrt.<\/p><p>Ein bewusst reduzierter Minimalismus setzt sich durch: Jedes Element hat eine klare Funktion. Nichts ist \u00fcberfl\u00fcssig. Nichts rein dekorativ.<\/p>\t\t\t\t\t\t\t\t<\/div>\n\t\t\t\t<\/div>\n\t\t\t\t<div class=\"elementor-element elementor-element-ee6dec7 elementor-widget elementor-widget-heading\" data-id=\"ee6dec7\" data-element_type=\"widget\" data-e-type=\"widget\" data-widget_type=\"heading.default\">\n\t\t\t\t<div class=\"elementor-widget-container\">\n\t\t\t\t\t<h2 class=\"elementor-heading-title elementor-size-default\">Farbe: Gleichgewicht zwischen neutraler Basis und starken Akzenten<\/h2>\t\t\t\t<\/div>\n\t\t\t\t<\/div>\n\t\t\t\t<div class=\"elementor-element elementor-element-023dff5 elementor-widget elementor-widget-text-editor\" data-id=\"023dff5\" data-element_type=\"widget\" data-e-type=\"widget\" data-widget_type=\"text-editor.default\">\n\t\t\t\t<div class=\"elementor-widget-container\">\n\t\t\t\t\t\t\t\t\t<p>Die Farbpalette des Salone 2026 basiert auf warmen Neutralfarben: Greige, Creme, Ecru und Seilt\u00f6ne definieren zusammenh\u00e4ngende, elegante R\u00e4ume, die die Materialit\u00e4t hervorheben.<\/p><p>Darauf setzen gezielte, ges\u00e4ttigte Akzente: Burnt Orange, Olivgr\u00fcn, Navyblau, Terrakotta und Luminous Blue dienen als visuelle Ankerpunkte.<\/p>\t\t\t\t\t\t\t\t<\/div>\n\t\t\t\t<\/div>\n\t\t\t\t<div class=\"elementor-element elementor-element-3402cc3 elementor-widget elementor-widget-gallery\" data-id=\"3402cc3\" data-element_type=\"widget\" data-e-type=\"widget\" data-settings=\"{&quot;columns&quot;:2,&quot;aspect_ratio&quot;:&quot;4:3&quot;,&quot;lazyload&quot;:&quot;yes&quot;,&quot;gallery_layout&quot;:&quot;grid&quot;,&quot;columns_tablet&quot;:2,&quot;columns_mobile&quot;:1,&quot;gap&quot;:{&quot;unit&quot;:&quot;px&quot;,&quot;size&quot;:10,&quot;sizes&quot;:[]},&quot;gap_tablet&quot;:{&quot;unit&quot;:&quot;px&quot;,&quot;size&quot;:10,&quot;sizes&quot;:[]},&quot;gap_mobile&quot;:{&quot;unit&quot;:&quot;px&quot;,&quot;size&quot;:10,&quot;sizes&quot;:[]},&quot;link_to&quot;:&quot;file&quot;,&quot;overlay_background&quot;:&quot;yes&quot;,&quot;content_hover_animation&quot;:&quot;fade-in&quot;}\" data-widget_type=\"gallery.default\">\n\t\t\t\t<div class=\"elementor-widget-container\">\n\t\t\t\t\t\t\t<div class=\"elementor-gallery__container\">\n\t\t\t\t\t\t\t<a class=\"e-gallery-item elementor-gallery-item elementor-animated-content\" href=\"https:\/\/renneritalia.com\/wp-content\/uploads\/2026\/04\/13.webp\" data-elementor-open-lightbox=\"yes\" data-elementor-lightbox-slideshow=\"3402cc3\" data-elementor-lightbox-title=\"13\" data-e-action-hash=\"#elementor-action%3Aaction%3Dlightbox%26settings%3DeyJpZCI6MTIzODEyLCJ1cmwiOiJodHRwczpcL1wvcmVubmVyaXRhbGlhLmNvbVwvd3AtY29udGVudFwvdXBsb2Fkc1wvMjAyNlwvMDRcLzEzLndlYnAiLCJzbGlkZXNob3ciOiIzNDAyY2MzIn0%3D\">\n\t\t\t\t\t<div class=\"e-gallery-image elementor-gallery-item__image\" data-thumbnail=\"https:\/\/renneritalia.com\/wp-content\/uploads\/2026\/04\/13.webp\" data-width=\"1200\" data-height=\"900\" aria-label=\"\" role=\"img\" ><\/div>\n\t\t\t\t\t\t\t\t\t\t\t<div class=\"elementor-gallery-item__overlay\"><\/div>\n\t\t\t\t\t\t\t\t\t\t\t\t\t\t<\/a>\n\t\t\t\t\t\t\t<a class=\"e-gallery-item elementor-gallery-item elementor-animated-content\" href=\"https:\/\/renneritalia.com\/wp-content\/uploads\/2026\/04\/12.webp\" data-elementor-open-lightbox=\"yes\" data-elementor-lightbox-slideshow=\"3402cc3\" data-elementor-lightbox-title=\"12\" data-e-action-hash=\"#elementor-action%3Aaction%3Dlightbox%26settings%3DeyJpZCI6MTIzODE3LCJ1cmwiOiJodHRwczpcL1wvcmVubmVyaXRhbGlhLmNvbVwvd3AtY29udGVudFwvdXBsb2Fkc1wvMjAyNlwvMDRcLzEyLndlYnAiLCJzbGlkZXNob3ciOiIzNDAyY2MzIn0%3D\">\n\t\t\t\t\t<div class=\"e-gallery-image elementor-gallery-item__image\" data-thumbnail=\"https:\/\/renneritalia.com\/wp-content\/uploads\/2026\/04\/12.webp\" data-width=\"1200\" data-height=\"900\" aria-label=\"\" role=\"img\" ><\/div>\n\t\t\t\t\t\t\t\t\t\t\t<div class=\"elementor-gallery-item__overlay\"><\/div>\n\t\t\t\t\t\t\t\t\t\t\t\t\t\t<\/a>\n\t\t\t\t\t<\/div>\n\t\t\t\t\t<\/div>\n\t\t\t\t<\/div>\n\t\t\t\t<div class=\"elementor-element elementor-element-af8467f elementor-widget elementor-widget-text-editor\" data-id=\"af8467f\" data-element_type=\"widget\" data-e-type=\"widget\" data-widget_type=\"text-editor.default\">\n\t\t\t\t<div class=\"elementor-widget-container\">\n\t\t\t\t\t\t\t\t\t<p>Farbe strukturiert den Raum. Sie schafft Hierarchien, lenkt den Blick und erzeugt kontrollierte Spannung.<\/p><p>Die Kombinationen basieren auf harmonischen Kontrasten: Terrakotta und Salbeigr\u00fcn, Blau und Burnt Orange. Das Ergebnis bleibt ausgewogen und nie dissonant. <\/p>\t\t\t\t\t\t\t\t<\/div>\n\t\t\t\t<\/div>\n\t\t\t\t<div class=\"elementor-element elementor-element-46b7185 elementor-widget elementor-widget-gallery\" data-id=\"46b7185\" data-element_type=\"widget\" data-e-type=\"widget\" data-settings=\"{&quot;columns&quot;:2,&quot;aspect_ratio&quot;:&quot;4:3&quot;,&quot;lazyload&quot;:&quot;yes&quot;,&quot;gallery_layout&quot;:&quot;grid&quot;,&quot;columns_tablet&quot;:2,&quot;columns_mobile&quot;:1,&quot;gap&quot;:{&quot;unit&quot;:&quot;px&quot;,&quot;size&quot;:10,&quot;sizes&quot;:[]},&quot;gap_tablet&quot;:{&quot;unit&quot;:&quot;px&quot;,&quot;size&quot;:10,&quot;sizes&quot;:[]},&quot;gap_mobile&quot;:{&quot;unit&quot;:&quot;px&quot;,&quot;size&quot;:10,&quot;sizes&quot;:[]},&quot;link_to&quot;:&quot;file&quot;,&quot;overlay_background&quot;:&quot;yes&quot;,&quot;content_hover_animation&quot;:&quot;fade-in&quot;}\" data-widget_type=\"gallery.default\">\n\t\t\t\t<div class=\"elementor-widget-container\">\n\t\t\t\t\t\t\t<div class=\"elementor-gallery__container\">\n\t\t\t\t\t\t\t<a class=\"e-gallery-item elementor-gallery-item elementor-animated-content\" href=\"https:\/\/renneritalia.com\/wp-content\/uploads\/2026\/04\/14.webp\" data-elementor-open-lightbox=\"yes\" data-elementor-lightbox-slideshow=\"46b7185\" data-elementor-lightbox-title=\"14\" data-e-action-hash=\"#elementor-action%3Aaction%3Dlightbox%26settings%3DeyJpZCI6MTIzODIyLCJ1cmwiOiJodHRwczpcL1wvcmVubmVyaXRhbGlhLmNvbVwvd3AtY29udGVudFwvdXBsb2Fkc1wvMjAyNlwvMDRcLzE0LndlYnAiLCJzbGlkZXNob3ciOiI0NmI3MTg1In0%3D\">\n\t\t\t\t\t<div class=\"e-gallery-image elementor-gallery-item__image\" data-thumbnail=\"https:\/\/renneritalia.com\/wp-content\/uploads\/2026\/04\/14.webp\" data-width=\"1200\" data-height=\"900\" aria-label=\"\" role=\"img\" ><\/div>\n\t\t\t\t\t\t\t\t\t\t\t<div class=\"elementor-gallery-item__overlay\"><\/div>\n\t\t\t\t\t\t\t\t\t\t\t\t\t\t<\/a>\n\t\t\t\t\t\t\t<a class=\"e-gallery-item elementor-gallery-item elementor-animated-content\" href=\"https:\/\/renneritalia.com\/wp-content\/uploads\/2026\/04\/16.webp\" data-elementor-open-lightbox=\"yes\" data-elementor-lightbox-slideshow=\"46b7185\" data-elementor-lightbox-title=\"16\" data-e-action-hash=\"#elementor-action%3Aaction%3Dlightbox%26settings%3DeyJpZCI6MTIzODI3LCJ1cmwiOiJodHRwczpcL1wvcmVubmVyaXRhbGlhLmNvbVwvd3AtY29udGVudFwvdXBsb2Fkc1wvMjAyNlwvMDRcLzE2LndlYnAiLCJzbGlkZXNob3ciOiI0NmI3MTg1In0%3D\">\n\t\t\t\t\t<div class=\"e-gallery-image elementor-gallery-item__image\" data-thumbnail=\"https:\/\/renneritalia.com\/wp-content\/uploads\/2026\/04\/16.webp\" data-width=\"1200\" data-height=\"900\" aria-label=\"\" role=\"img\" ><\/div>\n\t\t\t\t\t\t\t\t\t\t\t<div class=\"elementor-gallery-item__overlay\"><\/div>\n\t\t\t\t\t\t\t\t\t\t\t\t\t\t<\/a>\n\t\t\t\t\t<\/div>\n\t\t\t\t\t<\/div>\n\t\t\t\t<\/div>\n\t\t\t\t<div class=\"elementor-element elementor-element-2a215bf elementor-widget elementor-widget-text-editor\" data-id=\"2a215bf\" data-element_type=\"widget\" data-e-type=\"widget\" data-widget_type=\"text-editor.default\">\n\t\t\t\t<div class=\"elementor-widget-container\">\n\t\t\t\t\t\t\t\t\t<p>Aus Sicht der Oberfl\u00e4chen erfordert dies eine differenziertere Steuerung von Deckkraft, Farbtiefe und Glanzgrad \u2013 Parameter, die zu gestalterischen Werkzeugen werden.<\/p>\t\t\t\t\t\t\t\t<\/div>\n\t\t\t\t<\/div>\n\t\t\t\t<div class=\"elementor-element elementor-element-f55d749 elementor-widget elementor-widget-image\" data-id=\"f55d749\" data-element_type=\"widget\" data-e-type=\"widget\" data-widget_type=\"image.default\">\n\t\t\t\t<div class=\"elementor-widget-container\">\n\t\t\t\t\t\t\t\t\t\t\t\t<figure class=\"wp-caption\">\n\t\t\t\t\t\t\t\t\t\t\t<a href=\"https:\/\/renneritalia.com\/wp-content\/uploads\/2026\/04\/Mappa-dei-colori-laccati.webp\" data-elementor-open-lightbox=\"yes\" data-elementor-lightbox-title=\"Mappa dei colori laccati\" data-e-action-hash=\"#elementor-action%3Aaction%3Dlightbox%26settings%3DeyJpZCI6MTIzOTU4LCJ1cmwiOiJodHRwczpcL1wvcmVubmVyaXRhbGlhLmNvbVwvd3AtY29udGVudFwvdXBsb2Fkc1wvMjAyNlwvMDRcL01hcHBhLWRlaS1jb2xvcmktbGFjY2F0aS53ZWJwIn0%3D\">\n\t\t\t\t\t\t\t<img loading=\"lazy\" decoding=\"async\" width=\"1448\" height=\"1086\" src=\"https:\/\/renneritalia.com\/wp-content\/uploads\/2026\/04\/Mappa-dei-colori-laccati.webp\" class=\"attachment-full size-full wp-image-123958\" alt=\"\" srcset=\"https:\/\/renneritalia.com\/wp-content\/uploads\/2026\/04\/Mappa-dei-colori-laccati.webp 1448w, https:\/\/renneritalia.com\/wp-content\/uploads\/2026\/04\/Mappa-dei-colori-laccati-300x225.webp 300w, https:\/\/renneritalia.com\/wp-content\/uploads\/2026\/04\/Mappa-dei-colori-laccati-1024x768.webp 1024w, https:\/\/renneritalia.com\/wp-content\/uploads\/2026\/04\/Mappa-dei-colori-laccati-768x576.webp 768w\" sizes=\"(max-width: 1448px) 100vw, 1448px\" \/>\t\t\t\t\t\t\t\t<\/a>\n\t\t\t\t\t\t\t\t\t\t\t<figcaption class=\"widget-image-caption wp-caption-text\">Farbkarte f\u00fcr Lackfarben<\/figcaption>\n\t\t\t\t\t\t\t\t\t\t<\/figure>\n\t\t\t\t\t\t\t\t\t<\/div>\n\t\t\t\t<\/div>\n\t\t\t\t<div class=\"elementor-element elementor-element-614fda2 elementor-widget elementor-widget-image\" data-id=\"614fda2\" data-element_type=\"widget\" data-e-type=\"widget\" data-widget_type=\"image.default\">\n\t\t\t\t<div class=\"elementor-widget-container\">\n\t\t\t\t\t\t\t\t\t\t\t\t<figure class=\"wp-caption\">\n\t\t\t\t\t\t\t\t\t\t<img loading=\"lazy\" decoding=\"async\" width=\"1448\" height=\"1086\" src=\"https:\/\/renneritalia.com\/wp-content\/uploads\/2026\/04\/Mappa-dei-colori-mordenzati.webp\" class=\"attachment-full size-full wp-image-123963\" alt=\"\" srcset=\"https:\/\/renneritalia.com\/wp-content\/uploads\/2026\/04\/Mappa-dei-colori-mordenzati.webp 1448w, https:\/\/renneritalia.com\/wp-content\/uploads\/2026\/04\/Mappa-dei-colori-mordenzati-300x225.webp 300w, https:\/\/renneritalia.com\/wp-content\/uploads\/2026\/04\/Mappa-dei-colori-mordenzati-1024x768.webp 1024w, https:\/\/renneritalia.com\/wp-content\/uploads\/2026\/04\/Mappa-dei-colori-mordenzati-768x576.webp 768w\" sizes=\"(max-width: 1448px) 100vw, 1448px\" \/>\t\t\t\t\t\t\t\t\t\t\t<figcaption class=\"widget-image-caption wp-caption-text\">Farbkarte f\u00fcr Beizfarben<\/figcaption>\n\t\t\t\t\t\t\t\t\t\t<\/figure>\n\t\t\t\t\t\t\t\t\t<\/div>\n\t\t\t\t<\/div>\n\t\t\t\t<div class=\"elementor-element elementor-element-83f3da9 elementor-widget elementor-widget-heading\" data-id=\"83f3da9\" data-element_type=\"widget\" data-e-type=\"widget\" data-widget_type=\"heading.default\">\n\t\t\t\t<div class=\"elementor-widget-container\">\n\t\t\t\t\t<h2 class=\"elementor-heading-title elementor-size-default\">Innen und Au\u00dfen: ein durchg\u00e4ngiges System<\/h2>\t\t\t\t<\/div>\n\t\t\t\t<\/div>\n\t\t\t\t<div class=\"elementor-element elementor-element-ff44dfb elementor-widget elementor-widget-text-editor\" data-id=\"ff44dfb\" data-element_type=\"widget\" data-e-type=\"widget\" data-widget_type=\"text-editor.default\">\n\t\t\t\t<div class=\"elementor-widget-container\">\n\t\t\t\t\t\t\t\t\t<p>2026 markiert das endg\u00fcltige Aufl\u00f6sen der Grenze zwischen Innen- und Au\u00dfenraum. Es geht nicht mehr um Dialog, sondern um Kontinuit\u00e4t.<\/p><p>Gestaltungssprachen sind konsistent, Materialien kompatibel, Farbpaletten abgestimmt. Au\u00dfenr\u00e4ume \u00fcbernehmen weiche Formen, haptische Oberfl\u00e4chen und nat\u00fcrliche Farben. Der Au\u00dfenbereich wird zur Erweiterung des Wohnraums.<\/p><p class=\"paragraph\" style=\"vertical-align: baseline;\">Stilistisch gewinnen maritime Einfl\u00fcsse und handwerkliche Anmutung an Bedeutung. <\/p>\t\t\t\t\t\t\t\t<\/div>\n\t\t\t\t<\/div>\n\t\t\t\t<div class=\"elementor-element elementor-element-cb998d3 elementor-widget elementor-widget-image\" data-id=\"cb998d3\" data-element_type=\"widget\" data-e-type=\"widget\" data-widget_type=\"image.default\">\n\t\t\t\t<div class=\"elementor-widget-container\">\n\t\t\t\t\t\t\t\t\t\t\t\t\t\t\t<img loading=\"lazy\" decoding=\"async\" width=\"1200\" height=\"900\" src=\"https:\/\/renneritalia.com\/wp-content\/uploads\/2026\/04\/15.webp\" class=\"attachment-full size-full wp-image-123832\" alt=\"\" srcset=\"https:\/\/renneritalia.com\/wp-content\/uploads\/2026\/04\/15.webp 1200w, https:\/\/renneritalia.com\/wp-content\/uploads\/2026\/04\/15-300x225.webp 300w, https:\/\/renneritalia.com\/wp-content\/uploads\/2026\/04\/15-1024x768.webp 1024w, https:\/\/renneritalia.com\/wp-content\/uploads\/2026\/04\/15-768x576.webp 768w\" sizes=\"(max-width: 1200px) 100vw, 1200px\" \/>\t\t\t\t\t\t\t\t\t\t\t\t\t\t\t<\/div>\n\t\t\t\t<\/div>\n\t\t\t\t<div class=\"elementor-element elementor-element-a860989 elementor-widget elementor-widget-heading\" data-id=\"a860989\" data-element_type=\"widget\" data-e-type=\"widget\" data-widget_type=\"heading.default\">\n\t\t\t\t<div class=\"elementor-widget-container\">\n\t\t\t\t\t<h2 class=\"elementor-heading-title elementor-size-default\">Zahlen best\u00e4tigen die Rolle des Salone<\/h2>\t\t\t\t<\/div>\n\t\t\t\t<\/div>\n\t\t\t\t<div class=\"elementor-element elementor-element-110a349 elementor-widget elementor-widget-text-editor\" data-id=\"110a349\" data-element_type=\"widget\" data-e-type=\"widget\" data-widget_type=\"text-editor.default\">\n\t\t\t\t<div class=\"elementor-widget-container\">\n\t\t\t\t\t\t\t\t\t<p>Mit \u00fcber 316.000 Besuchern und einem stabilen internationalen Anteil von 68 % best\u00e4tigt die Ausgabe 2026 den Salone di Milano als zentrale Plattform f\u00fcr die Verbindung von Industrie, Design und Markt.<\/p><p>In sechs Tagen entstand ein hochverdichtetes Netzwerk, das 1.900 Marken mit einer globalen Wertsch\u00f6pfungskette aus Eink\u00e4ufern, Investoren, Planern und Medien verkn\u00fcpfte.<\/p><p>Auff\u00e4llig ist die geografische Neuverteilung der Nachfrage: Neben der starken europ\u00e4ischen Pr\u00e4senz gewinnen au\u00dfereurop\u00e4ische M\u00e4rkte zunehmend an Dynamik, darunter die USA, das Vereinigte K\u00f6nigreich, Kanada, Mexiko, Brasilien und S\u00fcdkorea.<\/p><p>In diesem Kontext bleiben Bereiche wie Bad und K\u00fcche zentrale Knotenpunkte, an denen technologische Innovation und industrielle Qualit\u00e4t auf sich wandelnde Lebensstile treffen.<\/p><p>Der Salone 2026 zeigt damit eine Branche, die reaktionsf\u00e4hig, wettbewerbsstark und zunehmend vernetzt ist.<\/p>\t\t\t\t\t\t\t\t<\/div>\n\t\t\t\t<\/div>\n\t\t\t\t<div class=\"elementor-element elementor-element-5bd5999 elementor-alert-info elementor-widget elementor-widget-alert\" data-id=\"5bd5999\" data-element_type=\"widget\" data-e-type=\"widget\" data-widget_type=\"alert.default\">\n\t\t\t\t<div class=\"elementor-widget-container\">\n\t\t\t\t\t\t\t<div class=\"elementor-alert\" role=\"alert\">\n\n\t\t\t\n\t\t\t\t\t\t<span class=\"elementor-alert-description\">Die Bilder dieser Reportage wurden mit KI erstellt<\/span>\n\t\t\t\n\t\t\t\n\t\t<\/div>\n\t\t\t\t\t\t<\/div>\n\t\t\t\t<\/div>\n\t\t\t\t\t<\/div>\n\t\t\t\t<\/div>\n\t\t\t\t<\/div>\n\t\t","protected":false},"excerpt":{"rendered":"<p>Der Salone 2026 markiert einen Paradigmenwechsel: Design kehrt zur Materie zur\u00fcck\u2014zu ihrer Authentizit\u00e4t und ihrer F\u00e4higkeit, Wert zu schaffen. Unvollkommene Oberfl\u00e4chen, nat\u00fcrliche H\u00f6lzer und differenzierte Farbpaletten zeigen ein neues Gleichgewicht zwischen Technologie und menschlicher Dimension. In diesem Kontext entwickeln sich Beschichtungen vom reinen Schutzmittel zu einem gestalterischen Instrument, das interpretiert und aufwertet.<\/p>\n","protected":false},"author":7,"featured_media":123912,"comment_status":"closed","ping_status":"closed","sticky":false,"template":"","format":"standard","meta":{"footnotes":""},"categories":[1],"tags":[],"class_list":["post-123867","post","type-post","status-publish","format-standard","has-post-thumbnail","hentry","category-renner-blog"],"yoast_head":"<!-- This site is optimized with the Yoast SEO plugin v27.5 - https:\/\/yoast.com\/product\/yoast-seo-wordpress\/ -->\n<title>Salone 2026: Design kehrt zum Realen zur\u00fcck \u2013 Materialien, Imperfektionen und Farb-Hierarchien - Renner Italia<\/title>\n<meta name=\"robots\" content=\"index, follow, max-snippet:-1, max-image-preview:large, max-video-preview:-1\" \/>\n<link rel=\"canonical\" href=\"https:\/\/renneritalia.com\/salone-2026-il-design-torna-reale-materiali-imperfezioni-e-gerarchie-del-colore\/\" \/>\n<meta property=\"og:locale\" content=\"de_DE\" \/>\n<meta property=\"og:type\" content=\"article\" \/>\n<meta property=\"og:title\" content=\"Salone 2026: Design kehrt zum Realen zur\u00fcck \u2013 Materialien, Imperfektionen und Farb-Hierarchien - Renner Italia\" \/>\n<meta property=\"og:description\" content=\"Der Salone 2026 markiert einen Paradigmenwechsel: Design kehrt zur Materie zur\u00fcck\u2014zu ihrer Authentizit\u00e4t und ihrer F\u00e4higkeit, Wert zu schaffen. Unvollkommene Oberfl\u00e4chen, nat\u00fcrliche H\u00f6lzer und differenzierte Farbpaletten zeigen ein neues Gleichgewicht zwischen Technologie und menschlicher Dimension. In diesem Kontext entwickeln sich Beschichtungen vom reinen Schutzmittel zu einem gestalterischen Instrument, das interpretiert und aufwertet.\" \/>\n<meta property=\"og:url\" content=\"https:\/\/renneritalia.com\/salone-2026-il-design-torna-reale-materiali-imperfezioni-e-gerarchie-del-colore\/\" \/>\n<meta property=\"og:site_name\" content=\"Renner Italia\" \/>\n<meta property=\"article:published_time\" content=\"2026-04-28T08:03:02+00:00\" \/>\n<meta property=\"article:modified_time\" content=\"2026-04-28T14:09:58+00:00\" \/>\n<meta property=\"og:image\" content=\"https:\/\/renneritalia.com\/wp-content\/uploads\/2026\/04\/salone26.webp\" \/>\n\t<meta property=\"og:image:width\" content=\"1200\" \/>\n\t<meta property=\"og:image:height\" content=\"900\" \/>\n\t<meta property=\"og:image:type\" content=\"image\/webp\" \/>\n<meta name=\"author\" content=\"Developer\" \/>\n<meta name=\"twitter:card\" content=\"summary_large_image\" \/>\n<meta name=\"twitter:label1\" content=\"Verfasst von\" \/>\n\t<meta name=\"twitter:data1\" content=\"Developer\" \/>\n\t<meta name=\"twitter:label2\" content=\"Gesch\u00e4tzte Lesezeit\" \/>\n\t<meta name=\"twitter:data2\" content=\"8\u00a0Minuten\" \/>\n<script type=\"application\/ld+json\" class=\"yoast-schema-graph\">{\"@context\":\"https:\\\/\\\/schema.org\",\"@graph\":[{\"@type\":\"Article\",\"@id\":\"https:\\\/\\\/renneritalia.com\\\/salone-2026-il-design-torna-reale-materiali-imperfezioni-e-gerarchie-del-colore\\\/#article\",\"isPartOf\":{\"@id\":\"https:\\\/\\\/renneritalia.com\\\/salone-2026-il-design-torna-reale-materiali-imperfezioni-e-gerarchie-del-colore\\\/\"},\"author\":{\"name\":\"Developer\",\"@id\":\"https:\\\/\\\/renneritalia.com\\\/#\\\/schema\\\/person\\\/2b55983c242bb8bca0fc96b0953ee07a\"},\"headline\":\"Salone 2026: Design kehrt zum Realen zur\u00fcck \u2013 Materialien, Imperfektionen und Farb-Hierarchien\",\"datePublished\":\"2026-04-28T08:03:02+00:00\",\"dateModified\":\"2026-04-28T14:09:58+00:00\",\"mainEntityOfPage\":{\"@id\":\"https:\\\/\\\/renneritalia.com\\\/salone-2026-il-design-torna-reale-materiali-imperfezioni-e-gerarchie-del-colore\\\/\"},\"wordCount\":1096,\"publisher\":{\"@id\":\"https:\\\/\\\/renneritalia.com\\\/#organization\"},\"image\":{\"@id\":\"https:\\\/\\\/renneritalia.com\\\/salone-2026-il-design-torna-reale-materiali-imperfezioni-e-gerarchie-del-colore\\\/#primaryimage\"},\"thumbnailUrl\":\"https:\\\/\\\/renneritalia.com\\\/wp-content\\\/uploads\\\/2026\\\/04\\\/salone26.webp\",\"articleSection\":[\"Renner Blog\"],\"inLanguage\":\"de\"},{\"@type\":\"WebPage\",\"@id\":\"https:\\\/\\\/renneritalia.com\\\/salone-2026-il-design-torna-reale-materiali-imperfezioni-e-gerarchie-del-colore\\\/\",\"url\":\"https:\\\/\\\/renneritalia.com\\\/salone-2026-il-design-torna-reale-materiali-imperfezioni-e-gerarchie-del-colore\\\/\",\"name\":\"Salone 2026: Design kehrt zum Realen zur\u00fcck \u2013 Materialien, Imperfektionen und Farb-Hierarchien - Renner Italia\",\"isPartOf\":{\"@id\":\"https:\\\/\\\/renneritalia.com\\\/#website\"},\"primaryImageOfPage\":{\"@id\":\"https:\\\/\\\/renneritalia.com\\\/salone-2026-il-design-torna-reale-materiali-imperfezioni-e-gerarchie-del-colore\\\/#primaryimage\"},\"image\":{\"@id\":\"https:\\\/\\\/renneritalia.com\\\/salone-2026-il-design-torna-reale-materiali-imperfezioni-e-gerarchie-del-colore\\\/#primaryimage\"},\"thumbnailUrl\":\"https:\\\/\\\/renneritalia.com\\\/wp-content\\\/uploads\\\/2026\\\/04\\\/salone26.webp\",\"datePublished\":\"2026-04-28T08:03:02+00:00\",\"dateModified\":\"2026-04-28T14:09:58+00:00\",\"breadcrumb\":{\"@id\":\"https:\\\/\\\/renneritalia.com\\\/salone-2026-il-design-torna-reale-materiali-imperfezioni-e-gerarchie-del-colore\\\/#breadcrumb\"},\"inLanguage\":\"de\",\"potentialAction\":[{\"@type\":\"ReadAction\",\"target\":[\"https:\\\/\\\/renneritalia.com\\\/salone-2026-il-design-torna-reale-materiali-imperfezioni-e-gerarchie-del-colore\\\/\"]}]},{\"@type\":\"ImageObject\",\"inLanguage\":\"de\",\"@id\":\"https:\\\/\\\/renneritalia.com\\\/salone-2026-il-design-torna-reale-materiali-imperfezioni-e-gerarchie-del-colore\\\/#primaryimage\",\"url\":\"https:\\\/\\\/renneritalia.com\\\/wp-content\\\/uploads\\\/2026\\\/04\\\/salone26.webp\",\"contentUrl\":\"https:\\\/\\\/renneritalia.com\\\/wp-content\\\/uploads\\\/2026\\\/04\\\/salone26.webp\",\"width\":1200,\"height\":900},{\"@type\":\"BreadcrumbList\",\"@id\":\"https:\\\/\\\/renneritalia.com\\\/salone-2026-il-design-torna-reale-materiali-imperfezioni-e-gerarchie-del-colore\\\/#breadcrumb\",\"itemListElement\":[{\"@type\":\"ListItem\",\"position\":1,\"name\":\"Home\",\"item\":\"https:\\\/\\\/renneritalia.com\\\/de\\\/\"},{\"@type\":\"ListItem\",\"position\":2,\"name\":\"Salone 2026: Design kehrt zum Realen zur\u00fcck \u2013 Materialien, Imperfektionen und Farb-Hierarchien\"}]},{\"@type\":\"WebSite\",\"@id\":\"https:\\\/\\\/renneritalia.com\\\/#website\",\"url\":\"https:\\\/\\\/renneritalia.com\\\/\",\"name\":\"Renner Italia\",\"description\":\"Coatings\",\"publisher\":{\"@id\":\"https:\\\/\\\/renneritalia.com\\\/#organization\"},\"potentialAction\":[{\"@type\":\"SearchAction\",\"target\":{\"@type\":\"EntryPoint\",\"urlTemplate\":\"https:\\\/\\\/renneritalia.com\\\/?s={search_term_string}\"},\"query-input\":{\"@type\":\"PropertyValueSpecification\",\"valueRequired\":true,\"valueName\":\"search_term_string\"}}],\"inLanguage\":\"de\"},{\"@type\":\"Organization\",\"@id\":\"https:\\\/\\\/renneritalia.com\\\/#organization\",\"name\":\"Renner Italia\",\"url\":\"https:\\\/\\\/renneritalia.com\\\/\",\"logo\":{\"@type\":\"ImageObject\",\"inLanguage\":\"de\",\"@id\":\"https:\\\/\\\/renneritalia.com\\\/#\\\/schema\\\/logo\\\/image\\\/\",\"url\":\"https:\\\/\\\/renneritalia.com\\\/wp-content\\\/uploads\\\/2025\\\/03\\\/logo_renner_italia.svg\",\"contentUrl\":\"https:\\\/\\\/renneritalia.com\\\/wp-content\\\/uploads\\\/2025\\\/03\\\/logo_renner_italia.svg\",\"caption\":\"Renner Italia\"},\"image\":{\"@id\":\"https:\\\/\\\/renneritalia.com\\\/#\\\/schema\\\/logo\\\/image\\\/\"}},{\"@type\":\"Person\",\"@id\":\"https:\\\/\\\/renneritalia.com\\\/#\\\/schema\\\/person\\\/2b55983c242bb8bca0fc96b0953ee07a\",\"name\":\"Developer\",\"image\":{\"@type\":\"ImageObject\",\"inLanguage\":\"de\",\"@id\":\"https:\\\/\\\/secure.gravatar.com\\\/avatar\\\/75827445886b10456c49d0746eecca232159a239bd272d6e522b9ff49457f88d?s=96&d=mm&r=g\",\"url\":\"https:\\\/\\\/secure.gravatar.com\\\/avatar\\\/75827445886b10456c49d0746eecca232159a239bd272d6e522b9ff49457f88d?s=96&d=mm&r=g\",\"contentUrl\":\"https:\\\/\\\/secure.gravatar.com\\\/avatar\\\/75827445886b10456c49d0746eecca232159a239bd272d6e522b9ff49457f88d?s=96&d=mm&r=g\",\"caption\":\"Developer\"},\"url\":\"https:\\\/\\\/renneritalia.com\\\/de\\\/author\\\/marco-ruisi\\\/\"}]}<\/script>\n<!-- \/ Yoast SEO plugin. -->","yoast_head_json":{"title":"Salone 2026: Design kehrt zum Realen zur\u00fcck \u2013 Materialien, Imperfektionen und Farb-Hierarchien - Renner Italia","robots":{"index":"index","follow":"follow","max-snippet":"max-snippet:-1","max-image-preview":"max-image-preview:large","max-video-preview":"max-video-preview:-1"},"canonical":"https:\/\/renneritalia.com\/salone-2026-il-design-torna-reale-materiali-imperfezioni-e-gerarchie-del-colore\/","og_locale":"de_DE","og_type":"article","og_title":"Salone 2026: Design kehrt zum Realen zur\u00fcck \u2013 Materialien, Imperfektionen und Farb-Hierarchien - Renner Italia","og_description":"Der Salone 2026 markiert einen Paradigmenwechsel: Design kehrt zur Materie zur\u00fcck\u2014zu ihrer Authentizit\u00e4t und ihrer F\u00e4higkeit, Wert zu schaffen. Unvollkommene Oberfl\u00e4chen, nat\u00fcrliche H\u00f6lzer und differenzierte Farbpaletten zeigen ein neues Gleichgewicht zwischen Technologie und menschlicher Dimension. In diesem Kontext entwickeln sich Beschichtungen vom reinen Schutzmittel zu einem gestalterischen Instrument, das interpretiert und aufwertet.","og_url":"https:\/\/renneritalia.com\/salone-2026-il-design-torna-reale-materiali-imperfezioni-e-gerarchie-del-colore\/","og_site_name":"Renner Italia","article_published_time":"2026-04-28T08:03:02+00:00","article_modified_time":"2026-04-28T14:09:58+00:00","og_image":[{"width":1200,"height":900,"url":"https:\/\/renneritalia.com\/wp-content\/uploads\/2026\/04\/salone26.webp","type":"image\/webp"}],"author":"Developer","twitter_card":"summary_large_image","twitter_misc":{"Verfasst von":"Developer","Gesch\u00e4tzte Lesezeit":"8\u00a0Minuten"},"schema":{"@context":"https:\/\/schema.org","@graph":[{"@type":"Article","@id":"https:\/\/renneritalia.com\/salone-2026-il-design-torna-reale-materiali-imperfezioni-e-gerarchie-del-colore\/#article","isPartOf":{"@id":"https:\/\/renneritalia.com\/salone-2026-il-design-torna-reale-materiali-imperfezioni-e-gerarchie-del-colore\/"},"author":{"name":"Developer","@id":"https:\/\/renneritalia.com\/#\/schema\/person\/2b55983c242bb8bca0fc96b0953ee07a"},"headline":"Salone 2026: Design kehrt zum Realen zur\u00fcck \u2013 Materialien, Imperfektionen und Farb-Hierarchien","datePublished":"2026-04-28T08:03:02+00:00","dateModified":"2026-04-28T14:09:58+00:00","mainEntityOfPage":{"@id":"https:\/\/renneritalia.com\/salone-2026-il-design-torna-reale-materiali-imperfezioni-e-gerarchie-del-colore\/"},"wordCount":1096,"publisher":{"@id":"https:\/\/renneritalia.com\/#organization"},"image":{"@id":"https:\/\/renneritalia.com\/salone-2026-il-design-torna-reale-materiali-imperfezioni-e-gerarchie-del-colore\/#primaryimage"},"thumbnailUrl":"https:\/\/renneritalia.com\/wp-content\/uploads\/2026\/04\/salone26.webp","articleSection":["Renner Blog"],"inLanguage":"de"},{"@type":"WebPage","@id":"https:\/\/renneritalia.com\/salone-2026-il-design-torna-reale-materiali-imperfezioni-e-gerarchie-del-colore\/","url":"https:\/\/renneritalia.com\/salone-2026-il-design-torna-reale-materiali-imperfezioni-e-gerarchie-del-colore\/","name":"Salone 2026: Design kehrt zum Realen zur\u00fcck \u2013 Materialien, Imperfektionen und Farb-Hierarchien - Renner Italia","isPartOf":{"@id":"https:\/\/renneritalia.com\/#website"},"primaryImageOfPage":{"@id":"https:\/\/renneritalia.com\/salone-2026-il-design-torna-reale-materiali-imperfezioni-e-gerarchie-del-colore\/#primaryimage"},"image":{"@id":"https:\/\/renneritalia.com\/salone-2026-il-design-torna-reale-materiali-imperfezioni-e-gerarchie-del-colore\/#primaryimage"},"thumbnailUrl":"https:\/\/renneritalia.com\/wp-content\/uploads\/2026\/04\/salone26.webp","datePublished":"2026-04-28T08:03:02+00:00","dateModified":"2026-04-28T14:09:58+00:00","breadcrumb":{"@id":"https:\/\/renneritalia.com\/salone-2026-il-design-torna-reale-materiali-imperfezioni-e-gerarchie-del-colore\/#breadcrumb"},"inLanguage":"de","potentialAction":[{"@type":"ReadAction","target":["https:\/\/renneritalia.com\/salone-2026-il-design-torna-reale-materiali-imperfezioni-e-gerarchie-del-colore\/"]}]},{"@type":"ImageObject","inLanguage":"de","@id":"https:\/\/renneritalia.com\/salone-2026-il-design-torna-reale-materiali-imperfezioni-e-gerarchie-del-colore\/#primaryimage","url":"https:\/\/renneritalia.com\/wp-content\/uploads\/2026\/04\/salone26.webp","contentUrl":"https:\/\/renneritalia.com\/wp-content\/uploads\/2026\/04\/salone26.webp","width":1200,"height":900},{"@type":"BreadcrumbList","@id":"https:\/\/renneritalia.com\/salone-2026-il-design-torna-reale-materiali-imperfezioni-e-gerarchie-del-colore\/#breadcrumb","itemListElement":[{"@type":"ListItem","position":1,"name":"Home","item":"https:\/\/renneritalia.com\/de\/"},{"@type":"ListItem","position":2,"name":"Salone 2026: Design kehrt zum Realen zur\u00fcck \u2013 Materialien, Imperfektionen und Farb-Hierarchien"}]},{"@type":"WebSite","@id":"https:\/\/renneritalia.com\/#website","url":"https:\/\/renneritalia.com\/","name":"Renner Italia","description":"Coatings","publisher":{"@id":"https:\/\/renneritalia.com\/#organization"},"potentialAction":[{"@type":"SearchAction","target":{"@type":"EntryPoint","urlTemplate":"https:\/\/renneritalia.com\/?s={search_term_string}"},"query-input":{"@type":"PropertyValueSpecification","valueRequired":true,"valueName":"search_term_string"}}],"inLanguage":"de"},{"@type":"Organization","@id":"https:\/\/renneritalia.com\/#organization","name":"Renner Italia","url":"https:\/\/renneritalia.com\/","logo":{"@type":"ImageObject","inLanguage":"de","@id":"https:\/\/renneritalia.com\/#\/schema\/logo\/image\/","url":"https:\/\/renneritalia.com\/wp-content\/uploads\/2025\/03\/logo_renner_italia.svg","contentUrl":"https:\/\/renneritalia.com\/wp-content\/uploads\/2025\/03\/logo_renner_italia.svg","caption":"Renner Italia"},"image":{"@id":"https:\/\/renneritalia.com\/#\/schema\/logo\/image\/"}},{"@type":"Person","@id":"https:\/\/renneritalia.com\/#\/schema\/person\/2b55983c242bb8bca0fc96b0953ee07a","name":"Developer","image":{"@type":"ImageObject","inLanguage":"de","@id":"https:\/\/secure.gravatar.com\/avatar\/75827445886b10456c49d0746eecca232159a239bd272d6e522b9ff49457f88d?s=96&d=mm&r=g","url":"https:\/\/secure.gravatar.com\/avatar\/75827445886b10456c49d0746eecca232159a239bd272d6e522b9ff49457f88d?s=96&d=mm&r=g","contentUrl":"https:\/\/secure.gravatar.com\/avatar\/75827445886b10456c49d0746eecca232159a239bd272d6e522b9ff49457f88d?s=96&d=mm&r=g","caption":"Developer"},"url":"https:\/\/renneritalia.com\/de\/author\/marco-ruisi\/"}]}},"_links":{"self":[{"href":"https:\/\/renneritalia.com\/de\/wp-json\/wp\/v2\/posts\/123867","targetHints":{"allow":["GET"]}}],"collection":[{"href":"https:\/\/renneritalia.com\/de\/wp-json\/wp\/v2\/posts"}],"about":[{"href":"https:\/\/renneritalia.com\/de\/wp-json\/wp\/v2\/types\/post"}],"author":[{"embeddable":true,"href":"https:\/\/renneritalia.com\/de\/wp-json\/wp\/v2\/users\/7"}],"replies":[{"embeddable":true,"href":"https:\/\/renneritalia.com\/de\/wp-json\/wp\/v2\/comments?post=123867"}],"version-history":[{"count":27,"href":"https:\/\/renneritalia.com\/de\/wp-json\/wp\/v2\/posts\/123867\/revisions"}],"predecessor-version":[{"id":123970,"href":"https:\/\/renneritalia.com\/de\/wp-json\/wp\/v2\/posts\/123867\/revisions\/123970"}],"wp:featuredmedia":[{"embeddable":true,"href":"https:\/\/renneritalia.com\/de\/wp-json\/wp\/v2\/media\/123912"}],"wp:attachment":[{"href":"https:\/\/renneritalia.com\/de\/wp-json\/wp\/v2\/media?parent=123867"}],"wp:term":[{"taxonomy":"category","embeddable":true,"href":"https:\/\/renneritalia.com\/de\/wp-json\/wp\/v2\/categories?post=123867"},{"taxonomy":"post_tag","embeddable":true,"href":"https:\/\/renneritalia.com\/de\/wp-json\/wp\/v2\/tags?post=123867"}],"curies":[{"name":"wp","href":"https:\/\/api.w.org\/{rel}","templated":true}]}}